{"id":96,"date":"2021-01-04T15:00:45","date_gmt":"2021-01-04T20:00:45","guid":{"rendered":"http:\/\/icilavallaurentides.com\/?p=96"},"modified":"2022-06-27T12:10:16","modified_gmt":"2022-06-27T16:10:16","slug":"bye-bye-2020-edition-laval-ouest","status":"publish","type":"post","link":"https:\/\/vaillancourtea.com\/en\/ici-laval-laurentides\/bye-bye-2020-edition-laval-ouest\/","title":{"rendered":"Bye Bye 2020 &#8211; \u00c9dition Laval-Ouest"},"content":{"rendered":"\n<p>Voici le cahier qui a \u00e9t\u00e9 post\u00e9 au quartier de Laval-Ouest en d\u00e9cembre 2020 pour souligner tout ce qui \u00e9t\u00e9 notable dans l&#8217;ann\u00e9e:<\/p>\n\n\n\n<figure class=\"wp-block-image size-large\"><img loading=\"lazy\" decoding=\"async\" width=\"673\" height=\"1024\" src=\"https:\/\/vaillancourtea.com\/files\/2021\/01\/Cahier2020PDFSmall_page-00011-673x1024.jpg\" alt=\"\" class=\"wp-image-97\" srcset=\"https:\/\/vaillancourtea.com\/files\/2021\/01\/Cahier2020PDFSmall_page-00011-673x1024.jpg 673w, https:\/\/vaillancourtea.com\/files\/2021\/01\/Cahier2020PDFSmall_page-00011-197x300.jpg 197w, https:\/\/vaillancourtea.com\/files\/2021\/01\/Cahier2020PDFSmall_page-00011-768x1168.jpg 768w, https:\/\/vaillancourtea.com\/files\/2021\/01\/Cahier2020PDFSmall_page-00011.jpg 863w\" sizes=\"auto, (max-width: 673px) 100vw, 673px\" \/><\/figure>\n\n\n\n<figure class=\"wp-block-image size-large\"><img decoding=\"async\" src=\"https:\/\/vaillancourtea.com\/files\/2021\/01\/Cahier2020PDFSmall_page-00021-673x1024.jpg\" alt=\"\" class=\"wp-image-98\" \/><\/figure>\n\n\n\n<figure class=\"wp-block-image size-large\"><img loading=\"lazy\" decoding=\"async\" width=\"673\" height=\"1024\" src=\"https:\/\/vaillancourtea.com\/files\/2021\/01\/Cahier2020PDFSmall_page-00031-673x1024.jpg\" alt=\"\" class=\"wp-image-99\" srcset=\"https:\/\/vaillancourtea.com\/files\/2021\/01\/Cahier2020PDFSmall_page-00031-673x1024.jpg 673w, https:\/\/vaillancourtea.com\/files\/2021\/01\/Cahier2020PDFSmall_page-00031-197x300.jpg 197w, https:\/\/vaillancourtea.com\/files\/2021\/01\/Cahier2020PDFSmall_page-00031-768x1168.jpg 768w, https:\/\/vaillancourtea.com\/files\/2021\/01\/Cahier2020PDFSmall_page-00031.jpg 863w\" sizes=\"auto, (max-width: 673px) 100vw, 673px\" \/><\/figure>\n\n\n\n<figure class=\"wp-block-image size-large\"><img loading=\"lazy\" decoding=\"async\" width=\"673\" height=\"1024\" src=\"https:\/\/vaillancourtea.com\/files\/2021\/01\/Cahier2020PDFSmall_page-00041-673x1024.jpg\" alt=\"\" class=\"wp-image-101\" srcset=\"https:\/\/vaillancourtea.com\/files\/2021\/01\/Cahier2020PDFSmall_page-00041-673x1024.jpg 673w, https:\/\/vaillancourtea.com\/files\/2021\/01\/Cahier2020PDFSmall_page-00041-197x300.jpg 197w, https:\/\/vaillancourtea.com\/files\/2021\/01\/Cahier2020PDFSmall_page-00041-768x1168.jpg 768w, https:\/\/vaillancourtea.com\/files\/2021\/01\/Cahier2020PDFSmall_page-00041.jpg 863w\" sizes=\"auto, (max-width: 673px) 100vw, 673px\" \/><\/figure>\n\n\n\n<figure class=\"wp-block-image size-large\"><img loading=\"lazy\" decoding=\"async\" width=\"673\" height=\"1024\" src=\"https:\/\/vaillancourtea.com\/files\/2021\/01\/Cahier2020PDFSmall_page-00051-673x1024.jpg\" alt=\"\" class=\"wp-image-102\" srcset=\"https:\/\/vaillancourtea.com\/files\/2021\/01\/Cahier2020PDFSmall_page-00051-673x1024.jpg 673w, https:\/\/vaillancourtea.com\/files\/2021\/01\/Cahier2020PDFSmall_page-00051-197x300.jpg 197w, https:\/\/vaillancourtea.com\/files\/2021\/01\/Cahier2020PDFSmall_page-00051-768x1168.jpg 768w, https:\/\/vaillancourtea.com\/files\/2021\/01\/Cahier2020PDFSmall_page-00051.jpg 863w\" sizes=\"auto, (max-width: 673px) 100vw, 673px\" \/><\/figure>\n\n\n\n<figure class=\"wp-block-image size-large\"><img loading=\"lazy\" decoding=\"async\" width=\"673\" height=\"1024\" src=\"https:\/\/vaillancourtea.com\/files\/2021\/01\/Cahier2020PDFSmall_page-00061-673x1024.jpg\" alt=\"\" class=\"wp-image-103\" srcset=\"https:\/\/vaillancourtea.com\/files\/2021\/01\/Cahier2020PDFSmall_page-00061-673x1024.jpg 673w, https:\/\/vaillancourtea.com\/files\/2021\/01\/Cahier2020PDFSmall_page-00061-197x300.jpg 197w, https:\/\/vaillancourtea.com\/files\/2021\/01\/Cahier2020PDFSmall_page-00061-768x1168.jpg 768w, https:\/\/vaillancourtea.com\/files\/2021\/01\/Cahier2020PDFSmall_page-00061.jpg 863w\" sizes=\"auto, (max-width: 673px) 100vw, 673px\" \/><\/figure>\n\n\n\n<figure class=\"wp-block-image size-large\"><img loading=\"lazy\" decoding=\"async\" width=\"673\" height=\"1024\" src=\"https:\/\/vaillancourtea.com\/files\/2021\/01\/Cahier2020PDFSmall_page-00071-673x1024.jpg\" alt=\"\" class=\"wp-image-104\" srcset=\"https:\/\/vaillancourtea.com\/files\/2021\/01\/Cahier2020PDFSmall_page-00071-673x1024.jpg 673w, https:\/\/vaillancourtea.com\/files\/2021\/01\/Cahier2020PDFSmall_page-00071-197x300.jpg 197w, https:\/\/vaillancourtea.com\/files\/2021\/01\/Cahier2020PDFSmall_page-00071-768x1168.jpg 768w, https:\/\/vaillancourtea.com\/files\/2021\/01\/Cahier2020PDFSmall_page-00071.jpg 863w\" sizes=\"auto, (max-width: 673px) 100vw, 673px\" \/><\/figure>\n\n\n\n<figure class=\"wp-block-image size-large\"><img loading=\"lazy\" decoding=\"async\" width=\"673\" height=\"1024\" src=\"https:\/\/vaillancourtea.com\/files\/2021\/01\/Cahier2020PDFSmall_page-00081-673x1024.jpg\" alt=\"\" class=\"wp-image-105\" srcset=\"https:\/\/vaillancourtea.com\/files\/2021\/01\/Cahier2020PDFSmall_page-00081-673x1024.jpg 673w, https:\/\/vaillancourtea.com\/files\/2021\/01\/Cahier2020PDFSmall_page-00081-197x300.jpg 197w, https:\/\/vaillancourtea.com\/files\/2021\/01\/Cahier2020PDFSmall_page-00081-768x1168.jpg 768w, https:\/\/vaillancourtea.com\/files\/2021\/01\/Cahier2020PDFSmall_page-00081.jpg 863w\" sizes=\"auto, (max-width: 673px) 100vw, 673px\" \/><\/figure>\n","protected":false},"excerpt":{"rendered":"<p>Voici le cahier qui a \u00e9t\u00e9 post\u00e9 au quartier de Laval-Ouest en d\u00e9cembre 2020 pour souligner tout ce qui \u00e9t\u00e9 notable dans l&#8217;ann\u00e9e:<\/p>\n","protected":false},"author":1091,"featured_media":0,"comment_status":"open","ping_status":"open","sticky":false,"template":"","format":"standard","meta":{"_acf_changed":false,"footnotes":""},"categories":[174,177],"tags":[],"class_list":["post-96","post","type-post","status-publish","format-standard","hentry","category-ici-laval-laurentides","category-vie-de-quartier"],"acf":[],"yoast_head":"<!-- This site is optimized with the Yoast SEO plugin v26.7 - https:\/\/yoast.com\/wordpress\/plugins\/seo\/ -->\n<title>Bye Bye 2020 - \u00c9dition Laval-Ouest | Vaillancourt et Ass. | Courtier immobilier Laval - Rive-Nord<\/title>\n<meta name=\"robots\" content=\"index, follow, max-snippet:-1, max-image-preview:large, max-video-preview:-1\" \/>\n<link rel=\"canonical\" href=\"https:\/\/vaillancourtea.com\/ici-laval-laurentides\/bye-bye-2020-edition-laval-ouest\/\" \/>\n<meta property=\"og:locale\" content=\"en_US\" \/>\n<meta property=\"og:type\" content=\"article\" \/>\n<meta property=\"og:title\" content=\"Bye Bye 2020 - \u00c9dition Laval-Ouest | Vaillancourt et Ass. | Courtier immobilier Laval - Rive-Nord\" \/>\n<meta property=\"og:description\" content=\"Voici le cahier qui a \u00e9t\u00e9 post\u00e9 au quartier de Laval-Ouest en d\u00e9cembre 2020 pour souligner tout ce qui \u00e9t\u00e9 notable dans l&#8217;ann\u00e9e:\" \/>\n<meta property=\"og:url\" content=\"https:\/\/vaillancourtea.com\/ici-laval-laurentides\/bye-bye-2020-edition-laval-ouest\/\" \/>\n<meta property=\"og:site_name\" content=\"Vaillancourt et Ass. | Courtier immobilier Laval - Rive-Nord\" \/>\n<meta property=\"article:published_time\" content=\"2021-01-04T20:00:45+00:00\" \/>\n<meta property=\"article:modified_time\" content=\"2022-06-27T16:10:16+00:00\" \/>\n<meta property=\"og:image\" content=\"https:\/\/vaillancourtea.com\/files\/2021\/01\/Cahier2020PDFSmall_page-00011-673x1024.jpg\" \/>\n<meta name=\"author\" content=\"Chantal Vaillancourt\" \/>\n<meta name=\"twitter:card\" content=\"summary_large_image\" \/>\n<meta name=\"twitter:label1\" content=\"Written by\" \/>\n\t<meta name=\"twitter:data1\" content=\"Chantal Vaillancourt\" \/>\n<script type=\"application\/ld+json\" class=\"yoast-schema-graph\">{\"@context\":\"https:\/\/schema.org\",\"@graph\":[{\"@type\":\"Article\",\"@id\":\"https:\/\/vaillancourtea.com\/ici-laval-laurentides\/bye-bye-2020-edition-laval-ouest\/#article\",\"isPartOf\":{\"@id\":\"https:\/\/vaillancourtea.com\/ici-laval-laurentides\/bye-bye-2020-edition-laval-ouest\/\"},\"author\":{\"name\":\"Chantal Vaillancourt\",\"@id\":\"https:\/\/vaillancourtea.com\/#\/schema\/person\/836f70fcb3e5ac822dbb9b822579c752\"},\"headline\":\"Bye Bye 2020 &#8211; \u00c9dition Laval-Ouest\",\"datePublished\":\"2021-01-04T20:00:45+00:00\",\"dateModified\":\"2022-06-27T16:10:16+00:00\",\"mainEntityOfPage\":{\"@id\":\"https:\/\/vaillancourtea.com\/ici-laval-laurentides\/bye-bye-2020-edition-laval-ouest\/\"},\"wordCount\":30,\"commentCount\":0,\"publisher\":{\"@id\":\"https:\/\/vaillancourtea.com\/#organization\"},\"image\":{\"@id\":\"https:\/\/vaillancourtea.com\/ici-laval-laurentides\/bye-bye-2020-edition-laval-ouest\/#primaryimage\"},\"thumbnailUrl\":\"https:\/\/vaillancourtea.com\/files\/2021\/01\/Cahier2020PDFSmall_page-00011-673x1024.jpg\",\"articleSection\":[\"\",\"Vie de quartier\"],\"inLanguage\":\"en-US\",\"potentialAction\":[{\"@type\":\"CommentAction\",\"name\":\"Comment\",\"target\":[\"https:\/\/vaillancourtea.com\/ici-laval-laurentides\/bye-bye-2020-edition-laval-ouest\/#respond\"]}]},{\"@type\":\"WebPage\",\"@id\":\"https:\/\/vaillancourtea.com\/ici-laval-laurentides\/bye-bye-2020-edition-laval-ouest\/\",\"url\":\"https:\/\/vaillancourtea.com\/ici-laval-laurentides\/bye-bye-2020-edition-laval-ouest\/\",\"name\":\"Bye Bye 2020 - \u00c9dition Laval-Ouest | Vaillancourt et Ass. | Courtier immobilier Laval - Rive-Nord\",\"isPartOf\":{\"@id\":\"https:\/\/vaillancourtea.com\/#website\"},\"primaryImageOfPage\":{\"@id\":\"https:\/\/vaillancourtea.com\/ici-laval-laurentides\/bye-bye-2020-edition-laval-ouest\/#primaryimage\"},\"image\":{\"@id\":\"https:\/\/vaillancourtea.com\/ici-laval-laurentides\/bye-bye-2020-edition-laval-ouest\/#primaryimage\"},\"thumbnailUrl\":\"https:\/\/vaillancourtea.com\/files\/2021\/01\/Cahier2020PDFSmall_page-00011-673x1024.jpg\",\"datePublished\":\"2021-01-04T20:00:45+00:00\",\"dateModified\":\"2022-06-27T16:10:16+00:00\",\"breadcrumb\":{\"@id\":\"https:\/\/vaillancourtea.com\/ici-laval-laurentides\/bye-bye-2020-edition-laval-ouest\/#breadcrumb\"},\"inLanguage\":\"en-US\",\"potentialAction\":[{\"@type\":\"ReadAction\",\"target\":[\"https:\/\/vaillancourtea.com\/ici-laval-laurentides\/bye-bye-2020-edition-laval-ouest\/\"]}]},{\"@type\":\"ImageObject\",\"inLanguage\":\"en-US\",\"@id\":\"https:\/\/vaillancourtea.com\/ici-laval-laurentides\/bye-bye-2020-edition-laval-ouest\/#primaryimage\",\"url\":\"https:\/\/vaillancourtea.com\/files\/2021\/01\/Cahier2020PDFSmall_page-00011-673x1024.jpg\",\"contentUrl\":\"https:\/\/vaillancourtea.com\/files\/2021\/01\/Cahier2020PDFSmall_page-00011-673x1024.jpg\"},{\"@type\":\"BreadcrumbList\",\"@id\":\"https:\/\/vaillancourtea.com\/ici-laval-laurentides\/bye-bye-2020-edition-laval-ouest\/#breadcrumb\",\"itemListElement\":[{\"@type\":\"ListItem\",\"position\":1,\"name\":\"Accueil\",\"item\":\"https:\/\/vaillancourtea.com\/\"},{\"@type\":\"ListItem\",\"position\":2,\"name\":\"Bye Bye 2020 &#8211; \u00c9dition Laval-Ouest\"}]},{\"@type\":\"WebSite\",\"@id\":\"https:\/\/vaillancourtea.com\/#website\",\"url\":\"https:\/\/vaillancourtea.com\/\",\"name\":\"Vaillancourt et Ass. | Courtier immobilier Laval - Rive-Nord\",\"description\":\"\",\"publisher\":{\"@id\":\"https:\/\/vaillancourtea.com\/#organization\"},\"potentialAction\":[{\"@type\":\"SearchAction\",\"target\":{\"@type\":\"EntryPoint\",\"urlTemplate\":\"https:\/\/vaillancourtea.com\/?s={search_term_string}\"},\"query-input\":{\"@type\":\"PropertyValueSpecification\",\"valueRequired\":true,\"valueName\":\"search_term_string\"}}],\"inLanguage\":\"en-US\"},{\"@type\":\"Organization\",\"@id\":\"https:\/\/vaillancourtea.com\/#organization\",\"name\":\"Chantal Vaillancourt, Courtier immobilier r\u00e9sidentiel\",\"url\":\"https:\/\/vaillancourtea.com\/\",\"logo\":{\"@type\":\"ImageObject\",\"inLanguage\":\"en-US\",\"@id\":\"https:\/\/vaillancourtea.com\/#\/schema\/logo\/image\/\",\"url\":\"https:\/\/vaillancourtea.com\/files\/2018\/11\/RP_Logo.png\",\"contentUrl\":\"https:\/\/vaillancourtea.com\/files\/2018\/11\/RP_Logo.png\",\"width\":168,\"height\":63,\"caption\":\"Chantal Vaillancourt, Courtier immobilier r\u00e9sidentiel\"},\"image\":{\"@id\":\"https:\/\/vaillancourtea.com\/#\/schema\/logo\/image\/\"}},{\"@type\":\"Person\",\"@id\":\"https:\/\/vaillancourtea.com\/#\/schema\/person\/836f70fcb3e5ac822dbb9b822579c752\",\"name\":\"Chantal Vaillancourt\",\"image\":{\"@type\":\"ImageObject\",\"inLanguage\":\"en-US\",\"@id\":\"https:\/\/vaillancourtea.com\/#\/schema\/person\/image\/\",\"url\":\"http:\/\/pvaillancourt.com\/files\/2015\/06\/Chantal-Vaillancourt_avatar_1435006367-96x96.jpg\",\"contentUrl\":\"http:\/\/pvaillancourt.com\/files\/2015\/06\/Chantal-Vaillancourt_avatar_1435006367-96x96.jpg\",\"caption\":\"Chantal Vaillancourt\"},\"description\":\"Chantal is passionate about her neighborhood. She is always looking to discover new hidden treasures in her area and to share them with others.\",\"url\":\"https:\/\/vaillancourtea.com\/en\/author\/chantal\/\"}]}<\/script>\n<!-- \/ Yoast SEO plugin. -->","yoast_head_json":{"title":"Bye Bye 2020 - \u00c9dition Laval-Ouest | Vaillancourt et Ass. | Courtier immobilier Laval - Rive-Nord","robots":{"index":"index","follow":"follow","max-snippet":"max-snippet:-1","max-image-preview":"max-image-preview:large","max-video-preview":"max-video-preview:-1"},"canonical":"https:\/\/vaillancourtea.com\/ici-laval-laurentides\/bye-bye-2020-edition-laval-ouest\/","og_locale":"en_US","og_type":"article","og_title":"Bye Bye 2020 - \u00c9dition Laval-Ouest | Vaillancourt et Ass. | Courtier immobilier Laval - Rive-Nord","og_description":"Voici le cahier qui a \u00e9t\u00e9 post\u00e9 au quartier de Laval-Ouest en d\u00e9cembre 2020 pour souligner tout ce qui \u00e9t\u00e9 notable dans l&#8217;ann\u00e9e:","og_url":"https:\/\/vaillancourtea.com\/ici-laval-laurentides\/bye-bye-2020-edition-laval-ouest\/","og_site_name":"Vaillancourt et Ass. | Courtier immobilier Laval - Rive-Nord","article_published_time":"2021-01-04T20:00:45+00:00","article_modified_time":"2022-06-27T16:10:16+00:00","og_image":[{"url":"https:\/\/vaillancourtea.com\/files\/2021\/01\/Cahier2020PDFSmall_page-00011-673x1024.jpg","type":"","width":"","height":""}],"author":"Chantal Vaillancourt","twitter_card":"summary_large_image","twitter_misc":{"Written by":"Chantal Vaillancourt"},"schema":{"@context":"https:\/\/schema.org","@graph":[{"@type":"Article","@id":"https:\/\/vaillancourtea.com\/ici-laval-laurentides\/bye-bye-2020-edition-laval-ouest\/#article","isPartOf":{"@id":"https:\/\/vaillancourtea.com\/ici-laval-laurentides\/bye-bye-2020-edition-laval-ouest\/"},"author":{"name":"Chantal Vaillancourt","@id":"https:\/\/vaillancourtea.com\/#\/schema\/person\/836f70fcb3e5ac822dbb9b822579c752"},"headline":"Bye Bye 2020 &#8211; \u00c9dition Laval-Ouest","datePublished":"2021-01-04T20:00:45+00:00","dateModified":"2022-06-27T16:10:16+00:00","mainEntityOfPage":{"@id":"https:\/\/vaillancourtea.com\/ici-laval-laurentides\/bye-bye-2020-edition-laval-ouest\/"},"wordCount":30,"commentCount":0,"publisher":{"@id":"https:\/\/vaillancourtea.com\/#organization"},"image":{"@id":"https:\/\/vaillancourtea.com\/ici-laval-laurentides\/bye-bye-2020-edition-laval-ouest\/#primaryimage"},"thumbnailUrl":"https:\/\/vaillancourtea.com\/files\/2021\/01\/Cahier2020PDFSmall_page-00011-673x1024.jpg","articleSection":["","Vie de quartier"],"inLanguage":"en-US","potentialAction":[{"@type":"CommentAction","name":"Comment","target":["https:\/\/vaillancourtea.com\/ici-laval-laurentides\/bye-bye-2020-edition-laval-ouest\/#respond"]}]},{"@type":"WebPage","@id":"https:\/\/vaillancourtea.com\/ici-laval-laurentides\/bye-bye-2020-edition-laval-ouest\/","url":"https:\/\/vaillancourtea.com\/ici-laval-laurentides\/bye-bye-2020-edition-laval-ouest\/","name":"Bye Bye 2020 - \u00c9dition Laval-Ouest | Vaillancourt et Ass. | Courtier immobilier Laval - Rive-Nord","isPartOf":{"@id":"https:\/\/vaillancourtea.com\/#website"},"primaryImageOfPage":{"@id":"https:\/\/vaillancourtea.com\/ici-laval-laurentides\/bye-bye-2020-edition-laval-ouest\/#primaryimage"},"image":{"@id":"https:\/\/vaillancourtea.com\/ici-laval-laurentides\/bye-bye-2020-edition-laval-ouest\/#primaryimage"},"thumbnailUrl":"https:\/\/vaillancourtea.com\/files\/2021\/01\/Cahier2020PDFSmall_page-00011-673x1024.jpg","datePublished":"2021-01-04T20:00:45+00:00","dateModified":"2022-06-27T16:10:16+00:00","breadcrumb":{"@id":"https:\/\/vaillancourtea.com\/ici-laval-laurentides\/bye-bye-2020-edition-laval-ouest\/#breadcrumb"},"inLanguage":"en-US","potentialAction":[{"@type":"ReadAction","target":["https:\/\/vaillancourtea.com\/ici-laval-laurentides\/bye-bye-2020-edition-laval-ouest\/"]}]},{"@type":"ImageObject","inLanguage":"en-US","@id":"https:\/\/vaillancourtea.com\/ici-laval-laurentides\/bye-bye-2020-edition-laval-ouest\/#primaryimage","url":"https:\/\/vaillancourtea.com\/files\/2021\/01\/Cahier2020PDFSmall_page-00011-673x1024.jpg","contentUrl":"https:\/\/vaillancourtea.com\/files\/2021\/01\/Cahier2020PDFSmall_page-00011-673x1024.jpg"},{"@type":"BreadcrumbList","@id":"https:\/\/vaillancourtea.com\/ici-laval-laurentides\/bye-bye-2020-edition-laval-ouest\/#breadcrumb","itemListElement":[{"@type":"ListItem","position":1,"name":"Accueil","item":"https:\/\/vaillancourtea.com\/"},{"@type":"ListItem","position":2,"name":"Bye Bye 2020 &#8211; \u00c9dition Laval-Ouest"}]},{"@type":"WebSite","@id":"https:\/\/vaillancourtea.com\/#website","url":"https:\/\/vaillancourtea.com\/","name":"Vaillancourt et Ass. | Courtier immobilier Laval - Rive-Nord","description":"","publisher":{"@id":"https:\/\/vaillancourtea.com\/#organization"},"potentialAction":[{"@type":"SearchAction","target":{"@type":"EntryPoint","urlTemplate":"https:\/\/vaillancourtea.com\/?s={search_term_string}"},"query-input":{"@type":"PropertyValueSpecification","valueRequired":true,"valueName":"search_term_string"}}],"inLanguage":"en-US"},{"@type":"Organization","@id":"https:\/\/vaillancourtea.com\/#organization","name":"Chantal Vaillancourt, Courtier immobilier r\u00e9sidentiel","url":"https:\/\/vaillancourtea.com\/","logo":{"@type":"ImageObject","inLanguage":"en-US","@id":"https:\/\/vaillancourtea.com\/#\/schema\/logo\/image\/","url":"https:\/\/vaillancourtea.com\/files\/2018\/11\/RP_Logo.png","contentUrl":"https:\/\/vaillancourtea.com\/files\/2018\/11\/RP_Logo.png","width":168,"height":63,"caption":"Chantal Vaillancourt, Courtier immobilier r\u00e9sidentiel"},"image":{"@id":"https:\/\/vaillancourtea.com\/#\/schema\/logo\/image\/"}},{"@type":"Person","@id":"https:\/\/vaillancourtea.com\/#\/schema\/person\/836f70fcb3e5ac822dbb9b822579c752","name":"Chantal Vaillancourt","image":{"@type":"ImageObject","inLanguage":"en-US","@id":"https:\/\/vaillancourtea.com\/#\/schema\/person\/image\/","url":"http:\/\/pvaillancourt.com\/files\/2015\/06\/Chantal-Vaillancourt_avatar_1435006367-96x96.jpg","contentUrl":"http:\/\/pvaillancourt.com\/files\/2015\/06\/Chantal-Vaillancourt_avatar_1435006367-96x96.jpg","caption":"Chantal Vaillancourt"},"description":"Chantal is passionate about her neighborhood. She is always looking to discover new hidden treasures in her area and to share them with others.","url":"https:\/\/vaillancourtea.com\/en\/author\/chantal\/"}]}},"_links":{"self":[{"href":"https:\/\/vaillancourtea.com\/en\/wp-json\/wp\/v2\/posts\/96","targetHints":{"allow":["GET"]}}],"collection":[{"href":"https:\/\/vaillancourtea.com\/en\/wp-json\/wp\/v2\/posts"}],"about":[{"href":"https:\/\/vaillancourtea.com\/en\/wp-json\/wp\/v2\/types\/post"}],"author":[{"embeddable":true,"href":"https:\/\/vaillancourtea.com\/en\/wp-json\/wp\/v2\/users\/1091"}],"replies":[{"embeddable":true,"href":"https:\/\/vaillancourtea.com\/en\/wp-json\/wp\/v2\/comments?post=96"}],"version-history":[{"count":1,"href":"https:\/\/vaillancourtea.com\/en\/wp-json\/wp\/v2\/posts\/96\/revisions"}],"predecessor-version":[{"id":4730,"href":"https:\/\/vaillancourtea.com\/en\/wp-json\/wp\/v2\/posts\/96\/revisions\/4730"}],"wp:attachment":[{"href":"https:\/\/vaillancourtea.com\/en\/wp-json\/wp\/v2\/media?parent=96"}],"wp:term":[{"taxonomy":"category","embeddable":true,"href":"https:\/\/vaillancourtea.com\/en\/wp-json\/wp\/v2\/categories?post=96"},{"taxonomy":"post_tag","embeddable":true,"href":"https:\/\/vaillancourtea.com\/en\/wp-json\/wp\/v2\/tags?post=96"}],"curies":[{"name":"wp","href":"https:\/\/api.w.org\/{rel}","templated":true}]}}