{"id":943,"date":"2015-11-24T18:58:54","date_gmt":"2015-11-24T23:58:54","guid":{"rendered":"http:\/\/pvaillancourt.com\/?p=943"},"modified":"2020-10-31T11:16:38","modified_gmt":"2020-10-31T15:16:38","slug":"laroseelavalouest","status":"publish","type":"post","link":"https:\/\/vaillancourtea.com\/en\/mon-quartier\/laroseelavalouest\/","title":{"rendered":"La Ros\u00e9e in Laval-Ouest: so much more than a simple boutique"},"content":{"rendered":"<p><\/p>\n<p>It\u2019s a gray November afternoon\u00a0when I enter \u201cLa Ros\u00e9e\u201d Boutique situated on 5565 Dagenais Ouest in Laval-Ouest. Although I\u2019ve been in here quite a few times in the past decade, I\u2019m pleasantly surprised this time. Not only is the boutique full of well-organized merchandise, but of clientele! I look over one corner and two Spanish-speaking ladies are debating over some Christmas decorations while I notice in the back corner another man is perusing the bookshelves for the next great story. I\u2019m still a little amazed at how the boutique is so organized. I drop my two bags at the counter (I just finished my spring cleaning\u2026 a little late) and a friendly man hurries to take them to what I understand is the \u201csorting area\u201d.<\/p>\n<p>Pleased with myself to have finally cleaned out my house and saved a couple bags from going into landfill, I turn to leave and a multicoloured knitted infinity scarf catches my eye. I touch it softly while asking myself: \u201cwho made this?\u201d \u201cHow did it end up here?\u201d \u201cWhat is its story?\u201d The price tag says $4. It looks brand new. I turn around to look around the shop again and when I look back, a small little lady has her hand on the multicoloured scarf. I help her remove it from the rack and she seems confused as the scarf is one big loop. I explain to her that \u201cit\u2019s all the rage now a days\u201d. I loop it around her neck three times and she looks at me inquisitively and I quickly respond to her silent question with an \u201cit makes you look <em>very<\/em> young\u201d. She shoots me back a huge smile and says \u201cI LOVE scarves!\u201d<\/p>\n<p>Smiling to myself, I walk around the shop a couple times, grab a pamphlet on this place and head back to my car. In the parking lot I see my little lady waving goodbye to me with a big smile on her face and a lovely multicoloured scarf around her neck.<\/p>\n<p>I decide to investigate a little more this non-profit organization which I thought I knew well, but realize now, I know very little.<\/p>\n<p><a href=\"\/files\/2015\/11\/IMG_20151121_1435161.jpg\"><img loading=\"lazy\" decoding=\"async\" class=\"alignnone size-medium wp-image-956\" src=\"\/files\/2015\/11\/IMG_20151121_1435161-300x225.jpg\" alt=\"IMG_20151121_143516\" width=\"300\" height=\"225\" srcset=\"https:\/\/vaillancourtea.com\/files\/2015\/11\/IMG_20151121_1435161-300x225.jpg 300w, https:\/\/vaillancourtea.com\/files\/2015\/11\/IMG_20151121_1435161-1024x768.jpg 1024w\" sizes=\"auto, (max-width: 300px) 100vw, 300px\" \/><\/a> <a href=\"\/files\/2015\/11\/IMG_20151121_143554.jpg\"><img loading=\"lazy\" decoding=\"async\" class=\"alignnone size-medium wp-image-954\" src=\"\/files\/2015\/11\/IMG_20151121_143554-300x225.jpg\" alt=\"IMG_20151121_143554\" width=\"300\" height=\"225\" srcset=\"https:\/\/vaillancourtea.com\/files\/2015\/11\/IMG_20151121_143554-300x225.jpg 300w, https:\/\/vaillancourtea.com\/files\/2015\/11\/IMG_20151121_143554-1024x768.jpg 1024w\" sizes=\"auto, (max-width: 300px) 100vw, 300px\" \/><\/a><\/p>\n<p>I read through their pamphlet, their website and call to interview an employee and here is what I found out:<\/p>\n<h2>A little history\u00a0<\/h2>\n<p>At the start, this was a simple group providing meals on wheels but soon became a multiservice organisation for the elderly, the needy and low-income families of Laval-Ouest. The social impact of the La Ros\u00e9e group has since become well known in Laval-Ouest and even beyond its territory.<\/p>\n<h2>The family counter<\/h2>\n<p>The boutique on Dagenais has a large selection of clothing for men, women and children, bedding, toys, books, kitchenware and decorations and a very low price. The team of volunteers and employees work very hard to ensure that all items for sale are in top shape.<\/p>\n<h2>Meals on wheels<\/h2>\n<p>From the begining, La Ros\u00e9e has had a meals on wheels program for people with a loss of autonomy. Five days a week, at lunchtime, several people receive a hot meal at their home that has been prepared by employees and volunteers in the basement of the boutique. Soups, main courses, fruits, desserts and treats are part of every meal. All for a modest price of around $5.50. Hundreds of meals are distributed in Laval-Ouest and Fabreville each week by vonlunteers which are called \u00ab baladeurs \u00bb in French. These men and women enjoy meeting their \u201cclients\u201d each week by not only bringing them a hot meal, but a smile and sunshine to their day.<\/p>\n<p>So how does one qualify for this service? La Ros\u00e9e works closely with the local CLSC to determine who qualifies and meets the criteria. Contact your local CLSC to see if you or a close one could benefit from this service.<\/p>\n<h2>Occasional transport<\/h2>\n<p>The team at La Ros\u00e9e also has a group of volunteer drivers who offer a transport service to the elderly and those with loss of autonomy. This can be but is not limited to medical appointments.<\/p>\n<p>The volunteers who use their cars have their kilometers reimbursed based on the current rates. These men and women are known for being good with the public, are good listeners and are known to be calm behind the wheel.<\/p>\n<p>Contact La Ros\u00e9e directly if you or a close one would like to benefit from this service.<\/p>\n<h1><a href=\"\/files\/2015\/11\/IMG_20151121_143603.jpg\"><img loading=\"lazy\" decoding=\"async\" class=\"alignnone size-medium wp-image-953\" src=\"\/files\/2015\/11\/IMG_20151121_143603-300x225.jpg\" alt=\"IMG_20151121_143603\" width=\"300\" height=\"225\" srcset=\"https:\/\/vaillancourtea.com\/files\/2015\/11\/IMG_20151121_143603-300x225.jpg 300w, https:\/\/vaillancourtea.com\/files\/2015\/11\/IMG_20151121_143603-1024x768.jpg 1024w\" sizes=\"auto, (max-width: 300px) 100vw, 300px\" \/><\/a> <a href=\"\/files\/2015\/11\/IMG_20151121_143612.jpg\"><img loading=\"lazy\" decoding=\"async\" class=\"alignnone size-medium wp-image-952\" src=\"\/files\/2015\/11\/IMG_20151121_143612-300x225.jpg\" alt=\"IMG_20151121_143612\" width=\"300\" height=\"225\" srcset=\"https:\/\/vaillancourtea.com\/files\/2015\/11\/IMG_20151121_143612-300x225.jpg 300w, https:\/\/vaillancourtea.com\/files\/2015\/11\/IMG_20151121_143612-1024x768.jpg 1024w\" sizes=\"auto, (max-width: 300px) 100vw, 300px\" \/><\/a> <a href=\"\/files\/2015\/11\/IMG_20151121_143626.jpg\"><img loading=\"lazy\" decoding=\"async\" class=\"alignnone size-medium wp-image-951\" src=\"\/files\/2015\/11\/IMG_20151121_143626-300x225.jpg\" alt=\"IMG_20151121_143626\" width=\"300\" height=\"225\" srcset=\"https:\/\/vaillancourtea.com\/files\/2015\/11\/IMG_20151121_143626-300x225.jpg 300w, https:\/\/vaillancourtea.com\/files\/2015\/11\/IMG_20151121_143626-1024x768.jpg 1024w\" sizes=\"auto, (max-width: 300px) 100vw, 300px\" \/><\/a> <a href=\"\/files\/2015\/11\/IMG_20151121_143638.jpg\"><img loading=\"lazy\" decoding=\"async\" class=\"alignnone size-medium wp-image-950\" src=\"\/files\/2015\/11\/IMG_20151121_143638-300x225.jpg\" alt=\"IMG_20151121_143638\" width=\"300\" height=\"225\" srcset=\"https:\/\/vaillancourtea.com\/files\/2015\/11\/IMG_20151121_143638-300x225.jpg 300w, https:\/\/vaillancourtea.com\/files\/2015\/11\/IMG_20151121_143638-1024x768.jpg 1024w\" sizes=\"auto, (max-width: 300px) 100vw, 300px\" \/><\/a><br \/>You want to get involved? Here\u2019s how:\u00a0<\/h1>\n<h2><em>Become a donor!\u00a0<\/em><\/h2>\n<p>Bring your used clothing and other goods. La Ros\u00e9e can also give official tax receipts for all cash donations $20 and higher.<\/p>\n<h2><em>Become a volunteer!<\/em><\/h2>\n<p>La Ros\u00e9e is always looking for volunteers. <br \/>As this article is being published, they are currently looking for volunteers:<br \/>&#8211; To sort through goods at the boutique, and<br \/>&#8211; Various tasks involved with the Meals on Wheels program.<\/p>\n<h2><em>Become a client!<\/em><\/h2>\n<p>The majority of the goods in the boutique are sold at a very low price. Government subsidy and revenue from the meals on wheels only support part of the work. The sale of the items in the boutique is the other big chunk of the revenue needed. Why not stop by in the coming days?<\/p>\n<h3>Hours of operation<br \/>Tuesday- Friday: noon \u2013 5PM<br \/>Saturday noon \u2013 3PM<\/h3>\n<p>http:\/\/www.larosee.qc.ca<\/p>\n<p>Groupe d&#8217;Entraide La Ros\u00e9e,<br \/>5565 Dagenais Ouest, Laval<br \/>H7R 1M1 (450) 962-9971<br \/> entraidelarosee@videotron.ca<\/p>\n<p>&nbsp;<\/p>\n<p><a href=\"\/files\/2015\/11\/IMG_20151121_143758.jpg\"><img loading=\"lazy\" decoding=\"async\" class=\"alignnone size-medium wp-image-947\" src=\"\/files\/2015\/11\/IMG_20151121_143758-300x225.jpg\" alt=\"IMG_20151121_143758\" width=\"300\" height=\"225\" srcset=\"https:\/\/vaillancourtea.com\/files\/2015\/11\/IMG_20151121_143758-300x225.jpg 300w, https:\/\/vaillancourtea.com\/files\/2015\/11\/IMG_20151121_143758-1024x768.jpg 1024w\" sizes=\"auto, (max-width: 300px) 100vw, 300px\" \/><\/a> <a href=\"\/files\/2015\/11\/IMG_20151121_143923.jpg\"><img loading=\"lazy\" decoding=\"async\" class=\"alignnone size-medium wp-image-946\" src=\"\/files\/2015\/11\/IMG_20151121_143923-300x225.jpg\" alt=\"IMG_20151121_143923\" width=\"300\" height=\"225\" srcset=\"https:\/\/vaillancourtea.com\/files\/2015\/11\/IMG_20151121_143923-300x225.jpg 300w, https:\/\/vaillancourtea.com\/files\/2015\/11\/IMG_20151121_143923-1024x768.jpg 1024w\" sizes=\"auto, (max-width: 300px) 100vw, 300px\" \/><\/a> <a href=\"\/files\/2015\/11\/IMG_20151121_143701.jpg\"><img loading=\"lazy\" decoding=\"async\" class=\"alignnone size-medium wp-image-949\" src=\"\/files\/2015\/11\/IMG_20151121_143701-300x225.jpg\" alt=\"IMG_20151121_143701\" width=\"300\" height=\"225\" srcset=\"https:\/\/vaillancourtea.com\/files\/2015\/11\/IMG_20151121_143701-300x225.jpg 300w, https:\/\/vaillancourtea.com\/files\/2015\/11\/IMG_20151121_143701-1024x768.jpg 1024w\" sizes=\"auto, (max-width: 300px) 100vw, 300px\" \/><\/a><\/p>\n<p><\/p>","protected":false},"excerpt":{"rendered":"<p>It\u2019s a gray November afternoon\u00a0when I enter \u201cLa Ros\u00e9e\u201d Boutique situated on 5565 Dagenais Ouest in Laval-Ouest. Although I\u2019ve been in here quite a few times in the past decade, I\u2019m pleasantly surprised this time. Not only is the boutique full of well-organized merchandise, but of clientele! I look over one corner and two Spanish-speaking [&hellip;]<\/p>\n","protected":false},"author":1091,"featured_media":956,"comment_status":"open","ping_status":"open","sticky":false,"template":"","format":"standard","meta":{"_acf_changed":false,"footnotes":""},"categories":[3],"tags":[8,7,5,6,4],"class_list":["post-943","post","type-post","status-publish","format-standard","hentry","category-mon-quartier","tag-benevoles","tag-entraide","tag-fabreville","tag-la-rosee","tag-laval-ouest"],"acf":[],"yoast_head":"<!-- This site is optimized with the Yoast SEO plugin v26.7 - https:\/\/yoast.com\/wordpress\/plugins\/seo\/ -->\n<title>La Ros\u00e9e in Laval-Ouest: so much more than a simple boutique | Vaillancourt et Ass. | Courtier immobilier Laval - Rive-Nord<\/title>\n<meta name=\"robots\" content=\"index, follow, max-snippet:-1, max-image-preview:large, max-video-preview:-1\" \/>\n<link rel=\"canonical\" href=\"https:\/\/vaillancourtea.com\/mon-quartier\/laroseelavalouest\/\" \/>\n<meta property=\"og:locale\" content=\"en_US\" \/>\n<meta property=\"og:type\" content=\"article\" \/>\n<meta property=\"og:title\" content=\"La Ros\u00e9e in Laval-Ouest: so much more than a simple boutique | Vaillancourt et Ass. | Courtier immobilier Laval - Rive-Nord\" \/>\n<meta property=\"og:description\" content=\"It\u2019s a gray November afternoon\u00a0when I enter \u201cLa Ros\u00e9e\u201d Boutique situated on 5565 Dagenais Ouest in Laval-Ouest. Although I\u2019ve been in here quite a few times in the past decade, I\u2019m pleasantly surprised this time. Not only is the boutique full of well-organized merchandise, but of clientele! I look over one corner and two Spanish-speaking [&hellip;]\" \/>\n<meta property=\"og:url\" content=\"https:\/\/vaillancourtea.com\/mon-quartier\/laroseelavalouest\/\" \/>\n<meta property=\"og:site_name\" content=\"Vaillancourt et Ass. | Courtier immobilier Laval - Rive-Nord\" \/>\n<meta property=\"article:published_time\" content=\"2015-11-24T23:58:54+00:00\" \/>\n<meta property=\"article:modified_time\" content=\"2020-10-31T15:16:38+00:00\" \/>\n<meta property=\"og:image\" content=\"https:\/\/vaillancourtea.com\/files\/2015\/11\/IMG_20151121_1435161-1024x768.jpg\" \/>\n\t<meta property=\"og:image:width\" content=\"1024\" \/>\n\t<meta property=\"og:image:height\" content=\"768\" \/>\n\t<meta property=\"og:image:type\" content=\"image\/jpeg\" \/>\n<meta name=\"author\" content=\"Chantal Vaillancourt\" \/>\n<meta name=\"twitter:card\" content=\"summary_large_image\" \/>\n<meta name=\"twitter:label1\" content=\"Written by\" \/>\n\t<meta name=\"twitter:data1\" content=\"Chantal Vaillancourt\" \/>\n\t<meta name=\"twitter:label2\" content=\"Est. reading time\" \/>\n\t<meta name=\"twitter:data2\" content=\"10 minutes\" \/>\n<script type=\"application\/ld+json\" class=\"yoast-schema-graph\">{\"@context\":\"https:\/\/schema.org\",\"@graph\":[{\"@type\":\"Article\",\"@id\":\"https:\/\/vaillancourtea.com\/mon-quartier\/laroseelavalouest\/#article\",\"isPartOf\":{\"@id\":\"https:\/\/vaillancourtea.com\/mon-quartier\/laroseelavalouest\/\"},\"author\":{\"name\":\"Chantal Vaillancourt\",\"@id\":\"https:\/\/vaillancourtea.com\/#\/schema\/person\/836f70fcb3e5ac822dbb9b822579c752\"},\"headline\":\"La Ros\u00e9e in Laval-Ouest: so much more than a simple boutique\",\"datePublished\":\"2015-11-24T23:58:54+00:00\",\"dateModified\":\"2020-10-31T15:16:38+00:00\",\"mainEntityOfPage\":{\"@id\":\"https:\/\/vaillancourtea.com\/mon-quartier\/laroseelavalouest\/\"},\"wordCount\":1951,\"commentCount\":0,\"publisher\":{\"@id\":\"https:\/\/vaillancourtea.com\/#organization\"},\"image\":{\"@id\":\"https:\/\/vaillancourtea.com\/mon-quartier\/laroseelavalouest\/#primaryimage\"},\"thumbnailUrl\":\"https:\/\/vaillancourtea.com\/files\/2015\/11\/IMG_20151121_1435161.jpg\",\"keywords\":[\"B\u00e9n\u00e9voles\",\"Entraide\",\"Fabreville\",\"La Ros\u00e9e\",\"Laval-Ouest\"],\"articleSection\":[\"Mon quartier\"],\"inLanguage\":\"en-US\",\"potentialAction\":[{\"@type\":\"CommentAction\",\"name\":\"Comment\",\"target\":[\"https:\/\/vaillancourtea.com\/mon-quartier\/laroseelavalouest\/#respond\"]}]},{\"@type\":\"WebPage\",\"@id\":\"https:\/\/vaillancourtea.com\/mon-quartier\/laroseelavalouest\/\",\"url\":\"https:\/\/vaillancourtea.com\/mon-quartier\/laroseelavalouest\/\",\"name\":\"[:fr]Groupe d'entraide La Ros\u00e9e \u00e0 Laval-Ouest: beaucoup plus qu'une simple boutique![:en]La Ros\u00e9e in Laval-Ouest: so much more than a simple boutique[:] | Vaillancourt et Ass. | Courtier immobilier Laval - Rive-Nord\",\"isPartOf\":{\"@id\":\"https:\/\/vaillancourtea.com\/#website\"},\"primaryImageOfPage\":{\"@id\":\"https:\/\/vaillancourtea.com\/mon-quartier\/laroseelavalouest\/#primaryimage\"},\"image\":{\"@id\":\"https:\/\/vaillancourtea.com\/mon-quartier\/laroseelavalouest\/#primaryimage\"},\"thumbnailUrl\":\"https:\/\/vaillancourtea.com\/files\/2015\/11\/IMG_20151121_1435161.jpg\",\"datePublished\":\"2015-11-24T23:58:54+00:00\",\"dateModified\":\"2020-10-31T15:16:38+00:00\",\"breadcrumb\":{\"@id\":\"https:\/\/vaillancourtea.com\/mon-quartier\/laroseelavalouest\/#breadcrumb\"},\"inLanguage\":\"en-US\",\"potentialAction\":[{\"@type\":\"ReadAction\",\"target\":[\"https:\/\/vaillancourtea.com\/mon-quartier\/laroseelavalouest\/\"]}]},{\"@type\":\"ImageObject\",\"inLanguage\":\"en-US\",\"@id\":\"https:\/\/vaillancourtea.com\/mon-quartier\/laroseelavalouest\/#primaryimage\",\"url\":\"https:\/\/vaillancourtea.com\/files\/2015\/11\/IMG_20151121_1435161.jpg\",\"contentUrl\":\"https:\/\/vaillancourtea.com\/files\/2015\/11\/IMG_20151121_1435161.jpg\",\"width\":4160,\"height\":3120},{\"@type\":\"BreadcrumbList\",\"@id\":\"https:\/\/vaillancourtea.com\/mon-quartier\/laroseelavalouest\/#breadcrumb\",\"itemListElement\":[{\"@type\":\"ListItem\",\"position\":1,\"name\":\"Accueil\",\"item\":\"https:\/\/vaillancourtea.com\/\"},{\"@type\":\"ListItem\",\"position\":2,\"name\":\"Groupe d&rsquo;entraide La Ros\u00e9e \u00e0 Laval-Ouest: beaucoup plus qu&rsquo;une simple boutique!\"}]},{\"@type\":\"WebSite\",\"@id\":\"https:\/\/vaillancourtea.com\/#website\",\"url\":\"https:\/\/vaillancourtea.com\/\",\"name\":\"Vaillancourt et Ass. | Courtier immobilier Laval - Rive-Nord\",\"description\":\"\",\"publisher\":{\"@id\":\"https:\/\/vaillancourtea.com\/#organization\"},\"potentialAction\":[{\"@type\":\"SearchAction\",\"target\":{\"@type\":\"EntryPoint\",\"urlTemplate\":\"https:\/\/vaillancourtea.com\/?s={search_term_string}\"},\"query-input\":{\"@type\":\"PropertyValueSpecification\",\"valueRequired\":true,\"valueName\":\"search_term_string\"}}],\"inLanguage\":\"en-US\"},{\"@type\":\"Organization\",\"@id\":\"https:\/\/vaillancourtea.com\/#organization\",\"name\":\"Chantal Vaillancourt, Courtier immobilier r\u00e9sidentiel\",\"url\":\"https:\/\/vaillancourtea.com\/\",\"logo\":{\"@type\":\"ImageObject\",\"inLanguage\":\"en-US\",\"@id\":\"https:\/\/vaillancourtea.com\/#\/schema\/logo\/image\/\",\"url\":\"https:\/\/vaillancourtea.com\/files\/2018\/11\/RP_Logo.png\",\"contentUrl\":\"https:\/\/vaillancourtea.com\/files\/2018\/11\/RP_Logo.png\",\"width\":168,\"height\":63,\"caption\":\"Chantal Vaillancourt, Courtier immobilier r\u00e9sidentiel\"},\"image\":{\"@id\":\"https:\/\/vaillancourtea.com\/#\/schema\/logo\/image\/\"}},{\"@type\":\"Person\",\"@id\":\"https:\/\/vaillancourtea.com\/#\/schema\/person\/836f70fcb3e5ac822dbb9b822579c752\",\"name\":\"Chantal Vaillancourt\",\"image\":{\"@type\":\"ImageObject\",\"inLanguage\":\"en-US\",\"@id\":\"https:\/\/vaillancourtea.com\/#\/schema\/person\/image\/\",\"url\":\"http:\/\/pvaillancourt.com\/files\/2015\/06\/Chantal-Vaillancourt_avatar_1435006367-96x96.jpg\",\"contentUrl\":\"http:\/\/pvaillancourt.com\/files\/2015\/06\/Chantal-Vaillancourt_avatar_1435006367-96x96.jpg\",\"caption\":\"Chantal Vaillancourt\"},\"description\":\"Chantal is passionate about her neighborhood. She is always looking to discover new hidden treasures in her area and to share them with others.\",\"url\":\"https:\/\/vaillancourtea.com\/en\/author\/chantal\/\"}]}<\/script>\n<!-- \/ Yoast SEO plugin. -->","yoast_head_json":{"title":"La Ros\u00e9e in Laval-Ouest: so much more than a simple boutique | Vaillancourt et Ass. | Courtier immobilier Laval - Rive-Nord","robots":{"index":"index","follow":"follow","max-snippet":"max-snippet:-1","max-image-preview":"max-image-preview:large","max-video-preview":"max-video-preview:-1"},"canonical":"https:\/\/vaillancourtea.com\/mon-quartier\/laroseelavalouest\/","og_locale":"en_US","og_type":"article","og_title":"La Ros\u00e9e in Laval-Ouest: so much more than a simple boutique | Vaillancourt et Ass. | Courtier immobilier Laval - Rive-Nord","og_description":"It\u2019s a gray November afternoon\u00a0when I enter \u201cLa Ros\u00e9e\u201d Boutique situated on 5565 Dagenais Ouest in Laval-Ouest. Although I\u2019ve been in here quite a few times in the past decade, I\u2019m pleasantly surprised this time. Not only is the boutique full of well-organized merchandise, but of clientele! I look over one corner and two Spanish-speaking [&hellip;]","og_url":"https:\/\/vaillancourtea.com\/mon-quartier\/laroseelavalouest\/","og_site_name":"Vaillancourt et Ass. | Courtier immobilier Laval - Rive-Nord","article_published_time":"2015-11-24T23:58:54+00:00","article_modified_time":"2020-10-31T15:16:38+00:00","og_image":[{"width":1024,"height":768,"url":"https:\/\/vaillancourtea.com\/files\/2015\/11\/IMG_20151121_1435161-1024x768.jpg","type":"image\/jpeg"}],"author":"Chantal Vaillancourt","twitter_card":"summary_large_image","twitter_misc":{"Written by":"Chantal Vaillancourt","Est. reading time":"10 minutes"},"schema":{"@context":"https:\/\/schema.org","@graph":[{"@type":"Article","@id":"https:\/\/vaillancourtea.com\/mon-quartier\/laroseelavalouest\/#article","isPartOf":{"@id":"https:\/\/vaillancourtea.com\/mon-quartier\/laroseelavalouest\/"},"author":{"name":"Chantal Vaillancourt","@id":"https:\/\/vaillancourtea.com\/#\/schema\/person\/836f70fcb3e5ac822dbb9b822579c752"},"headline":"La Ros\u00e9e in Laval-Ouest: so much more than a simple boutique","datePublished":"2015-11-24T23:58:54+00:00","dateModified":"2020-10-31T15:16:38+00:00","mainEntityOfPage":{"@id":"https:\/\/vaillancourtea.com\/mon-quartier\/laroseelavalouest\/"},"wordCount":1951,"commentCount":0,"publisher":{"@id":"https:\/\/vaillancourtea.com\/#organization"},"image":{"@id":"https:\/\/vaillancourtea.com\/mon-quartier\/laroseelavalouest\/#primaryimage"},"thumbnailUrl":"https:\/\/vaillancourtea.com\/files\/2015\/11\/IMG_20151121_1435161.jpg","keywords":["B\u00e9n\u00e9voles","Entraide","Fabreville","La Ros\u00e9e","Laval-Ouest"],"articleSection":["Mon quartier"],"inLanguage":"en-US","potentialAction":[{"@type":"CommentAction","name":"Comment","target":["https:\/\/vaillancourtea.com\/mon-quartier\/laroseelavalouest\/#respond"]}]},{"@type":"WebPage","@id":"https:\/\/vaillancourtea.com\/mon-quartier\/laroseelavalouest\/","url":"https:\/\/vaillancourtea.com\/mon-quartier\/laroseelavalouest\/","name":"[:fr]Groupe d'entraide La Ros\u00e9e \u00e0 Laval-Ouest: beaucoup plus qu'une simple boutique![:en]La Ros\u00e9e in Laval-Ouest: so much more than a simple boutique[:] | Vaillancourt et Ass. | Courtier immobilier Laval - Rive-Nord","isPartOf":{"@id":"https:\/\/vaillancourtea.com\/#website"},"primaryImageOfPage":{"@id":"https:\/\/vaillancourtea.com\/mon-quartier\/laroseelavalouest\/#primaryimage"},"image":{"@id":"https:\/\/vaillancourtea.com\/mon-quartier\/laroseelavalouest\/#primaryimage"},"thumbnailUrl":"https:\/\/vaillancourtea.com\/files\/2015\/11\/IMG_20151121_1435161.jpg","datePublished":"2015-11-24T23:58:54+00:00","dateModified":"2020-10-31T15:16:38+00:00","breadcrumb":{"@id":"https:\/\/vaillancourtea.com\/mon-quartier\/laroseelavalouest\/#breadcrumb"},"inLanguage":"en-US","potentialAction":[{"@type":"ReadAction","target":["https:\/\/vaillancourtea.com\/mon-quartier\/laroseelavalouest\/"]}]},{"@type":"ImageObject","inLanguage":"en-US","@id":"https:\/\/vaillancourtea.com\/mon-quartier\/laroseelavalouest\/#primaryimage","url":"https:\/\/vaillancourtea.com\/files\/2015\/11\/IMG_20151121_1435161.jpg","contentUrl":"https:\/\/vaillancourtea.com\/files\/2015\/11\/IMG_20151121_1435161.jpg","width":4160,"height":3120},{"@type":"BreadcrumbList","@id":"https:\/\/vaillancourtea.com\/mon-quartier\/laroseelavalouest\/#breadcrumb","itemListElement":[{"@type":"ListItem","position":1,"name":"Accueil","item":"https:\/\/vaillancourtea.com\/"},{"@type":"ListItem","position":2,"name":"Groupe d&rsquo;entraide La Ros\u00e9e \u00e0 Laval-Ouest: beaucoup plus qu&rsquo;une simple boutique!"}]},{"@type":"WebSite","@id":"https:\/\/vaillancourtea.com\/#website","url":"https:\/\/vaillancourtea.com\/","name":"Vaillancourt et Ass. | Courtier immobilier Laval - Rive-Nord","description":"","publisher":{"@id":"https:\/\/vaillancourtea.com\/#organization"},"potentialAction":[{"@type":"SearchAction","target":{"@type":"EntryPoint","urlTemplate":"https:\/\/vaillancourtea.com\/?s={search_term_string}"},"query-input":{"@type":"PropertyValueSpecification","valueRequired":true,"valueName":"search_term_string"}}],"inLanguage":"en-US"},{"@type":"Organization","@id":"https:\/\/vaillancourtea.com\/#organization","name":"Chantal Vaillancourt, Courtier immobilier r\u00e9sidentiel","url":"https:\/\/vaillancourtea.com\/","logo":{"@type":"ImageObject","inLanguage":"en-US","@id":"https:\/\/vaillancourtea.com\/#\/schema\/logo\/image\/","url":"https:\/\/vaillancourtea.com\/files\/2018\/11\/RP_Logo.png","contentUrl":"https:\/\/vaillancourtea.com\/files\/2018\/11\/RP_Logo.png","width":168,"height":63,"caption":"Chantal Vaillancourt, Courtier immobilier r\u00e9sidentiel"},"image":{"@id":"https:\/\/vaillancourtea.com\/#\/schema\/logo\/image\/"}},{"@type":"Person","@id":"https:\/\/vaillancourtea.com\/#\/schema\/person\/836f70fcb3e5ac822dbb9b822579c752","name":"Chantal Vaillancourt","image":{"@type":"ImageObject","inLanguage":"en-US","@id":"https:\/\/vaillancourtea.com\/#\/schema\/person\/image\/","url":"http:\/\/pvaillancourt.com\/files\/2015\/06\/Chantal-Vaillancourt_avatar_1435006367-96x96.jpg","contentUrl":"http:\/\/pvaillancourt.com\/files\/2015\/06\/Chantal-Vaillancourt_avatar_1435006367-96x96.jpg","caption":"Chantal Vaillancourt"},"description":"Chantal is passionate about her neighborhood. She is always looking to discover new hidden treasures in her area and to share them with others.","url":"https:\/\/vaillancourtea.com\/en\/author\/chantal\/"}]}},"_links":{"self":[{"href":"https:\/\/vaillancourtea.com\/en\/wp-json\/wp\/v2\/posts\/943","targetHints":{"allow":["GET"]}}],"collection":[{"href":"https:\/\/vaillancourtea.com\/en\/wp-json\/wp\/v2\/posts"}],"about":[{"href":"https:\/\/vaillancourtea.com\/en\/wp-json\/wp\/v2\/types\/post"}],"author":[{"embeddable":true,"href":"https:\/\/vaillancourtea.com\/en\/wp-json\/wp\/v2\/users\/1091"}],"replies":[{"embeddable":true,"href":"https:\/\/vaillancourtea.com\/en\/wp-json\/wp\/v2\/comments?post=943"}],"version-history":[{"count":2,"href":"https:\/\/vaillancourtea.com\/en\/wp-json\/wp\/v2\/posts\/943\/revisions"}],"predecessor-version":[{"id":3995,"href":"https:\/\/vaillancourtea.com\/en\/wp-json\/wp\/v2\/posts\/943\/revisions\/3995"}],"wp:featuredmedia":[{"embeddable":true,"href":"https:\/\/vaillancourtea.com\/en\/wp-json\/wp\/v2\/media\/956"}],"wp:attachment":[{"href":"https:\/\/vaillancourtea.com\/en\/wp-json\/wp\/v2\/media?parent=943"}],"wp:term":[{"taxonomy":"category","embeddable":true,"href":"https:\/\/vaillancourtea.com\/en\/wp-json\/wp\/v2\/categories?post=943"},{"taxonomy":"post_tag","embeddable":true,"href":"https:\/\/vaillancourtea.com\/en\/wp-json\/wp\/v2\/tags?post=943"}],"curies":[{"name":"wp","href":"https:\/\/api.w.org\/{rel}","templated":true}]}}