{"id":846,"date":"2022-05-31T19:20:27","date_gmt":"2022-05-31T23:20:27","guid":{"rendered":"http:\/\/icilavallaurentides.com\/?p=846"},"modified":"2025-09-04T13:46:23","modified_gmt":"2025-09-04T17:46:23","slug":"atelier-lune-a-saint-eustache","status":"publish","type":"post","link":"https:\/\/vaillancourtea.com\/en\/ici-laval-laurentides\/atelier-lune-a-saint-eustache\/","title":{"rendered":"Atelier Lune \u00e0 Saint-Eustache"},"content":{"rendered":"<figure class=\"wp-block-embed is-type-video is-provider-youtube wp-block-embed-youtube wp-embed-aspect-16-9 wp-has-aspect-ratio\"><div class=\"wp-block-embed__wrapper\">\r\n<iframe loading=\"lazy\" title=\"P\u00e2tisserie Atelier Lune \u00e0 Saint-Eustache\" width=\"500\" height=\"281\" src=\"https:\/\/www.youtube.com\/embed\/SasADbTAd_8?feature=oembed\" frameborder=\"0\" allow=\"accelerometer; autoplay; clipboard-write; encrypted-media; gyroscope; picture-in-picture; web-share\" referrerpolicy=\"strict-origin-when-cross-origin\" allowfullscreen><\/iframe>\r\n<\/div><\/figure>\r\n\r\n\r\n\r\n<p>Salut tout le monde, <\/p>\r\n\r\n\r\n\r\n<p>Aujourd&#8217;hui, je vous pr\u00e9sente ma plus r\u00e9cente d\u00e9couverte dans le Vieux Saint-Eustache : <strong>Atelier Lune<\/strong>!<\/p>\r\n\r\n\r\n\r\n<p><strong>Atelier Lune<\/strong>, c&#8217;est une p\u00e2tisserie artisanale qui a ouvert ses portes le 24 mai 2022, il y a tout juste une semaine. Les fiers propri\u00e9taires sont Marine et Thomas Treil, fr\u00e8re et soeur.<\/p>\r\n\r\n\r\n\r\n<div class=\"wp-block-image\"><figure class=\"aligncenter size-full\"><img loading=\"lazy\" decoding=\"async\" width=\"697\" height=\"818\" src=\"https:\/\/vaillancourtea.com\/files\/2022\/05\/image-32.png\" alt=\"\" class=\"wp-image-848\" srcset=\"https:\/\/vaillancourtea.com\/files\/2022\/05\/image-32.png 697w, https:\/\/vaillancourtea.com\/files\/2022\/05\/image-32-256x300.png 256w\" sizes=\"auto, (max-width: 697px) 100vw, 697px\" \/><figcaption>Cr\u00e9dit photo: Instagram<\/figcaption><\/figure><\/div>\r\n\r\n\r\n\r\n<p>Ils sont originaires de la France et ont d\u00e9cid\u00e9 de venir s&#8217;\u00e9tablir et d&#8217;ouvrir un commerce \u00e0 Saint-Eustache. Lors de notre rencontre, Marine m&#8217;explique qu&#8217;elle est tomb\u00e9e en amour avec Saint-Eustache en raison des beaux paysages de campagne, des produits du terroir et de la &#8221;<em>vibe basse-laurentienne<\/em>&#8221;.  Un vrai coup de foudre qui me permet aujourd&#8217;hui de vous partager leur belle r\u00e9ussite, \u00e0 elle et son fr\u00e8re.<\/p>\r\n\r\n\r\n\r\n<p>Marine est p\u00e2tissi\u00e8re depuis toujours et a vendu son commerce en France juste avant de venir s&#8217;\u00e9tablir au Qu\u00e9bec. Son but dans la vie, c&#8217;est de partager et faire plaisir aux gens. Et quoi de mieux que les p\u00e2tisseries et les d\u00e9lices sucr\u00e9s pour y arriver? &#x1f60b;<\/p>\r\n\r\n\r\n\r\n<p>Tout est fait maison, frais du jour et pr\u00e9par\u00e9 avec amour. <\/p>\r\n\r\n\r\n\r\n<p>Chez<strong> Atelier Lune<\/strong>, il n&#8217;y a pas de menu pr\u00e9\u00e9tabli. Le menu change au gr\u00e9 des envies de la p\u00e2tissi\u00e8re et des go\u00fbt des clients. <\/p>\r\n\r\n\r\n\r\n<p>En plus de pouvoir venir vous installer sur la terrasse ou \u00e0 l&#8217;int\u00e9rieur de la p\u00e2tisserie pour d\u00e9guster leurs produits avec un bon caf\u00e9, <strong>Atelier Lune<\/strong> offre aussi des services de traiteur sucr\u00e9, de confection de g\u00e2teaux de mariage et d&#8217;anniversaire, et de collaboration avec les entreprises. Ils sont ouverts \u00e0 vos id\u00e9es de projets!<\/p>\r\n\r\n\r\n\r\n<p>Faites-vous plaisir et faites-leur plaisir en allant les encourager. Un bel (et bon!) ajout \u00e0 notre charmant Vieux Saint-Eustache.<\/p>\r\n\r\n\r\n\r\n<div class=\"wp-block-image\"><figure class=\"aligncenter size-large is-resized\"><img loading=\"lazy\" decoding=\"async\" src=\"https:\/\/vaillancourtea.com\/files\/2022\/05\/atelier-lune-1024x1024.jpg\" alt=\"\" class=\"wp-image-851\" width=\"620\" height=\"620\" srcset=\"https:\/\/vaillancourtea.com\/files\/2022\/05\/atelier-lune-1024x1024.jpg 1024w, https:\/\/vaillancourtea.com\/files\/2022\/05\/atelier-lune-300x300.jpg 300w, https:\/\/vaillancourtea.com\/files\/2022\/05\/atelier-lune-150x150.jpg 150w, https:\/\/vaillancourtea.com\/files\/2022\/05\/atelier-lune-768x768.jpg 768w, https:\/\/vaillancourtea.com\/files\/2022\/05\/atelier-lune-1536x1536.jpg 1536w, https:\/\/vaillancourtea.com\/files\/2022\/05\/atelier-lune.jpg 2011w\" sizes=\"auto, (max-width: 620px) 100vw, 620px\" \/><figcaption>Cr\u00e9dit photo: Facebook<\/figcaption><\/figure><\/div>\r\n\r\n\r\n\r\n<p><strong>Contact<\/strong>:<\/p>\r\n\r\n\r\n\r\n<ul class=\"wp-block-list\"><li><em>Adresse<\/em>: 31 rue Saint Eustache, Saint-Eustache, J7R 2L1<\/li><li><em>Courriel<\/em>: <a href=\"mailto:atelierlunepatisserie@gmail.com\">atelierlunepatisserie@gmail.com<\/a>\u00a0\u00a0<\/li><li><em>T\u00e9l\u00e9phone<\/em>: 450-413-0905<\/li><li><em>Site web<\/em>: <a href=\"https:\/\/www.atelierlunepatisserie.com\/\" target=\"_blank\" rel=\"noreferrer noopener\">https:\/\/www.atelierlunepatisserie.com\/<\/a> <\/li><li><a href=\"https:\/\/www.facebook.com\/atelierlunepatisserie\" target=\"_blank\" rel=\"noreferrer noopener\">Page Facebook<\/a><\/li><li><a href=\"https:\/\/www.instagram.com\/atelierlunepatisserie\/?hl=fr\" target=\"_blank\" rel=\"noreferrer noopener\">Instagram<\/a><\/li><\/ul>\r\n\r\n\r\n\r\n<hr class=\"wp-block-separator\" \/>\r\n\r\n\r\n\r\n<p>Vous aimez ces d\u00e9couvertes locales?<\/p>\r\n\r\n\r\n\r\n<figure class=\"wp-block-image\"><a href=\"http:\/\/ici-laval-laurentides.zohosites.com\/?fbclid=IwAR29VunDPpw2rBCcCV5MZyMbAgVRpFbl5PtClahcBmNmrmrE6hoSr6CmgAo\" target=\"_blank\" rel=\"noreferrer noopener\"><img decoding=\"async\" src=\"https:\/\/vaillancourtea.com\/files\/2022\/02\/Copy-of-Dark-Grey-and-Brown-Anchor-Travel-Logo-2-1024x577.png\" alt=\"Ici Laval Laurentides\" class=\"wp-image-712\" \/><\/a><\/figure>\r\n\r\n\r\n\r\n<p>NOUVEAUT\u00c9S ET \u00c9V\u00c8NEMENTS LOCAUX ICI!<\/p>\r\n\r\n\r\n\r\n<p>Ne manquez jamais rien d\u2019int\u00e9ressant de ce qui se passe dans les secteurs de Laval-Ouest, Fabreville, Saint-Eustache, Deux-Montagnes, Saint-Joseph-du-Lac, Oka, Mirabel et les environs.<\/p>\r\n\r\n\r\n\r\n<p>Inscrivez-vous ici pour avoir une liste d\u2019\u00e9v\u00e9nements et de nouveaut\u00e9s dans votre secteur.<\/p>\r\n\r\n\r\n\r\n<p>Vous recevrez le fruit de toutes mes recherches dans votre bo\u00eete de courriel 2 fois par mois :<\/p>\r\n\r\n\r\n\r\n<p>&#x1f449;&nbsp;<a href=\"https:\/\/bit.ly\/365Tn7D\">https:\/\/bit.ly\/365Tn7D<\/a><\/p>","protected":false},"excerpt":{"rendered":"<p>Salut tout le monde, Aujourd&#8217;hui, je vous pr\u00e9sente ma plus r\u00e9cente d\u00e9couverte dans le Vieux Saint-Eustache : Atelier Lune! Atelier Lune, c&#8217;est une p\u00e2tisserie artisanale qui a ouvert ses portes le 24 mai 2022, il y a tout juste une semaine. Les fiers propri\u00e9taires sont Marine et Thomas Treil, fr\u00e8re et soeur. Ils sont originaires [&hellip;]<\/p>\n","protected":false},"author":1091,"featured_media":9198,"comment_status":"closed","ping_status":"open","sticky":false,"template":"","format":"standard","meta":{"_acf_changed":false,"footnotes":""},"categories":[179,174,180,177],"tags":[353,231,106,354,329,258,355,184,100,356,357],"class_list":["post-846","post","type-post","status-publish","format-standard","hentry","category-commerces","category-ici-laval-laurentides","category-restaurants","category-vie-de-quartier","tag-atelier-lune","tag-basses-laurentides-2","tag-cafe","tag-commerce","tag-commercelocal","tag-local","tag-patisserie","tag-restaurants","tag-saint-eustache","tag-sucre","tag-terroir"],"acf":[],"yoast_head":"<!-- This site is optimized with the Yoast SEO plugin v26.7 - https:\/\/yoast.com\/wordpress\/plugins\/seo\/ -->\n<title>Atelier Lune \u00e0 Saint-Eustache | Vaillancourt et Ass. | Courtier immobilier Laval - Rive-Nord<\/title>\n<meta name=\"robots\" content=\"index, follow, max-snippet:-1, max-image-preview:large, max-video-preview:-1\" \/>\n<link rel=\"canonical\" href=\"https:\/\/vaillancourtea.com\/en\/ici-laval-laurentides\/atelier-lune-a-saint-eustache\/\" \/>\n<meta property=\"og:locale\" content=\"en_US\" \/>\n<meta property=\"og:type\" content=\"article\" \/>\n<meta property=\"og:title\" content=\"Atelier Lune \u00e0 Saint-Eustache | Vaillancourt et Ass. | Courtier immobilier Laval - Rive-Nord\" \/>\n<meta property=\"og:description\" content=\"Salut tout le monde, Aujourd&#8217;hui, je vous pr\u00e9sente ma plus r\u00e9cente d\u00e9couverte dans le Vieux Saint-Eustache : Atelier Lune! Atelier Lune, c&#8217;est une p\u00e2tisserie artisanale qui a ouvert ses portes le 24 mai 2022, il y a tout juste une semaine. Les fiers propri\u00e9taires sont Marine et Thomas Treil, fr\u00e8re et soeur. Ils sont originaires [&hellip;]\" \/>\n<meta property=\"og:url\" content=\"https:\/\/vaillancourtea.com\/en\/ici-laval-laurentides\/atelier-lune-a-saint-eustache\/\" \/>\n<meta property=\"og:site_name\" content=\"Vaillancourt et Ass. | Courtier immobilier Laval - Rive-Nord\" \/>\n<meta property=\"article:published_time\" content=\"2022-05-31T23:20:27+00:00\" \/>\n<meta property=\"article:modified_time\" content=\"2025-09-04T17:46:23+00:00\" \/>\n<meta property=\"og:image\" content=\"https:\/\/vaillancourtea.com\/files\/2022\/05\/AtelierLune-2.jpg\" \/>\n\t<meta property=\"og:image:width\" content=\"1280\" \/>\n\t<meta property=\"og:image:height\" content=\"720\" \/>\n\t<meta property=\"og:image:type\" content=\"image\/jpeg\" \/>\n<meta name=\"author\" content=\"Chantal Vaillancourt\" \/>\n<meta name=\"twitter:card\" content=\"summary_large_image\" \/>\n<meta name=\"twitter:label1\" content=\"Written by\" \/>\n\t<meta name=\"twitter:data1\" content=\"Chantal Vaillancourt\" \/>\n\t<meta name=\"twitter:label2\" content=\"Est. reading time\" \/>\n\t<meta name=\"twitter:data2\" content=\"3 minutes\" \/>\n<script type=\"application\/ld+json\" class=\"yoast-schema-graph\">{\"@context\":\"https:\/\/schema.org\",\"@graph\":[{\"@type\":\"Article\",\"@id\":\"https:\/\/vaillancourtea.com\/en\/ici-laval-laurentides\/atelier-lune-a-saint-eustache\/#article\",\"isPartOf\":{\"@id\":\"https:\/\/vaillancourtea.com\/en\/ici-laval-laurentides\/atelier-lune-a-saint-eustache\/\"},\"author\":{\"name\":\"Chantal Vaillancourt\",\"@id\":\"https:\/\/vaillancourtea.com\/#\/schema\/person\/836f70fcb3e5ac822dbb9b822579c752\"},\"headline\":\"Atelier Lune \u00e0 Saint-Eustache\",\"datePublished\":\"2022-05-31T23:20:27+00:00\",\"dateModified\":\"2025-09-04T17:46:23+00:00\",\"mainEntityOfPage\":{\"@id\":\"https:\/\/vaillancourtea.com\/en\/ici-laval-laurentides\/atelier-lune-a-saint-eustache\/\"},\"wordCount\":852,\"publisher\":{\"@id\":\"https:\/\/vaillancourtea.com\/#organization\"},\"image\":{\"@id\":\"https:\/\/vaillancourtea.com\/en\/ici-laval-laurentides\/atelier-lune-a-saint-eustache\/#primaryimage\"},\"thumbnailUrl\":\"https:\/\/vaillancourtea.com\/files\/2022\/05\/AtelierLune-2.jpg\",\"keywords\":[\"atelier-lune\",\"basses-laurentides\",\"caf\u00e9\",\"commerce\",\"commercelocal\",\"local\",\"p\u00e2tisserie\",\"restaurants\",\"saint-eustache\",\"sucr\u00e9\",\"terroir\"],\"articleSection\":[\"Commerces\",\"\",\"Restaurants\",\"Vie de quartier\"],\"inLanguage\":\"en-US\"},{\"@type\":\"WebPage\",\"@id\":\"https:\/\/vaillancourtea.com\/en\/ici-laval-laurentides\/atelier-lune-a-saint-eustache\/\",\"url\":\"https:\/\/vaillancourtea.com\/en\/ici-laval-laurentides\/atelier-lune-a-saint-eustache\/\",\"name\":\"Atelier Lune \u00e0 Saint-Eustache | Vaillancourt et Ass. | Courtier immobilier Laval - Rive-Nord\",\"isPartOf\":{\"@id\":\"https:\/\/vaillancourtea.com\/#website\"},\"primaryImageOfPage\":{\"@id\":\"https:\/\/vaillancourtea.com\/en\/ici-laval-laurentides\/atelier-lune-a-saint-eustache\/#primaryimage\"},\"image\":{\"@id\":\"https:\/\/vaillancourtea.com\/en\/ici-laval-laurentides\/atelier-lune-a-saint-eustache\/#primaryimage\"},\"thumbnailUrl\":\"https:\/\/vaillancourtea.com\/files\/2022\/05\/AtelierLune-2.jpg\",\"datePublished\":\"2022-05-31T23:20:27+00:00\",\"dateModified\":\"2025-09-04T17:46:23+00:00\",\"breadcrumb\":{\"@id\":\"https:\/\/vaillancourtea.com\/en\/ici-laval-laurentides\/atelier-lune-a-saint-eustache\/#breadcrumb\"},\"inLanguage\":\"en-US\",\"potentialAction\":[{\"@type\":\"ReadAction\",\"target\":[\"https:\/\/vaillancourtea.com\/en\/ici-laval-laurentides\/atelier-lune-a-saint-eustache\/\"]}]},{\"@type\":\"ImageObject\",\"inLanguage\":\"en-US\",\"@id\":\"https:\/\/vaillancourtea.com\/en\/ici-laval-laurentides\/atelier-lune-a-saint-eustache\/#primaryimage\",\"url\":\"https:\/\/vaillancourtea.com\/files\/2022\/05\/AtelierLune-2.jpg\",\"contentUrl\":\"https:\/\/vaillancourtea.com\/files\/2022\/05\/AtelierLune-2.jpg\",\"width\":1280,\"height\":720},{\"@type\":\"BreadcrumbList\",\"@id\":\"https:\/\/vaillancourtea.com\/en\/ici-laval-laurentides\/atelier-lune-a-saint-eustache\/#breadcrumb\",\"itemListElement\":[{\"@type\":\"ListItem\",\"position\":1,\"name\":\"Accueil\",\"item\":\"https:\/\/vaillancourtea.com\/\"},{\"@type\":\"ListItem\",\"position\":2,\"name\":\"Atelier Lune \u00e0 Saint-Eustache\"}]},{\"@type\":\"WebSite\",\"@id\":\"https:\/\/vaillancourtea.com\/#website\",\"url\":\"https:\/\/vaillancourtea.com\/\",\"name\":\"Vaillancourt et Ass. | Courtier immobilier Laval - Rive-Nord\",\"description\":\"\",\"publisher\":{\"@id\":\"https:\/\/vaillancourtea.com\/#organization\"},\"potentialAction\":[{\"@type\":\"SearchAction\",\"target\":{\"@type\":\"EntryPoint\",\"urlTemplate\":\"https:\/\/vaillancourtea.com\/?s={search_term_string}\"},\"query-input\":{\"@type\":\"PropertyValueSpecification\",\"valueRequired\":true,\"valueName\":\"search_term_string\"}}],\"inLanguage\":\"en-US\"},{\"@type\":\"Organization\",\"@id\":\"https:\/\/vaillancourtea.com\/#organization\",\"name\":\"Chantal Vaillancourt, Courtier immobilier r\u00e9sidentiel\",\"url\":\"https:\/\/vaillancourtea.com\/\",\"logo\":{\"@type\":\"ImageObject\",\"inLanguage\":\"en-US\",\"@id\":\"https:\/\/vaillancourtea.com\/#\/schema\/logo\/image\/\",\"url\":\"https:\/\/vaillancourtea.com\/files\/2018\/11\/RP_Logo.png\",\"contentUrl\":\"https:\/\/vaillancourtea.com\/files\/2018\/11\/RP_Logo.png\",\"width\":168,\"height\":63,\"caption\":\"Chantal Vaillancourt, Courtier immobilier r\u00e9sidentiel\"},\"image\":{\"@id\":\"https:\/\/vaillancourtea.com\/#\/schema\/logo\/image\/\"}},{\"@type\":\"Person\",\"@id\":\"https:\/\/vaillancourtea.com\/#\/schema\/person\/836f70fcb3e5ac822dbb9b822579c752\",\"name\":\"Chantal Vaillancourt\",\"image\":{\"@type\":\"ImageObject\",\"inLanguage\":\"en-US\",\"@id\":\"https:\/\/vaillancourtea.com\/#\/schema\/person\/image\/\",\"url\":\"http:\/\/pvaillancourt.com\/files\/2015\/06\/Chantal-Vaillancourt_avatar_1435006367-96x96.jpg\",\"contentUrl\":\"http:\/\/pvaillancourt.com\/files\/2015\/06\/Chantal-Vaillancourt_avatar_1435006367-96x96.jpg\",\"caption\":\"Chantal Vaillancourt\"},\"description\":\"Chantal is passionate about her neighborhood. She is always looking to discover new hidden treasures in her area and to share them with others.\",\"url\":\"https:\/\/vaillancourtea.com\/en\/author\/chantal\/\"}]}<\/script>\n<!-- \/ Yoast SEO plugin. -->","yoast_head_json":{"title":"Atelier Lune \u00e0 Saint-Eustache | Vaillancourt et Ass. | Courtier immobilier Laval - Rive-Nord","robots":{"index":"index","follow":"follow","max-snippet":"max-snippet:-1","max-image-preview":"max-image-preview:large","max-video-preview":"max-video-preview:-1"},"canonical":"https:\/\/vaillancourtea.com\/en\/ici-laval-laurentides\/atelier-lune-a-saint-eustache\/","og_locale":"en_US","og_type":"article","og_title":"Atelier Lune \u00e0 Saint-Eustache | Vaillancourt et Ass. | Courtier immobilier Laval - Rive-Nord","og_description":"Salut tout le monde, Aujourd&#8217;hui, je vous pr\u00e9sente ma plus r\u00e9cente d\u00e9couverte dans le Vieux Saint-Eustache : Atelier Lune! Atelier Lune, c&#8217;est une p\u00e2tisserie artisanale qui a ouvert ses portes le 24 mai 2022, il y a tout juste une semaine. Les fiers propri\u00e9taires sont Marine et Thomas Treil, fr\u00e8re et soeur. Ils sont originaires [&hellip;]","og_url":"https:\/\/vaillancourtea.com\/en\/ici-laval-laurentides\/atelier-lune-a-saint-eustache\/","og_site_name":"Vaillancourt et Ass. | Courtier immobilier Laval - Rive-Nord","article_published_time":"2022-05-31T23:20:27+00:00","article_modified_time":"2025-09-04T17:46:23+00:00","og_image":[{"width":1280,"height":720,"url":"https:\/\/vaillancourtea.com\/files\/2022\/05\/AtelierLune-2.jpg","type":"image\/jpeg"}],"author":"Chantal Vaillancourt","twitter_card":"summary_large_image","twitter_misc":{"Written by":"Chantal Vaillancourt","Est. reading time":"3 minutes"},"schema":{"@context":"https:\/\/schema.org","@graph":[{"@type":"Article","@id":"https:\/\/vaillancourtea.com\/en\/ici-laval-laurentides\/atelier-lune-a-saint-eustache\/#article","isPartOf":{"@id":"https:\/\/vaillancourtea.com\/en\/ici-laval-laurentides\/atelier-lune-a-saint-eustache\/"},"author":{"name":"Chantal Vaillancourt","@id":"https:\/\/vaillancourtea.com\/#\/schema\/person\/836f70fcb3e5ac822dbb9b822579c752"},"headline":"Atelier Lune \u00e0 Saint-Eustache","datePublished":"2022-05-31T23:20:27+00:00","dateModified":"2025-09-04T17:46:23+00:00","mainEntityOfPage":{"@id":"https:\/\/vaillancourtea.com\/en\/ici-laval-laurentides\/atelier-lune-a-saint-eustache\/"},"wordCount":852,"publisher":{"@id":"https:\/\/vaillancourtea.com\/#organization"},"image":{"@id":"https:\/\/vaillancourtea.com\/en\/ici-laval-laurentides\/atelier-lune-a-saint-eustache\/#primaryimage"},"thumbnailUrl":"https:\/\/vaillancourtea.com\/files\/2022\/05\/AtelierLune-2.jpg","keywords":["atelier-lune","basses-laurentides","caf\u00e9","commerce","commercelocal","local","p\u00e2tisserie","restaurants","saint-eustache","sucr\u00e9","terroir"],"articleSection":["Commerces","","Restaurants","Vie de quartier"],"inLanguage":"en-US"},{"@type":"WebPage","@id":"https:\/\/vaillancourtea.com\/en\/ici-laval-laurentides\/atelier-lune-a-saint-eustache\/","url":"https:\/\/vaillancourtea.com\/en\/ici-laval-laurentides\/atelier-lune-a-saint-eustache\/","name":"Atelier Lune \u00e0 Saint-Eustache | Vaillancourt et Ass. | Courtier immobilier Laval - Rive-Nord","isPartOf":{"@id":"https:\/\/vaillancourtea.com\/#website"},"primaryImageOfPage":{"@id":"https:\/\/vaillancourtea.com\/en\/ici-laval-laurentides\/atelier-lune-a-saint-eustache\/#primaryimage"},"image":{"@id":"https:\/\/vaillancourtea.com\/en\/ici-laval-laurentides\/atelier-lune-a-saint-eustache\/#primaryimage"},"thumbnailUrl":"https:\/\/vaillancourtea.com\/files\/2022\/05\/AtelierLune-2.jpg","datePublished":"2022-05-31T23:20:27+00:00","dateModified":"2025-09-04T17:46:23+00:00","breadcrumb":{"@id":"https:\/\/vaillancourtea.com\/en\/ici-laval-laurentides\/atelier-lune-a-saint-eustache\/#breadcrumb"},"inLanguage":"en-US","potentialAction":[{"@type":"ReadAction","target":["https:\/\/vaillancourtea.com\/en\/ici-laval-laurentides\/atelier-lune-a-saint-eustache\/"]}]},{"@type":"ImageObject","inLanguage":"en-US","@id":"https:\/\/vaillancourtea.com\/en\/ici-laval-laurentides\/atelier-lune-a-saint-eustache\/#primaryimage","url":"https:\/\/vaillancourtea.com\/files\/2022\/05\/AtelierLune-2.jpg","contentUrl":"https:\/\/vaillancourtea.com\/files\/2022\/05\/AtelierLune-2.jpg","width":1280,"height":720},{"@type":"BreadcrumbList","@id":"https:\/\/vaillancourtea.com\/en\/ici-laval-laurentides\/atelier-lune-a-saint-eustache\/#breadcrumb","itemListElement":[{"@type":"ListItem","position":1,"name":"Accueil","item":"https:\/\/vaillancourtea.com\/"},{"@type":"ListItem","position":2,"name":"Atelier Lune \u00e0 Saint-Eustache"}]},{"@type":"WebSite","@id":"https:\/\/vaillancourtea.com\/#website","url":"https:\/\/vaillancourtea.com\/","name":"Vaillancourt et Ass. | Courtier immobilier Laval - Rive-Nord","description":"","publisher":{"@id":"https:\/\/vaillancourtea.com\/#organization"},"potentialAction":[{"@type":"SearchAction","target":{"@type":"EntryPoint","urlTemplate":"https:\/\/vaillancourtea.com\/?s={search_term_string}"},"query-input":{"@type":"PropertyValueSpecification","valueRequired":true,"valueName":"search_term_string"}}],"inLanguage":"en-US"},{"@type":"Organization","@id":"https:\/\/vaillancourtea.com\/#organization","name":"Chantal Vaillancourt, Courtier immobilier r\u00e9sidentiel","url":"https:\/\/vaillancourtea.com\/","logo":{"@type":"ImageObject","inLanguage":"en-US","@id":"https:\/\/vaillancourtea.com\/#\/schema\/logo\/image\/","url":"https:\/\/vaillancourtea.com\/files\/2018\/11\/RP_Logo.png","contentUrl":"https:\/\/vaillancourtea.com\/files\/2018\/11\/RP_Logo.png","width":168,"height":63,"caption":"Chantal Vaillancourt, Courtier immobilier r\u00e9sidentiel"},"image":{"@id":"https:\/\/vaillancourtea.com\/#\/schema\/logo\/image\/"}},{"@type":"Person","@id":"https:\/\/vaillancourtea.com\/#\/schema\/person\/836f70fcb3e5ac822dbb9b822579c752","name":"Chantal Vaillancourt","image":{"@type":"ImageObject","inLanguage":"en-US","@id":"https:\/\/vaillancourtea.com\/#\/schema\/person\/image\/","url":"http:\/\/pvaillancourt.com\/files\/2015\/06\/Chantal-Vaillancourt_avatar_1435006367-96x96.jpg","contentUrl":"http:\/\/pvaillancourt.com\/files\/2015\/06\/Chantal-Vaillancourt_avatar_1435006367-96x96.jpg","caption":"Chantal Vaillancourt"},"description":"Chantal is passionate about her neighborhood. She is always looking to discover new hidden treasures in her area and to share them with others.","url":"https:\/\/vaillancourtea.com\/en\/author\/chantal\/"}]}},"_links":{"self":[{"href":"https:\/\/vaillancourtea.com\/en\/wp-json\/wp\/v2\/posts\/846","targetHints":{"allow":["GET"]}}],"collection":[{"href":"https:\/\/vaillancourtea.com\/en\/wp-json\/wp\/v2\/posts"}],"about":[{"href":"https:\/\/vaillancourtea.com\/en\/wp-json\/wp\/v2\/types\/post"}],"author":[{"embeddable":true,"href":"https:\/\/vaillancourtea.com\/en\/wp-json\/wp\/v2\/users\/1091"}],"replies":[{"embeddable":true,"href":"https:\/\/vaillancourtea.com\/en\/wp-json\/wp\/v2\/comments?post=846"}],"version-history":[{"count":2,"href":"https:\/\/vaillancourtea.com\/en\/wp-json\/wp\/v2\/posts\/846\/revisions"}],"predecessor-version":[{"id":9203,"href":"https:\/\/vaillancourtea.com\/en\/wp-json\/wp\/v2\/posts\/846\/revisions\/9203"}],"wp:featuredmedia":[{"embeddable":true,"href":"https:\/\/vaillancourtea.com\/en\/wp-json\/wp\/v2\/media\/9198"}],"wp:attachment":[{"href":"https:\/\/vaillancourtea.com\/en\/wp-json\/wp\/v2\/media?parent=846"}],"wp:term":[{"taxonomy":"category","embeddable":true,"href":"https:\/\/vaillancourtea.com\/en\/wp-json\/wp\/v2\/categories?post=846"},{"taxonomy":"post_tag","embeddable":true,"href":"https:\/\/vaillancourtea.com\/en\/wp-json\/wp\/v2\/tags?post=846"}],"curies":[{"name":"wp","href":"https:\/\/api.w.org\/{rel}","templated":true}]}}