{"id":84,"date":"2020-11-28T23:26:34","date_gmt":"2020-11-29T04:26:34","guid":{"rendered":"http:\/\/icilavallaurentides.com\/?p=84"},"modified":"2022-06-27T12:10:33","modified_gmt":"2022-06-27T16:10:33","slug":"une-ecole-de-snowkite-ouvre-a-laval-ouest-2","status":"publish","type":"post","link":"https:\/\/vaillancourtea.com\/en\/ici-laval-laurentides\/une-ecole-de-snowkite-ouvre-a-laval-ouest-2\/","title":{"rendered":"Une \u00e9cole de Snowkite ouvre \u00e0 Laval-Ouest !"},"content":{"rendered":"\n<figure class=\"wp-block-image size-large\"><img decoding=\"async\" src=\"https:\/\/vaillancourtea.com\/files\/2021\/01\/12-1024x576.png\" alt=\"\" class=\"wp-image-106\" \/><\/figure>\n\n\n\n<p>SNOWKITE KITESURF LAVAL LAURENTIDES<br>Vous avez possiblement d\u00e9j\u00e0 vu de gros cerfs-volants sur la Rivi\u00e8re-des-Mille-Iles ou sur le Lac des Deux-Montages. Sourtout c&#8217;est derni\u00e8res ann\u00e9es.<\/p>\n\n\n\n<p>J&#8217;ai eu la chance de rencontrer le propri\u00e9taire de Kiteready, une nouvelle \u00e9cole de snowkite (ou kitesurf), situ\u00e9e \u00e0 Laval-Ouest.<\/p>\n\n\n\n<p>Voici un appercu de ce sport fascinant:<\/p>\n\n\n\n<figure class=\"wp-block-embed-youtube wp-block-embed is-type-video is-provider-youtube wp-embed-aspect-16-9 wp-has-aspect-ratio\"><div class=\"wp-block-embed__wrapper\">\n<iframe loading=\"lazy\" title=\"Kiteready - \u00c9cole de Kitesurf \u00e0 Laval-Ouest\" width=\"500\" height=\"281\" src=\"https:\/\/www.youtube.com\/embed\/Dm1RVSwCTj0?feature=oembed\" frameborder=\"0\" allow=\"accelerometer; autoplay; clipboard-write; encrypted-media; gyroscope; picture-in-picture; web-share\" referrerpolicy=\"strict-origin-when-cross-origin\" allowfullscreen><\/iframe>\n<\/div><\/figure>\n\n\n\n<p>Dans mon dernier \u00e9pisode du podcast, (suite \u00e0 une TR\u00c8S longue pause), je vous pr\u00e9sente Jean-S\u00e9bastien Cyr.<\/p>\n\n\n\n<p>Si vous pensez commencer ce nouveau sport grisant, vous aurez toutes les r\u00e9ponses \u00e0 vos questions en \u00e9coutant l&#8217;interview. Sinon,&nbsp;<strong><a href=\"https:\/\/www.facebook.com\/DansMonElement\" target=\"_blank\" rel=\"noreferrer noopener\">contactez S\u00e9bastien<\/a><\/strong>. Il a h\u00e2te de jaser avec vous !<\/p>\n","protected":false},"excerpt":{"rendered":"<p>SNOWKITE KITESURF LAVAL LAURENTIDESVous avez possiblement d\u00e9j\u00e0 vu de gros cerfs-volants sur la Rivi\u00e8re-des-Mille-Iles ou sur le Lac des Deux-Montages. Sourtout c&#8217;est derni\u00e8res ann\u00e9es. J&#8217;ai eu la chance de rencontrer le propri\u00e9taire de Kiteready, une nouvelle \u00e9cole de snowkite (ou kitesurf), situ\u00e9e \u00e0 Laval-Ouest. Voici un appercu de ce sport fascinant: Dans mon dernier \u00e9pisode [&hellip;]<\/p>\n","protected":false},"author":1091,"featured_media":0,"comment_status":"open","ping_status":"open","sticky":false,"template":"","format":"standard","meta":{"_acf_changed":false,"footnotes":""},"categories":[174,175,177],"tags":[124,130,176,131,125],"class_list":["post-84","post","type-post","status-publish","format-standard","hentry","category-ici-laval-laurentides","category-plein-air","category-vie-de-quartier","tag-kitesurf","tag-ski","tag-snow","tag-snowboard","tag-snowkite"],"acf":[],"yoast_head":"<!-- This site is optimized with the Yoast SEO plugin v26.7 - https:\/\/yoast.com\/wordpress\/plugins\/seo\/ -->\n<title>Une \u00e9cole de Snowkite ouvre \u00e0 Laval-Ouest ! | Vaillancourt et Ass. | Courtier immobilier Laval - Rive-Nord<\/title>\n<meta name=\"robots\" content=\"index, follow, max-snippet:-1, max-image-preview:large, max-video-preview:-1\" \/>\n<link rel=\"canonical\" href=\"https:\/\/vaillancourtea.com\/ici-laval-laurentides\/une-ecole-de-snowkite-ouvre-a-laval-ouest-2\/\" \/>\n<meta property=\"og:locale\" content=\"en_US\" \/>\n<meta property=\"og:type\" content=\"article\" \/>\n<meta property=\"og:title\" content=\"Une \u00e9cole de Snowkite ouvre \u00e0 Laval-Ouest ! | Vaillancourt et Ass. | Courtier immobilier Laval - Rive-Nord\" \/>\n<meta property=\"og:description\" content=\"SNOWKITE KITESURF LAVAL LAURENTIDESVous avez possiblement d\u00e9j\u00e0 vu de gros cerfs-volants sur la Rivi\u00e8re-des-Mille-Iles ou sur le Lac des Deux-Montages. Sourtout c&#8217;est derni\u00e8res ann\u00e9es. J&#8217;ai eu la chance de rencontrer le propri\u00e9taire de Kiteready, une nouvelle \u00e9cole de snowkite (ou kitesurf), situ\u00e9e \u00e0 Laval-Ouest. Voici un appercu de ce sport fascinant: Dans mon dernier \u00e9pisode [&hellip;]\" \/>\n<meta property=\"og:url\" content=\"https:\/\/vaillancourtea.com\/ici-laval-laurentides\/une-ecole-de-snowkite-ouvre-a-laval-ouest-2\/\" \/>\n<meta property=\"og:site_name\" content=\"Vaillancourt et Ass. | Courtier immobilier Laval - Rive-Nord\" \/>\n<meta property=\"article:published_time\" content=\"2020-11-29T04:26:34+00:00\" \/>\n<meta property=\"article:modified_time\" content=\"2022-06-27T16:10:33+00:00\" \/>\n<meta property=\"og:image\" content=\"https:\/\/vaillancourtea.com\/files\/2021\/01\/12-1024x576.png\" \/>\n<meta name=\"author\" content=\"Chantal Vaillancourt\" \/>\n<meta name=\"twitter:card\" content=\"summary_large_image\" \/>\n<meta name=\"twitter:label1\" content=\"Written by\" \/>\n\t<meta name=\"twitter:data1\" content=\"Chantal Vaillancourt\" \/>\n\t<meta name=\"twitter:label2\" content=\"Est. reading time\" \/>\n\t<meta name=\"twitter:data2\" content=\"1 minute\" \/>\n<script type=\"application\/ld+json\" class=\"yoast-schema-graph\">{\"@context\":\"https:\/\/schema.org\",\"@graph\":[{\"@type\":\"Article\",\"@id\":\"https:\/\/vaillancourtea.com\/ici-laval-laurentides\/une-ecole-de-snowkite-ouvre-a-laval-ouest-2\/#article\",\"isPartOf\":{\"@id\":\"https:\/\/vaillancourtea.com\/ici-laval-laurentides\/une-ecole-de-snowkite-ouvre-a-laval-ouest-2\/\"},\"author\":{\"name\":\"Chantal Vaillancourt\",\"@id\":\"https:\/\/vaillancourtea.com\/#\/schema\/person\/836f70fcb3e5ac822dbb9b822579c752\"},\"headline\":\"Une \u00e9cole de Snowkite ouvre \u00e0 Laval-Ouest !\",\"datePublished\":\"2020-11-29T04:26:34+00:00\",\"dateModified\":\"2022-06-27T16:10:33+00:00\",\"mainEntityOfPage\":{\"@id\":\"https:\/\/vaillancourtea.com\/ici-laval-laurentides\/une-ecole-de-snowkite-ouvre-a-laval-ouest-2\/\"},\"wordCount\":121,\"commentCount\":0,\"publisher\":{\"@id\":\"https:\/\/vaillancourtea.com\/#organization\"},\"image\":{\"@id\":\"https:\/\/vaillancourtea.com\/ici-laval-laurentides\/une-ecole-de-snowkite-ouvre-a-laval-ouest-2\/#primaryimage\"},\"thumbnailUrl\":\"https:\/\/vaillancourtea.com\/files\/2021\/01\/12-1024x576.png\",\"keywords\":[\"kitesurf\",\"ski\",\"snow\",\"snowboard\",\"snowkite\"],\"articleSection\":[\"\",\"Plein air\",\"Vie de quartier\"],\"inLanguage\":\"en-US\",\"potentialAction\":[{\"@type\":\"CommentAction\",\"name\":\"Comment\",\"target\":[\"https:\/\/vaillancourtea.com\/ici-laval-laurentides\/une-ecole-de-snowkite-ouvre-a-laval-ouest-2\/#respond\"]}]},{\"@type\":\"WebPage\",\"@id\":\"https:\/\/vaillancourtea.com\/ici-laval-laurentides\/une-ecole-de-snowkite-ouvre-a-laval-ouest-2\/\",\"url\":\"https:\/\/vaillancourtea.com\/ici-laval-laurentides\/une-ecole-de-snowkite-ouvre-a-laval-ouest-2\/\",\"name\":\"Une \u00e9cole de Snowkite ouvre \u00e0 Laval-Ouest ! | Vaillancourt et Ass. | Courtier immobilier Laval - Rive-Nord\",\"isPartOf\":{\"@id\":\"https:\/\/vaillancourtea.com\/#website\"},\"primaryImageOfPage\":{\"@id\":\"https:\/\/vaillancourtea.com\/ici-laval-laurentides\/une-ecole-de-snowkite-ouvre-a-laval-ouest-2\/#primaryimage\"},\"image\":{\"@id\":\"https:\/\/vaillancourtea.com\/ici-laval-laurentides\/une-ecole-de-snowkite-ouvre-a-laval-ouest-2\/#primaryimage\"},\"thumbnailUrl\":\"https:\/\/vaillancourtea.com\/files\/2021\/01\/12-1024x576.png\",\"datePublished\":\"2020-11-29T04:26:34+00:00\",\"dateModified\":\"2022-06-27T16:10:33+00:00\",\"breadcrumb\":{\"@id\":\"https:\/\/vaillancourtea.com\/ici-laval-laurentides\/une-ecole-de-snowkite-ouvre-a-laval-ouest-2\/#breadcrumb\"},\"inLanguage\":\"en-US\",\"potentialAction\":[{\"@type\":\"ReadAction\",\"target\":[\"https:\/\/vaillancourtea.com\/ici-laval-laurentides\/une-ecole-de-snowkite-ouvre-a-laval-ouest-2\/\"]}]},{\"@type\":\"ImageObject\",\"inLanguage\":\"en-US\",\"@id\":\"https:\/\/vaillancourtea.com\/ici-laval-laurentides\/une-ecole-de-snowkite-ouvre-a-laval-ouest-2\/#primaryimage\",\"url\":\"https:\/\/vaillancourtea.com\/files\/2021\/01\/12-1024x576.png\",\"contentUrl\":\"https:\/\/vaillancourtea.com\/files\/2021\/01\/12-1024x576.png\"},{\"@type\":\"BreadcrumbList\",\"@id\":\"https:\/\/vaillancourtea.com\/ici-laval-laurentides\/une-ecole-de-snowkite-ouvre-a-laval-ouest-2\/#breadcrumb\",\"itemListElement\":[{\"@type\":\"ListItem\",\"position\":1,\"name\":\"Accueil\",\"item\":\"https:\/\/vaillancourtea.com\/\"},{\"@type\":\"ListItem\",\"position\":2,\"name\":\"Une \u00e9cole de Snowkite ouvre \u00e0 Laval-Ouest !\"}]},{\"@type\":\"WebSite\",\"@id\":\"https:\/\/vaillancourtea.com\/#website\",\"url\":\"https:\/\/vaillancourtea.com\/\",\"name\":\"Vaillancourt et Ass. | Courtier immobilier Laval - Rive-Nord\",\"description\":\"\",\"publisher\":{\"@id\":\"https:\/\/vaillancourtea.com\/#organization\"},\"potentialAction\":[{\"@type\":\"SearchAction\",\"target\":{\"@type\":\"EntryPoint\",\"urlTemplate\":\"https:\/\/vaillancourtea.com\/?s={search_term_string}\"},\"query-input\":{\"@type\":\"PropertyValueSpecification\",\"valueRequired\":true,\"valueName\":\"search_term_string\"}}],\"inLanguage\":\"en-US\"},{\"@type\":\"Organization\",\"@id\":\"https:\/\/vaillancourtea.com\/#organization\",\"name\":\"Chantal Vaillancourt, Courtier immobilier r\u00e9sidentiel\",\"url\":\"https:\/\/vaillancourtea.com\/\",\"logo\":{\"@type\":\"ImageObject\",\"inLanguage\":\"en-US\",\"@id\":\"https:\/\/vaillancourtea.com\/#\/schema\/logo\/image\/\",\"url\":\"https:\/\/vaillancourtea.com\/files\/2018\/11\/RP_Logo.png\",\"contentUrl\":\"https:\/\/vaillancourtea.com\/files\/2018\/11\/RP_Logo.png\",\"width\":168,\"height\":63,\"caption\":\"Chantal Vaillancourt, Courtier immobilier r\u00e9sidentiel\"},\"image\":{\"@id\":\"https:\/\/vaillancourtea.com\/#\/schema\/logo\/image\/\"}},{\"@type\":\"Person\",\"@id\":\"https:\/\/vaillancourtea.com\/#\/schema\/person\/836f70fcb3e5ac822dbb9b822579c752\",\"name\":\"Chantal Vaillancourt\",\"image\":{\"@type\":\"ImageObject\",\"inLanguage\":\"en-US\",\"@id\":\"https:\/\/vaillancourtea.com\/#\/schema\/person\/image\/\",\"url\":\"http:\/\/pvaillancourt.com\/files\/2015\/06\/Chantal-Vaillancourt_avatar_1435006367-96x96.jpg\",\"contentUrl\":\"http:\/\/pvaillancourt.com\/files\/2015\/06\/Chantal-Vaillancourt_avatar_1435006367-96x96.jpg\",\"caption\":\"Chantal Vaillancourt\"},\"description\":\"Chantal is passionate about her neighborhood. She is always looking to discover new hidden treasures in her area and to share them with others.\",\"url\":\"https:\/\/vaillancourtea.com\/en\/author\/chantal\/\"}]}<\/script>\n<!-- \/ Yoast SEO plugin. -->","yoast_head_json":{"title":"Une \u00e9cole de Snowkite ouvre \u00e0 Laval-Ouest ! | Vaillancourt et Ass. | Courtier immobilier Laval - Rive-Nord","robots":{"index":"index","follow":"follow","max-snippet":"max-snippet:-1","max-image-preview":"max-image-preview:large","max-video-preview":"max-video-preview:-1"},"canonical":"https:\/\/vaillancourtea.com\/ici-laval-laurentides\/une-ecole-de-snowkite-ouvre-a-laval-ouest-2\/","og_locale":"en_US","og_type":"article","og_title":"Une \u00e9cole de Snowkite ouvre \u00e0 Laval-Ouest ! | Vaillancourt et Ass. | Courtier immobilier Laval - Rive-Nord","og_description":"SNOWKITE KITESURF LAVAL LAURENTIDESVous avez possiblement d\u00e9j\u00e0 vu de gros cerfs-volants sur la Rivi\u00e8re-des-Mille-Iles ou sur le Lac des Deux-Montages. Sourtout c&#8217;est derni\u00e8res ann\u00e9es. J&#8217;ai eu la chance de rencontrer le propri\u00e9taire de Kiteready, une nouvelle \u00e9cole de snowkite (ou kitesurf), situ\u00e9e \u00e0 Laval-Ouest. Voici un appercu de ce sport fascinant: Dans mon dernier \u00e9pisode [&hellip;]","og_url":"https:\/\/vaillancourtea.com\/ici-laval-laurentides\/une-ecole-de-snowkite-ouvre-a-laval-ouest-2\/","og_site_name":"Vaillancourt et Ass. | Courtier immobilier Laval - Rive-Nord","article_published_time":"2020-11-29T04:26:34+00:00","article_modified_time":"2022-06-27T16:10:33+00:00","og_image":[{"url":"https:\/\/vaillancourtea.com\/files\/2021\/01\/12-1024x576.png","type":"","width":"","height":""}],"author":"Chantal Vaillancourt","twitter_card":"summary_large_image","twitter_misc":{"Written by":"Chantal Vaillancourt","Est. reading time":"1 minute"},"schema":{"@context":"https:\/\/schema.org","@graph":[{"@type":"Article","@id":"https:\/\/vaillancourtea.com\/ici-laval-laurentides\/une-ecole-de-snowkite-ouvre-a-laval-ouest-2\/#article","isPartOf":{"@id":"https:\/\/vaillancourtea.com\/ici-laval-laurentides\/une-ecole-de-snowkite-ouvre-a-laval-ouest-2\/"},"author":{"name":"Chantal Vaillancourt","@id":"https:\/\/vaillancourtea.com\/#\/schema\/person\/836f70fcb3e5ac822dbb9b822579c752"},"headline":"Une \u00e9cole de Snowkite ouvre \u00e0 Laval-Ouest !","datePublished":"2020-11-29T04:26:34+00:00","dateModified":"2022-06-27T16:10:33+00:00","mainEntityOfPage":{"@id":"https:\/\/vaillancourtea.com\/ici-laval-laurentides\/une-ecole-de-snowkite-ouvre-a-laval-ouest-2\/"},"wordCount":121,"commentCount":0,"publisher":{"@id":"https:\/\/vaillancourtea.com\/#organization"},"image":{"@id":"https:\/\/vaillancourtea.com\/ici-laval-laurentides\/une-ecole-de-snowkite-ouvre-a-laval-ouest-2\/#primaryimage"},"thumbnailUrl":"https:\/\/vaillancourtea.com\/files\/2021\/01\/12-1024x576.png","keywords":["kitesurf","ski","snow","snowboard","snowkite"],"articleSection":["","Plein air","Vie de quartier"],"inLanguage":"en-US","potentialAction":[{"@type":"CommentAction","name":"Comment","target":["https:\/\/vaillancourtea.com\/ici-laval-laurentides\/une-ecole-de-snowkite-ouvre-a-laval-ouest-2\/#respond"]}]},{"@type":"WebPage","@id":"https:\/\/vaillancourtea.com\/ici-laval-laurentides\/une-ecole-de-snowkite-ouvre-a-laval-ouest-2\/","url":"https:\/\/vaillancourtea.com\/ici-laval-laurentides\/une-ecole-de-snowkite-ouvre-a-laval-ouest-2\/","name":"Une \u00e9cole de Snowkite ouvre \u00e0 Laval-Ouest ! | Vaillancourt et Ass. | Courtier immobilier Laval - Rive-Nord","isPartOf":{"@id":"https:\/\/vaillancourtea.com\/#website"},"primaryImageOfPage":{"@id":"https:\/\/vaillancourtea.com\/ici-laval-laurentides\/une-ecole-de-snowkite-ouvre-a-laval-ouest-2\/#primaryimage"},"image":{"@id":"https:\/\/vaillancourtea.com\/ici-laval-laurentides\/une-ecole-de-snowkite-ouvre-a-laval-ouest-2\/#primaryimage"},"thumbnailUrl":"https:\/\/vaillancourtea.com\/files\/2021\/01\/12-1024x576.png","datePublished":"2020-11-29T04:26:34+00:00","dateModified":"2022-06-27T16:10:33+00:00","breadcrumb":{"@id":"https:\/\/vaillancourtea.com\/ici-laval-laurentides\/une-ecole-de-snowkite-ouvre-a-laval-ouest-2\/#breadcrumb"},"inLanguage":"en-US","potentialAction":[{"@type":"ReadAction","target":["https:\/\/vaillancourtea.com\/ici-laval-laurentides\/une-ecole-de-snowkite-ouvre-a-laval-ouest-2\/"]}]},{"@type":"ImageObject","inLanguage":"en-US","@id":"https:\/\/vaillancourtea.com\/ici-laval-laurentides\/une-ecole-de-snowkite-ouvre-a-laval-ouest-2\/#primaryimage","url":"https:\/\/vaillancourtea.com\/files\/2021\/01\/12-1024x576.png","contentUrl":"https:\/\/vaillancourtea.com\/files\/2021\/01\/12-1024x576.png"},{"@type":"BreadcrumbList","@id":"https:\/\/vaillancourtea.com\/ici-laval-laurentides\/une-ecole-de-snowkite-ouvre-a-laval-ouest-2\/#breadcrumb","itemListElement":[{"@type":"ListItem","position":1,"name":"Accueil","item":"https:\/\/vaillancourtea.com\/"},{"@type":"ListItem","position":2,"name":"Une \u00e9cole de Snowkite ouvre \u00e0 Laval-Ouest !"}]},{"@type":"WebSite","@id":"https:\/\/vaillancourtea.com\/#website","url":"https:\/\/vaillancourtea.com\/","name":"Vaillancourt et Ass. | Courtier immobilier Laval - Rive-Nord","description":"","publisher":{"@id":"https:\/\/vaillancourtea.com\/#organization"},"potentialAction":[{"@type":"SearchAction","target":{"@type":"EntryPoint","urlTemplate":"https:\/\/vaillancourtea.com\/?s={search_term_string}"},"query-input":{"@type":"PropertyValueSpecification","valueRequired":true,"valueName":"search_term_string"}}],"inLanguage":"en-US"},{"@type":"Organization","@id":"https:\/\/vaillancourtea.com\/#organization","name":"Chantal Vaillancourt, Courtier immobilier r\u00e9sidentiel","url":"https:\/\/vaillancourtea.com\/","logo":{"@type":"ImageObject","inLanguage":"en-US","@id":"https:\/\/vaillancourtea.com\/#\/schema\/logo\/image\/","url":"https:\/\/vaillancourtea.com\/files\/2018\/11\/RP_Logo.png","contentUrl":"https:\/\/vaillancourtea.com\/files\/2018\/11\/RP_Logo.png","width":168,"height":63,"caption":"Chantal Vaillancourt, Courtier immobilier r\u00e9sidentiel"},"image":{"@id":"https:\/\/vaillancourtea.com\/#\/schema\/logo\/image\/"}},{"@type":"Person","@id":"https:\/\/vaillancourtea.com\/#\/schema\/person\/836f70fcb3e5ac822dbb9b822579c752","name":"Chantal Vaillancourt","image":{"@type":"ImageObject","inLanguage":"en-US","@id":"https:\/\/vaillancourtea.com\/#\/schema\/person\/image\/","url":"http:\/\/pvaillancourt.com\/files\/2015\/06\/Chantal-Vaillancourt_avatar_1435006367-96x96.jpg","contentUrl":"http:\/\/pvaillancourt.com\/files\/2015\/06\/Chantal-Vaillancourt_avatar_1435006367-96x96.jpg","caption":"Chantal Vaillancourt"},"description":"Chantal is passionate about her neighborhood. She is always looking to discover new hidden treasures in her area and to share them with others.","url":"https:\/\/vaillancourtea.com\/en\/author\/chantal\/"}]}},"_links":{"self":[{"href":"https:\/\/vaillancourtea.com\/en\/wp-json\/wp\/v2\/posts\/84","targetHints":{"allow":["GET"]}}],"collection":[{"href":"https:\/\/vaillancourtea.com\/en\/wp-json\/wp\/v2\/posts"}],"about":[{"href":"https:\/\/vaillancourtea.com\/en\/wp-json\/wp\/v2\/types\/post"}],"author":[{"embeddable":true,"href":"https:\/\/vaillancourtea.com\/en\/wp-json\/wp\/v2\/users\/1091"}],"replies":[{"embeddable":true,"href":"https:\/\/vaillancourtea.com\/en\/wp-json\/wp\/v2\/comments?post=84"}],"version-history":[{"count":1,"href":"https:\/\/vaillancourtea.com\/en\/wp-json\/wp\/v2\/posts\/84\/revisions"}],"predecessor-version":[{"id":4732,"href":"https:\/\/vaillancourtea.com\/en\/wp-json\/wp\/v2\/posts\/84\/revisions\/4732"}],"wp:attachment":[{"href":"https:\/\/vaillancourtea.com\/en\/wp-json\/wp\/v2\/media?parent=84"}],"wp:term":[{"taxonomy":"category","embeddable":true,"href":"https:\/\/vaillancourtea.com\/en\/wp-json\/wp\/v2\/categories?post=84"},{"taxonomy":"post_tag","embeddable":true,"href":"https:\/\/vaillancourtea.com\/en\/wp-json\/wp\/v2\/tags?post=84"}],"curies":[{"name":"wp","href":"https:\/\/api.w.org\/{rel}","templated":true}]}}