{"id":811,"date":"2025-05-20T19:58:08","date_gmt":"2025-05-20T23:58:08","guid":{"rendered":"http:\/\/icilavallaurentides.com\/?p=811"},"modified":"2025-07-09T16:31:59","modified_gmt":"2025-07-09T20:31:59","slug":"quels-sont-les-promoteurs-de-projets-domiciliaires-a-saint-eustache-et-dans-les-basses-laurentides","status":"publish","type":"post","link":"https:\/\/vaillancourtea.com\/en\/immobilier\/quels-sont-les-promoteurs-de-projets-domiciliaires-a-saint-eustache-et-dans-les-basses-laurentides\/","title":{"rendered":"Les promoteurs &#8211; constructeurs d&#8217;habitations neuves dans les Basses-Laurentides"},"content":{"rendered":"<p>Voici une liste (non exhaustive) des d\u00e9veloppeurs et constructeurs d&#8217;habitations neuves &#8211; projets domiciliaires &#8211; dans les Basses-Laurentides. <\/p>\r\n\r\n\r\n\r\n<p style=\"font-size:11px\">*Veuillez noter que nous n&#8217;avons aucun lien avec les d\u00e9veloppeurs \u00e9num\u00e9r\u00e9s ci-dessous et que cette liste se veut un outil facilitant dans vos recherches.<\/p>\r\n\r\n\r\n\r\n<div class=\"wp-block-image\"><figure class=\"aligncenter size-large\"><img decoding=\"async\" src=\"https:\/\/vaillancourtea.com\/files\/2022\/05\/maison-neuve-habitat-garage-double-1024x683.jpg\" alt=\"maison construction neuve\" class=\"wp-image-812\" \/><figcaption>Cr\u00e9dit photo: GBD Construction<\/figcaption><\/figure><\/div>\r\n\r\n\r\n\r\n<p class=\"has-text-align-center has-larger-font-size\"><strong>PROMOTEURS (D\u00e9veloppements)<\/strong><\/p>\r\n\r\n\r\n\r\n<p class=\"has-accent-color has-text-color has-larger-font-size\"><strong>Acc\u00e8s Habitation<\/strong><\/p>\r\n\r\n\r\n\r\n<p style=\"font-size:20px\"><a href=\"https:\/\/acceshabitation.com\/projets\/projet-residentiel-st-colomban\/\" target=\"_blank\" rel=\"noreferrer noopener\">Domaine des Faucons &#8211; Saint-Colomban<\/a><\/p>\r\n\r\n\r\n\r\n<ul class=\"wp-block-list\"><li>Terrains de 32 000 pieds carr\u00e9s<\/li><li>Unifamiliales<\/li><li>Plusieurs mod\u00e8les disponibles (et modifiables)<\/li><\/ul>\r\n\r\n\r\n\r\n<figure class=\"wp-block-image size-full is-resized\"><img loading=\"lazy\" decoding=\"async\" src=\"https:\/\/vaillancourtea.com\/files\/2022\/05\/image.png\" alt=\"\" class=\"wp-image-813\" width=\"415\" height=\"234\" \/><\/figure>\r\n\r\n\r\n\r\n<p>*Plusieurs autres projets \u00e0 Saint-Hippolyte et Saint-Calixte.<\/p>\r\n\r\n\r\n\r\n<p>\u2192<strong>Contact<\/strong><\/p>\r\n\r\n\r\n\r\n<ul class=\"wp-block-list\"><li><em>Adresse<\/em>: 2200 Boul. Ste-Sophie, Sainte-Sophie, QC, J5J 2P5<\/li><li><em>T\u00e9l\u00e9phone<\/em>: 450-504-6011<\/li><li><em>Courriel<\/em>:  <a href=\"mailto:info@acceshabitation.com\" target=\"_blank\" rel=\"noreferrer noopener\">info@acceshabitation.com<\/a><\/li><li><a rel=\"noreferrer noopener\" href=\"https:\/\/acceshabitation.com\/\" target=\"_blank\">Site web<\/a><\/li><\/ul>\r\n\r\n\r\n\r\n<p class=\"has-accent-color has-text-color has-larger-font-size\"><strong>Construction Voyer<\/strong><\/p>\r\n\r\n\r\n\r\n<p style=\"font-size:20px\"><a href=\"https:\/\/voyer.ca\/fr\/projets\/les-villas-de-la-cite-de-mirabel\/\" target=\"_blank\" rel=\"noreferrer noopener\">Villas Cit\u00e9 Mirabel &#8211; secteur de La Cit\u00e9 de Mirabel<\/a><\/p>\r\n\r\n\r\n\r\n<ul class=\"wp-block-list\"><li>Maisons de ville de prestige (3 chambres, mais convertible en 2 chambres au besoin)<\/li><li>Certifi\u00e9es <a rel=\"noreferrer noopener\" href=\"https:\/\/transitionenergetique.gouv.qc.ca\/residentiel\/programmes\/novoclimat#:~:text=Le%20programme%20Novoclimat%20encourage%20la,de%20confort%20%C3%A0%20ses%20occupants.\" target=\"_blank\">Novoclimat<\/a><\/li><li>Concept pr\u00eat-\u00e0-vivre<\/li><li>\u00c0 partir de 564 999$ + taxes (terrain inclus)<\/li><\/ul>\r\n\r\n\r\n\r\n<figure class=\"wp-block-image size-full is-resized\"><img loading=\"lazy\" decoding=\"async\" src=\"https:\/\/vaillancourtea.com\/files\/2022\/05\/image-1.png\" alt=\"\" class=\"wp-image-814\" width=\"255\" height=\"247\" \/><\/figure>\r\n\r\n\r\n\r\n<p>\u2192<strong>Contact<\/strong><\/p>\r\n\r\n\r\n\r\n<ul class=\"wp-block-list\"><li><em>Adresse<\/em>: 11 360, rue de Chambord (par Notre-Dame), Mirabel<\/li><li><em>T\u00e9l\u00e9phone<\/em> (M. Normand Bergeron): 450-963-8300 #554 \/ <em>Cellulaire<\/em>: 514-792-2522<\/li><li><em>Courriel<\/em>:  <a rel=\"noreferrer noopener\" href=\"mailto:nbergeron@voyer.ca\" target=\"_blank\"><a href=\"mailto:ventes@villascitemirabel.com\">nbergeron@voyer.ca<\/a>\u00a0<\/a><\/li><li><a rel=\"noreferrer noopener\" href=\"https:\/\/voyer.ca\/fr\/projets\/les-villas-de-la-cite-de-mirabel\/\" target=\"_blank\">Site web<\/a><\/li><\/ul>\r\n\r\n\r\n\r\n<p class=\"has-accent-color has-text-color has-larger-font-size\"><strong>Le Colombier<\/strong><\/p>\r\n\r\n\r\n\r\n<p style=\"font-size:20px\"><a href=\"https:\/\/projetlecolombier.com\/\" target=\"_blank\" rel=\"noreferrer noopener\">Projet domiciliaire Le Colombier<\/a><\/p>\r\n\r\n\r\n\r\n<ul class=\"wp-block-list\"><li>La ville \u00e0 la campagne, milieu id\u00e9al pour les familles<\/li><li>Unifamiliales<\/li><li>Constructions cot\u00e9es &#8221;A&#8221; (presque &#8221;AA&#8221;) : <a rel=\"noreferrer noopener\" href=\"https:\/\/projetlecolombier.com\/wp-content\/uploads\/2021\/11\/Ce-qui-nous-differencie-2022-23_Le-Colombier-1.pdf\" target=\"_blank\">\u00e9l\u00e9ments diff\u00e9renciateurs juste ici<\/a><\/li><\/ul>\r\n\r\n\r\n\r\n<figure class=\"wp-block-image size-full\"><img decoding=\"async\" src=\"https:\/\/vaillancourtea.com\/files\/2022\/05\/image-2.png\" alt=\"\" class=\"wp-image-815\" \/><\/figure>\r\n\r\n\r\n\r\n<p>\u2192<strong>Contact<\/strong><\/p>\r\n\r\n\r\n\r\n<ul class=\"wp-block-list\"><li><em>Adresse<\/em>: 33, rue du Lac Rinfret, Saint-Colomban, Qu\u00e9bec, J5K 2C1<\/li><li><em>T\u00e9l\u00e9phone<\/em> (Mme M\u00e9lissa Roy): 514-814-8262<\/li><li><em>Courriel<\/em>:  <a href=\"mailto:info@projetlecolombier.com\">info@projetlecolombier.com<\/a><\/li><li><a rel=\"noreferrer noopener\" href=\"https:\/\/projetlecolombier.com\/\" target=\"_blank\">Site web<\/a><\/li><\/ul>\r\n\r\n\r\n\r\n<p class=\"has-accent-color has-text-color has-larger-font-size\"><strong>GBD Construction (Beno\u00eet Dumoulin)<\/strong><\/p>\r\n\r\n\r\n\r\n<p>De nombreux projets en cours!&#x1f447;<\/p>\r\n\r\n\r\n\r\n<figure class=\"wp-block-image size-full\"><img loading=\"lazy\" decoding=\"async\" width=\"734\" height=\"262\" src=\"https:\/\/vaillancourtea.com\/files\/2022\/05\/image-3.png\" alt=\"\" class=\"wp-image-816\" srcset=\"https:\/\/vaillancourtea.com\/files\/2022\/05\/image-3.png 734w, https:\/\/vaillancourtea.com\/files\/2022\/05\/image-3-300x107.png 300w\" sizes=\"auto, (max-width: 734px) 100vw, 734px\" \/><\/figure>\r\n\r\n\r\n\r\n<p style=\"font-size:20px\"><a href=\"https:\/\/www.gestionbenoitdumoulin.com\/projets_domiciliaires\/mirabel\/seigneurie_mirabel\/\" target=\"_blank\" rel=\"noreferrer noopener\">Seigneurie de Mirabel<\/a><\/p>\r\n\r\n\r\n\r\n<figure class=\"wp-block-image size-full is-resized\"><img loading=\"lazy\" decoding=\"async\" src=\"https:\/\/vaillancourtea.com\/files\/2022\/05\/image-4.png\" alt=\"\" class=\"wp-image-817\" width=\"340\" height=\"256\" srcset=\"https:\/\/vaillancourtea.com\/files\/2022\/05\/image-4.png 446w, https:\/\/vaillancourtea.com\/files\/2022\/05\/image-4-300x226.png 300w\" sizes=\"auto, (max-width: 340px) 100vw, 340px\" \/><\/figure>\r\n\r\n\r\n\r\n<ul class=\"wp-block-list\"><li>Unifamiliales et interg\u00e9n\u00e9rations<\/li><li>&#8221;Situ\u00e9 tout pr\u00e8s de plusieurs espaces verts, dont le&nbsp;<a rel=\"noreferrer noopener\" href=\"http:\/\/www.domainevert.com\/\" target=\"_blank\">Parc du Domaine-Vert<\/a>, le&nbsp;<a rel=\"noreferrer noopener\" href=\"http:\/\/www.boisdebelleriviere.com\/\" target=\"_blank\">Parc r\u00e9gional \u00e9ducatif du bois de Belle-Rivi\u00e8re<\/a>&nbsp;et d&#8217;une dizaine de terrains de golf, dont le&nbsp;<a rel=\"noreferrer noopener\" href=\"http:\/\/www.golflesquatredomaines.ca\/\" target=\"_blank\">Golf des 4 Domaines<\/a>.&#8221;<\/li><\/ul>\r\n\r\n\r\n\r\n<p>\u2192<strong>Contact<\/strong><\/p>\r\n\r\n\r\n\r\n<ul class=\"wp-block-list\"><li><em>Adresse &#8211; bureau des ventes<\/em>: 26 rue Claude-Dumoulin, Saint-Joseph-du-Lac, J0N 1M0<\/li><li><em>T\u00e9l\u00e9phone<\/em> (Alain Brasseur, repr\u00e9sentant): 450-472-6303<\/li><li><em>Courriel<\/em>:  <a href=\"mailto:info@gbdconstruction.ca\">info@gbdconstruction.ca<\/a><\/li><li><a href=\"https:\/\/www.gestionbenoitdumoulin.com\/projets_domiciliaires\/mirabel\/seigneurie_mirabel\/\" target=\"_blank\" rel=\"noreferrer noopener\">Site web<\/a><\/li><\/ul>\r\n\r\n\r\n\r\n<p style=\"font-size:20px\"><a href=\"https:\/\/www.gestionbenoitdumoulin.com\/projets_domiciliaires\/saint-eustache\/albatros\/\" target=\"_blank\" rel=\"noreferrer noopener\">Albatros &#8211; Saint-Eustache<\/a><\/p>\r\n\r\n\r\n\r\n<figure class=\"wp-block-image size-full\"><img decoding=\"async\" src=\"https:\/\/vaillancourtea.com\/files\/2022\/05\/image-5.png\" alt=\"\" class=\"wp-image-818\" \/><\/figure>\r\n\r\n\r\n\r\n<ul class=\"wp-block-list\"><li>Unifamiliales, maisons de ville et m\u00eame des condos locatifs<\/li><li>Sur le site de l&#8217;ancien golf Deux-Montagnes, pr\u00e8s de la A640 et du Boul. Arthur-Sauv\u00e9<\/li><li>Immense parc central offrant un milieu de vie actif et familial<\/li><\/ul>\r\n\r\n\r\n\r\n<p>\u2192<strong>Contact<\/strong><\/p>\r\n\r\n\r\n\r\n<ul class=\"wp-block-list\"><li><em>Adresse &#8211; bureau des ventes<\/em>: 557 Chemin de la Rivi\u00e8re Sud, Saint-Eustache, J7R 0E1<\/li><li><em>T\u00e9l\u00e9phone<\/em> (Hugo Saint-Jacques, repr\u00e9sentant maisons): 450-472-6303 \/ 514-246-4313<\/li><li><em>Courriel<\/em>:  <a href=\"mailto:info@gbdconstruction.ca\">info@gbdconstruction.ca<\/a><\/li><li><a href=\"https:\/\/www.gestionbenoitdumoulin.com\/projets_domiciliaires\/saint-eustache\/albatros\/\" target=\"_blank\" rel=\"noreferrer noopener\">Site web<\/a><\/li><\/ul>\r\n\r\n\r\n\r\n<p style=\"font-size:20px\"><a href=\"https:\/\/www.gestionbenoitdumoulin.com\/projets_domiciliaires\/saint-joseph-du-lac\/le-bourg-st-joseph\/\" target=\"_blank\" rel=\"noreferrer noopener\">Le Bourg St-Joseph &#8211; Saint-Joseph-du-Lac<\/a><\/p>\r\n\r\n\r\n\r\n<figure class=\"wp-block-image size-full is-resized\"><img loading=\"lazy\" decoding=\"async\" src=\"https:\/\/vaillancourtea.com\/files\/2022\/05\/image-6.png\" alt=\"\" class=\"wp-image-819\" width=\"345\" height=\"324\" \/><\/figure>\r\n\r\n\r\n\r\n<ul class=\"wp-block-list\"><li>Unifamiliales, jumel\u00e9s, interg\u00e9n\u00e9rations et condos<\/li><li>Pr\u00e8s des limites de Sainte-Marthe-sur-le-Lac et situ\u00e9 \u00e0 quelques minutes en auto de la gare de Deux-Montagnes (train de banlieue: Deux-Montagnes &#8211; Montr\u00e9al en 40 minutes)<\/li><li>Facile d&#8217;acc\u00e8s et \u00e0 proximit\u00e9 de tous les services<\/li><\/ul>\r\n\r\n\r\n\r\n<p>\u2192<strong>Contact<\/strong><\/p>\r\n\r\n\r\n\r\n<ul class=\"wp-block-list\"><li><em>Adresse &#8211; bureau des ventes<\/em>: 26 rue Claude-Dumoulin, Saint-Joseph-du-Lac, J0N 1M0<\/li><li><em>T\u00e9l\u00e9phone<\/em> (Alain Brasseur, repr\u00e9sentant): 450-472-6303<\/li><li><em>Courriel<\/em>:  <a href=\"mailto:info@gbdconstruction.ca\">info@gbdconstruction.ca<\/a><\/li><li><a href=\"https:\/\/www.gestionbenoitdumoulin.com\/projets_domiciliaires\/saint-joseph-du-lac\/le-bourg-st-joseph\/\" target=\"_blank\" rel=\"noreferrer noopener\">Site web<\/a><\/li><\/ul>\r\n\r\n\r\n\r\n<p style=\"font-size:20px\"><a href=\"https:\/\/www.gestionbenoitdumoulin.com\/projets_domiciliaires\/saint-joseph-du-lac\/plateaux-du-ruisseau\/\" target=\"_blank\" rel=\"noreferrer noopener\">Les Plateaux du Ruisseau &#8211; Saint-Joseph-du-Lac<\/a><\/p>\r\n\r\n\r\n\r\n<figure class=\"wp-block-image size-full is-resized\"><img loading=\"lazy\" decoding=\"async\" src=\"https:\/\/vaillancourtea.com\/files\/2022\/05\/image-7.png\" alt=\"\" class=\"wp-image-820\" width=\"350\" height=\"331\" \/><\/figure>\r\n\r\n\r\n\r\n<ul class=\"wp-block-list\"><li>Jumel\u00e9s, maisons de villes et condos<\/li><li>&#8221;Strat\u00e9giquement situ\u00e9 entre la ville et la campagne, ce projet est facilement accessible, pr\u00e8s de tous les services et dans un environnement champ\u00eatre.&#8221;<\/li><\/ul>\r\n\r\n\r\n\r\n<p>\u2192<strong>Contact<\/strong><\/p>\r\n\r\n\r\n\r\n<ul class=\"wp-block-list\"><li><em>Adresse &#8211; bureau des ventes<\/em>: 26 rue Claude-Dumoulin, Saint-Joseph-du-Lac, J0N 1M0<\/li><li><em>T\u00e9l\u00e9phone<\/em> (Alain Brasseur, repr\u00e9sentant): 450-472-6303<\/li><li><em>Courriel<\/em>:  <a href=\"mailto:info@gbdconstruction.ca\">info@gbdconstruction.ca<\/a><\/li><li><a href=\"https:\/\/www.gestionbenoitdumoulin.com\/projets_domiciliaires\/saint-joseph-du-lac\/plateaux-du-ruisseau\/\" target=\"_blank\" rel=\"noreferrer noopener\">Site web<\/a><\/li><\/ul>\r\n\r\n\r\n\r\n<p style=\"font-size:20px\"><a href=\"https:\/\/www.gestionbenoitdumoulin.com\/projets_domiciliaires\/sainte-marthe-sur-le-lac\/faubourg_ste-marthe\/\" target=\"_blank\" rel=\"noreferrer noopener\">Le Faubourg Ste-Marthe &#8211; Sainte-Marthe-sur-le-Lac<\/a><\/p>\r\n\r\n\r\n\r\n<figure class=\"wp-block-image size-full is-resized\"><img loading=\"lazy\" decoding=\"async\" src=\"https:\/\/vaillancourtea.com\/files\/2022\/05\/image-8.png\" alt=\"\" class=\"wp-image-821\" width=\"368\" height=\"325\" \/><\/figure>\r\n\r\n\r\n\r\n<ul class=\"wp-block-list\"><li>Unifamiliales et interg\u00e9n\u00e9rations<\/li><li>\u00c0 proximit\u00e9 des tous les services et commerces, de l&#8217;A640, de la gare Deux-Montagnes (train de banlieue), dans une ville avec une toute nouvelle \u00e9cole primaire!<\/li><\/ul>\r\n\r\n\r\n\r\n<p>\u2192<strong>Contact<\/strong><\/p>\r\n\r\n\r\n\r\n<ul class=\"wp-block-list\"><li><em>Adresse &#8211; bureau des ventes<\/em>: 26 rue Claude-Dumoulin, Saint-Joseph-du-Lac, J0N 1M0<\/li><li><em>T\u00e9l\u00e9phone<\/em> (Alain Brasseur, repr\u00e9sentant): 450-472-6303<\/li><li><em>Courriel<\/em>:  <a href=\"mailto:info@gbdconstruction.ca\">info@gbdconstruction.ca<\/a><\/li><li><a href=\"https:\/\/www.gestionbenoitdumoulin.com\/projets_domiciliaires\/sainte-marthe-sur-le-lac\/faubourg_ste-marthe\/\" target=\"_blank\" rel=\"noreferrer noopener\">Site web<\/a><\/li><\/ul>\r\n\r\n\r\n\r\n<p style=\"font-size:20px\"><a href=\"https:\/\/www.gestionbenoitdumoulin.com\/projets_domiciliaires\/sainte-marthe-sur-le-lac\/quartier_du_ruisseau\/\">Quartier du Ruisseau &#8211; Sainte-Marthe-sur-le-Lac<\/a><\/p>\r\n\r\n\r\n\r\n<figure class=\"wp-block-image size-full is-resized\"><img loading=\"lazy\" decoding=\"async\" src=\"https:\/\/vaillancourtea.com\/files\/2022\/05\/image-9.png\" alt=\"\" class=\"wp-image-822\" width=\"426\" height=\"327\" \/><\/figure>\r\n\r\n\r\n\r\n<ul class=\"wp-block-list\"><li>Jumel\u00e9s<\/li><li>Situ\u00e9 dans le secteur Nord-Est de Sainte-Marthe-sur-le-Lac, \u00e0 l&#8217;extr\u00e9mit\u00e9 du Boul. des Pins<\/li><li>D\u00e9veloppement d&#8217;allure contemporaine et homog\u00e8ne<\/li><\/ul>\r\n\r\n\r\n\r\n<p>\u2192<strong>Contact<\/strong><\/p>\r\n\r\n\r\n\r\n<ul class=\"wp-block-list\"><li><em>Adresse &#8211; bureau des ventes<\/em>: 26 rue Claude-Dumoulin, Saint-Joseph-du-Lac, J0N 1M0<\/li><li><em>T\u00e9l\u00e9phone<\/em> (Alain Brasseur, repr\u00e9sentant): 450-472-6303<\/li><li><em>Courriel<\/em>:  <a href=\"mailto:info@gbdconstruction.ca\">info@gbdconstruction.ca<\/a><\/li><li><a href=\"https:\/\/www.gestionbenoitdumoulin.com\/projets_domiciliaires\/sainte-marthe-sur-le-lac\/quartier_du_ruisseau\/\/\" target=\"_blank\" rel=\"noreferrer noopener\">Site web<\/a><\/li><\/ul>\r\n\r\n\r\n\r\n<p style=\"font-size:20px\"><a href=\"https:\/\/www.gestionbenoitdumoulin.com\/projets_domiciliaires\/sainte-marthe-sur-le-lac\/villas_urbaines\/\">Les Villas Urbaines &#8211; Sainte-Marthe-sur-le-La<\/a><a href=\"https:\/\/www.gestionbenoitdumoulin.com\/projets_domiciliaires\/sainte-marthe-sur-le-lac\/villas_urbaines\/\" target=\"_blank\" rel=\"noreferrer noopener\">c<\/a><\/p>\r\n\r\n\r\n\r\n<figure class=\"wp-block-image size-full is-resized\"><img loading=\"lazy\" decoding=\"async\" src=\"https:\/\/vaillancourtea.com\/files\/2022\/05\/image-10.png\" alt=\"\" class=\"wp-image-823\" width=\"336\" height=\"354\" \/><\/figure>\r\n\r\n\r\n\r\n<ul class=\"wp-block-list\"><li>Maisons de ville<\/li><li>&#8221;Projet cl\u00e9 en main : incluant am\u00e9nagement ext\u00e9rieur, gazon, asphalte, cl\u00f4ture et terrasse.&#8221;<\/li><\/ul>\r\n\r\n\r\n\r\n<p>\u2192<strong>Contact<\/strong><\/p>\r\n\r\n\r\n\r\n<ul class=\"wp-block-list\"><li><em>Adresse &#8211; bureau des ventes<\/em>: 26 rue Claude-Dumoulin, Saint-Joseph-du-Lac, J0N 1M0<\/li><li><em>T\u00e9l\u00e9phone<\/em> (Alain Brasseur, repr\u00e9sentant): 450-472-6303<\/li><li><em>Courriel<\/em>:  <a href=\"mailto:info@gbdconstruction.ca\">info@gbdconstruction.ca<\/a><\/li><li><a href=\"https:\/\/www.gestionbenoitdumoulin.com\/projets_domiciliaires\/sainte-marthe-sur-le-lac\/villas_urbaines\/\" target=\"_blank\" rel=\"noreferrer noopener\">Site web<\/a><\/li><\/ul>\r\n\r\n\r\n\r\n<p class=\"has-accent-color has-text-color has-larger-font-size\"><strong>Groupe Frank-Fort<\/strong><\/p>\r\n\r\n\r\n\r\n<figure class=\"wp-block-image size-full\"><img decoding=\"async\" src=\"https:\/\/vaillancourtea.com\/files\/2022\/05\/image-13.png\" alt=\"\" class=\"wp-image-826\" \/><\/figure>\r\n\r\n\r\n\r\n<ul class=\"wp-block-list\"><li>Plusieurs projets : plusieurs quartiers en d\u00e9veloppement, principalement dans la municipalit\u00e9 de Sainte-Sophie, mais aussi \u00e0 Saint-Hippolyte. <\/li><li>Maisons unifamiliales (des <a href=\"https:\/\/www.monhabitation.ca\/condos-locatifs\" target=\"_blank\" rel=\"noreferrer noopener\">condos locatifs<\/a> sont aussi offerts par cette entreprise)<\/li><li>Constructions de qualit\u00e9 &#8221;AA&#8221; (Cote qualit\u00e9 AA)<\/li><\/ul>\r\n\r\n\r\n\r\n<figure class=\"wp-block-image size-large is-resized\"><img loading=\"lazy\" decoding=\"async\" src=\"https:\/\/vaillancourtea.com\/files\/2022\/05\/image-12-1024x427.png\" alt=\"\" class=\"wp-image-825\" width=\"832\" height=\"347\" \/><\/figure>\r\n\r\n\r\n\r\n<p>\u2192<strong>Contact<\/strong><\/p>\r\n\r\n\r\n\r\n<ul class=\"wp-block-list\"><li><em>Adresse &#8211; maison mod\u00e8le \u00e0 visiter et ouverte au public:<\/em> 101 rue du Quartier, Sainte-Sophie, Qu\u00e9bec&nbsp;, J5J 0P6<\/li><li><em>T\u00e9l\u00e9phone<\/em> : 514-348-6888<\/li><li><em>Courriel<\/em>:  <a href=\"mailto:info@monhabitation.ca\">info@monhabitation.ca<\/a><\/li><li><a href=\"https:\/\/www.gestionbenoitdumoulin.com\/projets_domiciliaires\/sainte-marthe-sur-le-lac\/villas_urbaines\/\" target=\"_blank\" rel=\"noreferrer noopener\">S<\/a><a href=\"https:\/\/www.monhabitation.ca\/\" target=\"_blank\" rel=\"noreferrer noopener\">ite web<\/a><\/li><\/ul>\r\n\r\n\r\n\r\n<p class=\"has-accent-color has-text-color has-larger-font-size\"><strong>Groupe Mathieu<\/strong><\/p>\r\n\r\n\r\n\r\n<figure class=\"wp-block-image size-full\"><img decoding=\"async\" src=\"https:\/\/vaillancourtea.com\/files\/2022\/05\/image-14.png\" alt=\"\" class=\"wp-image-827\" \/><\/figure>\r\n\r\n\r\n\r\n<ul class=\"wp-block-list\"><li>Les projets en cours (mai 2022) sont situ\u00e9s \u00e0 Blainville. <\/li><\/ul>\r\n\r\n\r\n\r\n<p style=\"font-size:20px\"><a href=\"https:\/\/groupemathieu.com\/projet-place-notre-dame\/\" target=\"_blank\" rel=\"noreferrer noopener\">Place Notre-Dame &#8211; Blainville<\/a><\/p>\r\n\r\n\r\n\r\n<figure class=\"wp-block-image size-full is-resized\"><img loading=\"lazy\" decoding=\"async\" src=\"https:\/\/vaillancourtea.com\/files\/2022\/05\/image-15.png\" alt=\"\" class=\"wp-image-828\" width=\"339\" height=\"283\" \/><\/figure>\r\n\r\n\r\n\r\n<ul class=\"wp-block-list\"><li>Maisons de ville, de style scandinave avec deux \u00e9tages et sous-sol<\/li><li>Totalement am\u00e9nag\u00e9e avec cour arri\u00e8re gazonn\u00e9e cl\u00f4tur\u00e9e<\/li><li>Projet situ\u00e9 au croisement du chemin Notre-Dame et Boul. Cur\u00e9-Labelle, tout pr\u00e8s de l&#8217;acc\u00e8s \u00e0 l&#8217;A15, des commerces et services, et m\u00eame des Premium Outlets Montr\u00e9al.<\/li><\/ul>\r\n\r\n\r\n\r\n<p>\u2192<strong>Contact<\/strong><\/p>\r\n\r\n\r\n\r\n<ul class=\"wp-block-list\"><li><em>Adresse du projet: <\/em>Coin Notre-Dame et Boul. Cur\u00e9-Labelle<\/li><li><em>T\u00e9l\u00e9phone<\/em> (Pierre-Alexandre Normand, repr\u00e9sentant) : 514 968-9013<\/li><li><a href=\"https:\/\/www.gestionbenoitdumoulin.com\/projets_domiciliaires\/sainte-marthe-sur-le-lac\/villas_urbaines\/\" target=\"_blank\" rel=\"noreferrer noopener\">S<\/a><a href=\"https:\/\/groupemathieu.com\/projet-place-notre-dame\/\" target=\"_blank\" rel=\"noreferrer noopener\">ite web<\/a><\/li><\/ul>\r\n\r\n\r\n\r\n<p style=\"font-size:20px\"><a href=\"https:\/\/groupemathieu.com\/station-56\/\" target=\"_blank\" rel=\"noreferrer noopener\">Station 56 &#8211; Blainville<\/a><\/p>\r\n\r\n\r\n\r\n<figure class=\"wp-block-image size-full\"><img decoding=\"async\" src=\"https:\/\/vaillancourtea.com\/files\/2022\/05\/image-16.png\" alt=\"\" class=\"wp-image-829\" \/><\/figure>\r\n\r\n\r\n\r\n<ul class=\"wp-block-list\"><li>Maisons de ville (traditionnelle et superpos\u00e9es)<\/li><li>Situ\u00e9 pr\u00e8s des boulevards Cur\u00e9-Labelle et de la Seigneurie, de l&#8217;A15, de tous les commerces et services, biblioth\u00e8que, h\u00f4tel de ville, centre aquatique et \u00e9questre.<\/li><li>Finition irr\u00e9prochable et ultramoderne<\/li><\/ul>\r\n\r\n\r\n\r\n<p>\u2192<strong>Contact<\/strong><\/p>\r\n\r\n\r\n\r\n<ul class=\"wp-block-list\"><li><em>Adresse du projet: <\/em>135, Carmelle-Boutin, Blainville (Qu\u00e9bec),&nbsp;J7C 0Z9<\/li><li><em>T\u00e9l\u00e9phone<\/em> (Barbara Di Meglio, repr\u00e9sentante): 450 275-4232<\/li><li><a href=\"https:\/\/www.gestionbenoitdumoulin.com\/projets_domiciliaires\/sainte-marthe-sur-le-lac\/villas_urbaines\/\" target=\"_blank\" rel=\"noreferrer noopener\">S<\/a><a href=\"https:\/\/groupemathieu.com\/station-56\/\" target=\"_blank\" rel=\"noreferrer noopener\">ite web<\/a><\/li><\/ul>\r\n\r\n\r\n\r\n<p style=\"font-size:20px\"><a href=\"https:\/\/groupemathieu.com\/projet-le-prestige-chambery\/\" target=\"_blank\" rel=\"noreferrer noopener\">Le Prestige Chamb\u00e9ry &#8211; Blainville<\/a><\/p>\r\n\r\n\r\n\r\n<figure class=\"wp-block-image size-full\"><img decoding=\"async\" src=\"https:\/\/vaillancourtea.com\/files\/2022\/05\/image-17.png\" alt=\"\" class=\"wp-image-830\" \/><\/figure>\r\n\r\n\r\n\r\n<ul class=\"wp-block-list\"><li>Maisons unifamiliales de prestige<\/li><li>Les constructions sont personnalisables, au style urbain et contemporain<\/li><li>Situ\u00e9 dans un rond-point, au c\u0153ur d&#8217;espaces verts prot\u00e9g\u00e9s (corridor \u00e9cologique de 50 hectares ainsi que d\u2019une zone de conservation des espaces \u00e9cologiques et des milieux humides)<\/li><\/ul>\r\n\r\n\r\n\r\n<p>\u2192<strong>Contact<\/strong><\/p>\r\n\r\n\r\n\r\n<ul class=\"wp-block-list\"><li><em>Adresse du projet: <\/em>Rue Montjay, Blainville, QC<\/li><li><em>T\u00e9l\u00e9phone<\/em> (Chantal Paiement, repr\u00e9sentante) : 514-386-2268<\/li><li><a href=\"https:\/\/groupemathieu.com\/projet-le-prestige-chambery\/\" target=\"_blank\" rel=\"noreferrer noopener\">Site web<\/a><\/li><\/ul>\r\n\r\n\r\n\r\n<p class=\"has-accent-color has-text-color has-larger-font-size\"><strong>Groupe Platinum<\/strong><\/p>\r\n\r\n\r\n\r\n<figure class=\"wp-block-image size-full is-resized\"><img loading=\"lazy\" decoding=\"async\" src=\"https:\/\/vaillancourtea.com\/files\/2022\/05\/image-19.png\" alt=\"\" class=\"wp-image-832\" width=\"249\" height=\"233\" \/><\/figure>\r\n\r\n\r\n\r\n<p>Les projets en cours sont situ\u00e9s \u00e0 Mirabel (Saint-Canut) et Blainville.<\/p>\r\n\r\n\r\n\r\n<p style=\"font-size:20px\"><a href=\"https:\/\/legroupeplatinum.com\/projets-condos-maisons\/faubourg-hexome-st-canut\/\" target=\"_blank\" rel=\"noreferrer noopener\">Faubourg Hexome &#8211; Mirabel (Saint-Canut)<\/a><\/p>\r\n\r\n\r\n\r\n<figure class=\"wp-block-image size-full is-resized\"><img loading=\"lazy\" decoding=\"async\" src=\"https:\/\/vaillancourtea.com\/files\/2022\/05\/image-20.png\" alt=\"\" class=\"wp-image-833\" width=\"500\" height=\"365\" \/><\/figure>\r\n\r\n\r\n\r\n<ul class=\"wp-block-list\"><li>Maisons de ville<\/li><li>Moderne et abordable<\/li><li>Possibilit\u00e9 de 2 ou 3 chambres \u00e0 coucher<\/li><\/ul>\r\n\r\n\r\n\r\n<p>\u2192<strong>Contact<\/strong><\/p>\r\n\r\n\r\n\r\n<ul class=\"wp-block-list\"><li><em>Adresse du projet: <\/em>13 732 rue du Charretier, Mirabel, QC J7N 1P2, Canada<\/li><li><em>T\u00e9l\u00e9phone<\/em> (M. Richard Lemay, repr\u00e9sentant) : 450-600-4060, poste 33<\/li><li><a href=\"https:\/\/legroupeplatinum.com\/projets-condos-maisons\/faubourg-hexome-st-canut\/\" target=\"_blank\" rel=\"noreferrer noopener\">Site web<\/a><\/li><\/ul>\r\n\r\n\r\n\r\n<p style=\"font-size:20px\"><a href=\"https:\/\/legroupeplatinum.com\/projets-condos-maisons\/chambery\/\" target=\"_blank\" rel=\"noreferrer noopener\">Le Quartier Chamb\u00e9ry &#8211; Blainville<\/a><\/p>\r\n\r\n\r\n\r\n<figure class=\"wp-block-image size-full\"><img decoding=\"async\" src=\"https:\/\/vaillancourtea.com\/files\/2022\/05\/image-21.png\" alt=\"\" class=\"wp-image-834\" \/><\/figure>\r\n\r\n\r\n\r\n<ul class=\"wp-block-list\"><li>Condominums neufs (multiplex)<\/li><li>Le plus gros projet r\u00e9sidentiel \u00e0 vocation \u00e9cologique au Qu\u00e9bec: &#8221;La conception de nos maisons neuves est inspir\u00e9e des plus hautes normes en efficacit\u00e9 \u00e9nerg\u00e9tique et propose une approche durable avec son isolation au polyur\u00e9thane de soya, ses toilettes et robinetterie \u00e0 faible d\u00e9bit, ses panneaux de gypses fabriqu\u00e9s \u00e0 partir de 93,2 % de mati\u00e8res recycl\u00e9es apr\u00e8s utilisations industrielle et plus encore. M\u00eame nos r\u00e9bus de construction sont recycl\u00e9s ou r\u00e9-utilis\u00e9s \u00e0 plus de 70%. Venez d\u00e9couvrir sans tarder ce projet \u00e0 l\u2019avant-garde de la construction au Qu\u00e9bec.&#8221;<\/li><li>B\u00e2timent moderne et spacieux<\/li><\/ul>\r\n\r\n\r\n\r\n<p>\u2192<strong>Contact<\/strong><\/p>\r\n\r\n\r\n\r\n<ul class=\"wp-block-list\"><li><em>Adresse du projet: <\/em>88, Boulevard de Chamb\u00e9ry, Blainville, QC, Canada<\/li><li><em>T\u00e9l\u00e9phone<\/em> : 450-434-0090<\/li><li><a href=\"https:\/\/legroupeplatinum.com\/projets-condos-maisons\/chambery\/\" target=\"_blank\" rel=\"noreferrer noopener\">Site web<\/a><\/li><\/ul>\r\n\r\n\r\n\r\n<p class=\"has-accent-color has-text-color has-larger-font-size\"><strong>Groupe 4M<\/strong><\/p>\r\n\r\n\r\n\r\n<figure class=\"wp-block-image size-full is-resized\"><img loading=\"lazy\" decoding=\"async\" src=\"https:\/\/vaillancourtea.com\/files\/2022\/05\/image-22.png\" alt=\"\" class=\"wp-image-835\" width=\"362\" height=\"349\" \/><\/figure>\r\n\r\n\r\n\r\n<p>Projets domiciliaires situ\u00e9s \u00e0 Sainte-Marthe-sur-le-Lac, Mirabel, Saint-Lin-Laurentides et Terrebonne.<\/p>\r\n\r\n\r\n\r\n<p style=\"font-size:20px\"><a href=\"https:\/\/groupe4m.com\/projets\/maisons-de-ville-chemin-d-oka\/\" target=\"_blank\" rel=\"noreferrer noopener\">Chemin d&#8217;Oka &#8211; Sainte-Marthe-sur-le-Lac<\/a><\/p>\r\n\r\n\r\n\r\n<figure class=\"wp-block-image size-full is-resized\"><img loading=\"lazy\" decoding=\"async\" src=\"https:\/\/vaillancourtea.com\/files\/2022\/05\/image-25.png\" alt=\"\" class=\"wp-image-838\" width=\"421\" height=\"102\" srcset=\"https:\/\/vaillancourtea.com\/files\/2022\/05\/image-25.png 483w, https:\/\/vaillancourtea.com\/files\/2022\/05\/image-25-300x73.png 300w\" sizes=\"auto, (max-width: 421px) 100vw, 421px\" \/><\/figure>\r\n\r\n\r\n\r\n<ul class=\"wp-block-list\"><li>Maisons de ville<\/li><li>\u00c0 proximit\u00e9 de tous les services et commerces, nouvelle \u00e9cole primaire de la municipalit\u00e9, gare train de banlieue (Deux-Montagnes).<\/li><\/ul>\r\n\r\n\r\n\r\n<p>\u2192<strong>Contact<\/strong><\/p>\r\n\r\n\r\n\r\n<ul class=\"wp-block-list\"><li><em>Adresse de la maison mod\u00e8le: <\/em>3199 Chemin d&#8217;oka, Ste-Marthe-Sur-Le-Lac, J0N 1P0<\/li><li><em>T\u00e9l\u00e9phone<\/em> (Dave Auger, repr\u00e9sentant) : 450-312-1170<\/li><li><em>Courriel <\/em>: <a href=\"mailto:dauger@groupe4m.com\">dauger@groupe4m.com<\/a><\/li><li><a href=\"https:\/\/groupe4m.com\/projets\/maisons-de-ville-chemin-d-oka\/\" target=\"_blank\" rel=\"noreferrer noopener\">Site web<\/a><\/li><\/ul>\r\n\r\n\r\n\r\n<p style=\"font-size:20px\"><a href=\"https:\/\/groupe4m.com\/projets\/harmonie-st-canut\/\" target=\"_blank\" rel=\"noreferrer noopener\">Harmonie Place Saint-Canut &#8211; Mirabel (Saint-Canut)<\/a><\/p>\r\n\r\n\r\n\r\n<figure class=\"wp-block-image size-full\"><img decoding=\"async\" src=\"https:\/\/vaillancourtea.com\/files\/2022\/05\/image-24.png\" alt=\"\" class=\"wp-image-837\" \/><\/figure>\r\n\r\n\r\n\r\n<ul class=\"wp-block-list\"><li>Maisons de ville<\/li><li>D\u00e9veloppement r\u00e9sidentiel pr\u00e8s du centre-ville de St-Canut, mais aussi \u00e0 proximit\u00e9 de la nature<\/li><li>Habitations construites avec soucis du d\u00e9tail<\/li><\/ul>\r\n\r\n\r\n\r\n<p>\u2192<strong>Contact<\/strong><\/p>\r\n\r\n\r\n\r\n<ul class=\"wp-block-list\"><li><em>Adresse de la maison mod\u00e8le: <\/em>9045, Route Sir Wilfrid Laurier, Mirabel<\/li><li><em>T\u00e9l\u00e9phone<\/em> (Dave Auger, repr\u00e9sentant) : 450-312-1170<\/li><li><em>Courriel <\/em>: <a href=\"mailto:dauger@groupe4m.com\">dauger@groupe4m.com<\/a><\/li><li><a href=\"https:\/\/groupe4m.com\/projets\/harmonie-st-canut\/\" target=\"_blank\" rel=\"noreferrer noopener\">Site web<\/a><\/li><\/ul>\r\n\r\n\r\n\r\n<p style=\"font-size:20px\"><a href=\"https:\/\/groupe4m.com\/projets\/urbanova\/\" target=\"_blank\" rel=\"noreferrer noopener\">Projet Urbanova &#8211; Terrebonne<\/a><\/p>\r\n\r\n\r\n\r\n<figure class=\"wp-block-image size-full\"><img loading=\"lazy\" decoding=\"async\" width=\"256\" height=\"126\" src=\"https:\/\/vaillancourtea.com\/files\/2022\/05\/image-26.png\" alt=\"\" class=\"wp-image-839\" \/><\/figure>\r\n\r\n\r\n\r\n<ul class=\"wp-block-list\"><li>Phase 2 du projet \u00e0 venir!<\/li><li>Maisons unifamiliales<\/li><li>Projet r\u00e9alis\u00e9 en harmonie avec la topographie et le respect des zones humides<\/li><\/ul>\r\n\r\n\r\n\r\n<p>\u2192<strong>Contact<\/strong><\/p>\r\n\r\n\r\n\r\n<ul class=\"wp-block-list\"><li><em>Adresse de la maison mod\u00e8le: <\/em>776, rue Anne-H\u00e9bert, Terrebonne, J6Y 0K1<\/li><li><em>T\u00e9l\u00e9phone<\/em> (Dave Auger, repr\u00e9sentant) : 450-312-1170<\/li><li><em>Courriel <\/em>: <a href=\"mailto:dauger@groupe4m.com\">dauger@groupe4m.com<\/a><\/li><li><a href=\"https:\/\/groupe4m.com\/projets\/urbanova\/\" target=\"_blank\" rel=\"noreferrer noopener\">Site web<\/a><\/li><\/ul>\r\n\r\n\r\n\r\n<p class=\"has-accent-color has-text-color has-larger-font-size\"><strong>Habitations Dynastie<\/strong><\/p>\r\n\r\n\r\n\r\n<figure class=\"wp-block-image size-full is-resized\"><img loading=\"lazy\" decoding=\"async\" src=\"https:\/\/vaillancourtea.com\/files\/2022\/05\/image-28.png\" alt=\"\" class=\"wp-image-842\" width=\"264\" height=\"335\" srcset=\"https:\/\/vaillancourtea.com\/files\/2022\/05\/image-28.png 321w, https:\/\/vaillancourtea.com\/files\/2022\/05\/image-28-236x300.png 236w\" sizes=\"auto, (max-width: 264px) 100vw, 264px\" \/><\/figure>\r\n\r\n\r\n\r\n<p style=\"font-size:20px\"><a href=\"https:\/\/www.habitationsdynastie.com\/projet-en-cours\" target=\"_blank\" rel=\"noreferrer noopener\">Le Sommet Saint-Joseph &#8211; Saint-Joseph-du-Lac<\/a><\/p>\r\n\r\n\r\n\r\n<figure class=\"wp-block-image size-full is-resized\"><img loading=\"lazy\" decoding=\"async\" src=\"https:\/\/vaillancourtea.com\/files\/2022\/05\/image-27.png\" alt=\"\" class=\"wp-image-841\" width=\"651\" height=\"296\" srcset=\"https:\/\/vaillancourtea.com\/files\/2022\/05\/image-27.png 977w, https:\/\/vaillancourtea.com\/files\/2022\/05\/image-27-300x136.png 300w, https:\/\/vaillancourtea.com\/files\/2022\/05\/image-27-768x349.png 768w\" sizes=\"auto, (max-width: 651px) 100vw, 651px\" \/><\/figure>\r\n\r\n\r\n\r\n<ul class=\"wp-block-list\"><li>Maisons unifamiliales jumel\u00e9es (avec ou sans garage)<\/li><li>Vue sur les champs et les vergers<\/li><li>Am\u00e9nagement ext\u00e9rieur complet, parc priv\u00e9 et plusieurs options offertes sur la propri\u00e9t\u00e9<\/li><li>\u00c0 proximit\u00e9 de la future gare du REM, de l&#8217;A640<\/li><\/ul>\r\n\r\n\r\n\r\n<p>\u2192<strong>Contact<\/strong><\/p>\r\n\r\n\r\n\r\n<ul class=\"wp-block-list\"><li><em>T\u00e9l\u00e9phone<\/em> : 514-560-4829<\/li><li><em>Courriel <\/em>: <a href=\"mailto:vente@habitationsdynastie.com\">vente@habitationsdynastie.com<\/a><\/li><li><a href=\"https:\/\/www.habitationsdynastie.com\/\" target=\"_blank\" rel=\"noreferrer noopener\">Site web<\/a><\/li><\/ul>\r\n\r\n\r\n\r\n<p class=\"has-accent-color has-text-color has-larger-font-size\"><strong>Habitations JLS C\u00f4t\u00e9<\/strong><\/p>\r\n\r\n\r\n\r\n<figure class=\"wp-block-image size-full is-resized\"><img loading=\"lazy\" decoding=\"async\" src=\"https:\/\/vaillancourtea.com\/files\/2022\/05\/image-29.png\" alt=\"\" class=\"wp-image-843\" width=\"347\" height=\"133\" \/><\/figure>\r\n\r\n\r\n\r\n<ul class=\"wp-block-list\"><li>Leurs projets actuels sont tous complets, mais notez que la construction de deux projets pourra d\u00e9buter au courant de l&#8217;ann\u00e9e 2023.<ul><li><strong>Le Sommet des Quatorze \u00celes<\/strong> \u00e0 Saint-Hippolyte<\/li><li>La <em>Phase 2<\/em> du <strong>Domaine des Joyaux<\/strong> \u00e0 Sainte-Sophie<\/li><\/ul><\/li><\/ul>\r\n\r\n\r\n\r\n<ul class=\"wp-block-list\"><li>Les deux projets seront compos\u00e9s de maisons unifamiliales enti\u00e8rement personnalis\u00e9es, avec possibilit\u00e9 d&#8217;inclure un bachelor.<\/li><\/ul>\r\n\r\n\r\n\r\n<p>\u2192<strong>Contact<\/strong><\/p>\r\n\r\n\r\n\r\n<ul class=\"wp-block-list\"><li><em>Adresse<\/em>: 163 rue des Saphirs, Sainte-Sophie, Qc,, J5J 0M6, Canada<\/li><li><em>T\u00e9l\u00e9phone<\/em> (Jessica Lambert, repr\u00e9sentante des ventes) : 450-592-4330<\/li><li><em>Courriel <\/em>: <a href=\"mailto:info@habitationsjlscote.com\">info@habitationsjlscote.com<\/a><\/li><li><a href=\"https:\/\/www.habitationsjlscote.com\/projets-residentiels\/\" target=\"_blank\" rel=\"noreferrer noopener\">Site web<\/a><\/li><\/ul>\r\n\r\n\r\n\r\n<p class=\"has-accent-color has-text-color has-larger-font-size\"><strong>Richard Construction<\/strong><\/p>\r\n\r\n\r\n\r\n<figure class=\"wp-block-image size-full is-resized\"><img loading=\"lazy\" decoding=\"async\" src=\"https:\/\/vaillancourtea.com\/files\/2022\/05\/image-30.png\" alt=\"\" class=\"wp-image-844\" width=\"369\" height=\"148\" srcset=\"https:\/\/vaillancourtea.com\/files\/2022\/05\/image-30.png 389w, https:\/\/vaillancourtea.com\/files\/2022\/05\/image-30-300x120.png 300w\" sizes=\"auto, (max-width: 369px) 100vw, 369px\" \/><\/figure>\r\n\r\n\r\n\r\n<p style=\"font-size:20px\"><a href=\"https:\/\/www.richardconstruction.ca\/boise-des-artisans-st-colomban\/\" target=\"_blank\" rel=\"noreferrer noopener\">Le Bois\u00e9 des Artisans &#8211; Saint-Colomban<\/a><\/p>\r\n\r\n\r\n\r\n<figure class=\"wp-block-image size-full\"><img loading=\"lazy\" decoding=\"async\" width=\"447\" height=\"167\" src=\"https:\/\/vaillancourtea.com\/files\/2022\/05\/image-31.png\" alt=\"\" class=\"wp-image-845\" srcset=\"https:\/\/vaillancourtea.com\/files\/2022\/05\/image-31.png 447w, https:\/\/vaillancourtea.com\/files\/2022\/05\/image-31-300x112.png 300w\" sizes=\"auto, (max-width: 447px) 100vw, 447px\" \/><\/figure>\r\n\r\n\r\n\r\n<ul class=\"wp-block-list\"><li>&#8221;Le tout nouveau projet domiciliaire situ\u00e9 \u00e0 St-Colomban, Le Bois\u00e9 des Artisans, saura charmer ses futurs r\u00e9sidents par son quartier haut de gamme, ses commerces de proximit\u00e9 et son architecture moderne qui refl\u00e8te les tendances design d\u2019aujourd\u2019hui.&#8221;<\/li><li>Maisons unifamiliales neuves haut de gamme de style farmhouse (plain-pied, cottage, interg\u00e9n\u00e9ration) <\/li><li>Terrain bois\u00e9 \u00e0 partir de 43 000 pieds carr\u00e9s<\/li><\/ul>\r\n\r\n\r\n\r\n<p>\u2192<strong>Contact<\/strong><\/p>\r\n\r\n\r\n\r\n<ul class=\"wp-block-list\"><li><em>Adresse<\/em>: 10930 rue de la Topaze, Mirabel, QC, J7N 0N9<\/li><li><em>T\u00e9l\u00e9phone<\/em> bureau des ventes : 450-231-3245 \/ Administration : 450-592-7103<\/li><li><em>Courriel <\/em>: <a href=\"mailto:admin@richardconstruction.ca\">admin@richardconstruction.ca<\/a><\/li><li><a href=\"https:\/\/www.richardconstruction.ca\/boise-des-artisans-st-colomban\/\" target=\"_blank\" rel=\"noreferrer noopener\">Site web<\/a><\/li><\/ul>\r\n\r\n\r\n\r\n<p class=\"has-accent-color has-text-color has-larger-font-size\"><strong>Constructions Trudeau<\/strong><\/p>\r\n\r\n\r\n\r\n<figure class=\"wp-block-image size-full is-resized\"><img loading=\"lazy\" decoding=\"async\" src=\"https:\/\/vaillancourtea.com\/files\/2022\/06\/image.png\" alt=\"\" class=\"wp-image-880\" width=\"415\" height=\"129\" \/><\/figure>\r\n\r\n\r\n\r\n<p style=\"font-size:20px\"><a href=\"https:\/\/constructionstrudeau.com\/projets-residentiels\/les-promenades-du-boise\/\" target=\"_blank\" rel=\"noreferrer noopener\">Les promenades du bois\u00e9 \u00e0 Mirabel<\/a><\/p>\r\n\r\n\r\n\r\n<figure class=\"wp-block-image size-full is-resized\"><img loading=\"lazy\" decoding=\"async\" src=\"https:\/\/vaillancourtea.com\/files\/2022\/06\/promenades-boise-mirabel.jpg\" alt=\"\" class=\"wp-image-879\" width=\"412\" height=\"182\" \/><\/figure>\r\n\r\n\r\n\r\n<ul class=\"wp-block-list\"><li>Grands terrains bois\u00e9s (16 000 pieds carr\u00e9s et plus)<\/li><li>Tout pr\u00e8s de la sortie 41 de l&#8217;A15 <\/li><li>\u00c0 10 minutes de la gare de train de banlieue de Saint-J\u00e9r\u00f4me<\/li><li>Constructions avec la cote qualit\u00e9 &#8221;AA&#8221;<\/li><\/ul>\r\n\r\n\r\n\r\n<p>\u2192<strong>Contact<\/strong><\/p>\r\n\r\n\r\n\r\n<ul class=\"wp-block-list\"><li><em>Adresse<\/em>: 17 045 du Corail, Mirabel, QC J7N 3P5<\/li><li><em>T\u00e9l\u00e9phone<\/em> (Johanne Robichaud, repr\u00e9sentante des ventes): 514-730-8034<\/li><li><em>Courriel <\/em>: <a href=\"mailto:ventes@constructionstrudeau.com\">ventes@constructionstrudeau.com<\/a><\/li><li><a href=\"https:\/\/constructionstrudeau.com\/\" target=\"_blank\" rel=\"noreferrer noopener\">Site web<\/a><\/li><\/ul>\r\n\r\n\r\n\r\n<p class=\"has-text-align-center has-larger-font-size\"> <strong>CONSTRUCTEURS<\/strong><\/p>\r\n\r\n\r\n\r\n<p class=\"has-accent-color has-text-color has-larger-font-size\"><strong>Darco<\/strong><\/p>\r\n\r\n\r\n\r\n<p><a href=\"http:\/\/www.constructiondarco.com\/\">http:\/\/www.constructiondarco.com\/<\/a><\/p>\r\n\r\n\r\n\r\n<p class=\"has-accent-color has-text-color has-larger-font-size\"><strong>Construction Briand<\/strong><\/p>\r\n\r\n\r\n\r\n<p><a href=\"mailto:info@constructionbriand.com\">info@constructionbriand.com<\/a><\/p>\r\n\r\n\r\n\r\n<p><a href=\"https:\/\/www.constructionbriand.com\/\">https:\/\/www.constructionbriand.com\/<\/a><\/p>\r\n\r\n\r\n\r\n<p class=\"has-accent-color has-text-color has-larger-font-size\"><strong>Sylvain Salette, Sallette.ca<\/strong><\/p>\r\n\r\n\r\n\r\n<p><a href=\"mailto:sylvainsalette@salette.ca\">sylvainsalette@salette.ca<\/a><\/p>\r\n\r\n\r\n\r\n<p><a href=\"http:\/\/www.salette.ca\/\">http:\/\/www.salette.ca\/<\/a><\/p>\r\n\r\n\r\n\r\n<p class=\"has-accent-color has-text-color has-larger-font-size\"><strong>Daniel Seguin, Cognitio<\/strong><\/p>\r\n\r\n\r\n\r\n<p><a href=\"mailto:dseguin@cognitioconsultants.com\">dseguin@cognitioconsultants.com<\/a><\/p>\r\n\r\n\r\n\r\n<p><a href=\"https:\/\/www.consultants.groupecognitio.com\/\">https:\/\/www.consultants.groupecognitio.com\/<\/a><\/p>\r\n\r\n\r\n\r\n<p>Groupe Sekani<\/p>","protected":false},"excerpt":{"rendered":"<p>Voici une liste (non exhaustive) des d\u00e9veloppeurs et constructeurs d&#8217;habitations neuves &#8211; projets domiciliaires &#8211; dans les Basses-Laurentides. *Veuillez noter que nous n&#8217;avons aucun lien avec les d\u00e9veloppeurs \u00e9num\u00e9r\u00e9s ci-dessous et que cette liste se veut un outil facilitant dans vos recherches. PROMOTEURS (D\u00e9veloppements) Acc\u00e8s Habitation Domaine des Faucons &#8211; Saint-Colomban Terrains de 32 000 [&hellip;]<\/p>\n","protected":false},"author":1091,"featured_media":8871,"comment_status":"closed","ping_status":"open","sticky":false,"template":"","format":"standard","meta":{"_acf_changed":false,"footnotes":""},"categories":[174,2],"tags":[338,231,339,340,341,342,343,344,345,346,347,247,348,349,350,100,351,228,322,352],"class_list":["post-811","post","type-post","status-publish","format-standard","hentry","category-ici-laval-laurentides","category-immobilier","tag-acces-habitation","tag-basses-laurentides-2","tag-construction-voyer","tag-gbd-construction","tag-gestion-benoit-dumoulin","tag-groupe-4m","tag-groupe-frank-fort","tag-groupe-mathieu","tag-habitations-dynastie","tag-habitations-jls-cote","tag-le-colombier","tag-mirabel","tag-richard-construction","tag-saint-canut","tag-saint-colomban","tag-saint-eustache","tag-saint-hippolyte","tag-saint-joseph-du-lac","tag-sainte-marthe-sur-le-lac","tag-sainte-sophie"],"acf":[],"yoast_head":"<!-- This site is optimized with the Yoast SEO plugin v26.7 - https:\/\/yoast.com\/wordpress\/plugins\/seo\/ -->\n<title>Les promoteurs - constructeurs d&#039;habitations neuves dans les Basses-Laurentides | Vaillancourt et Ass. | Courtier immobilier Laval - Rive-Nord<\/title>\n<meta name=\"description\" content=\"Voici une liste presque compl\u00e8te des d\u00e9veloppeurs et constructeurs de maisons neuves dans les Basses-Laurentides.\" \/>\n<meta name=\"robots\" content=\"index, follow, max-snippet:-1, max-image-preview:large, max-video-preview:-1\" \/>\n<link rel=\"canonical\" href=\"https:\/\/vaillancourtea.com\/immobilier\/quels-sont-les-promoteurs-de-projets-domiciliaires-a-saint-eustache-et-dans-les-basses-laurentides\/\" \/>\n<meta property=\"og:locale\" content=\"en_US\" \/>\n<meta property=\"og:type\" content=\"article\" \/>\n<meta property=\"og:title\" content=\"Les promoteurs - constructeurs d&#039;habitations neuves dans les Basses-Laurentides | Vaillancourt et Ass. | Courtier immobilier Laval - Rive-Nord\" \/>\n<meta property=\"og:description\" content=\"Voici une liste presque compl\u00e8te des d\u00e9veloppeurs et constructeurs de maisons neuves dans les Basses-Laurentides.\" \/>\n<meta property=\"og:url\" content=\"https:\/\/vaillancourtea.com\/immobilier\/quels-sont-les-promoteurs-de-projets-domiciliaires-a-saint-eustache-et-dans-les-basses-laurentides\/\" \/>\n<meta property=\"og:site_name\" content=\"Vaillancourt et Ass. | Courtier immobilier Laval - Rive-Nord\" \/>\n<meta property=\"article:published_time\" content=\"2025-05-20T23:58:08+00:00\" \/>\n<meta property=\"article:modified_time\" content=\"2025-07-09T20:31:59+00:00\" \/>\n<meta property=\"og:image\" content=\"https:\/\/vaillancourtea.com\/files\/2022\/05\/plateaux-ruisseau-3-plan-implantation.jpg\" \/>\n\t<meta property=\"og:image:width\" content=\"1600\" \/>\n\t<meta property=\"og:image:height\" content=\"900\" \/>\n\t<meta property=\"og:image:type\" content=\"image\/jpeg\" \/>\n<meta name=\"author\" content=\"Chantal Vaillancourt\" \/>\n<meta name=\"twitter:card\" content=\"summary_large_image\" \/>\n<meta name=\"twitter:label1\" content=\"Written by\" \/>\n\t<meta name=\"twitter:data1\" content=\"Chantal Vaillancourt\" \/>\n\t<meta name=\"twitter:label2\" content=\"Est. reading time\" \/>\n\t<meta name=\"twitter:data2\" content=\"17 minutes\" \/>\n<script type=\"application\/ld+json\" class=\"yoast-schema-graph\">{\"@context\":\"https:\/\/schema.org\",\"@graph\":[{\"@type\":\"Article\",\"@id\":\"https:\/\/vaillancourtea.com\/immobilier\/quels-sont-les-promoteurs-de-projets-domiciliaires-a-saint-eustache-et-dans-les-basses-laurentides\/#article\",\"isPartOf\":{\"@id\":\"https:\/\/vaillancourtea.com\/immobilier\/quels-sont-les-promoteurs-de-projets-domiciliaires-a-saint-eustache-et-dans-les-basses-laurentides\/\"},\"author\":{\"name\":\"Chantal Vaillancourt\",\"@id\":\"https:\/\/vaillancourtea.com\/#\/schema\/person\/836f70fcb3e5ac822dbb9b822579c752\"},\"headline\":\"Les promoteurs &#8211; constructeurs d&#8217;habitations neuves dans les Basses-Laurentides\",\"datePublished\":\"2025-05-20T23:58:08+00:00\",\"dateModified\":\"2025-07-09T20:31:59+00:00\",\"mainEntityOfPage\":{\"@id\":\"https:\/\/vaillancourtea.com\/immobilier\/quels-sont-les-promoteurs-de-projets-domiciliaires-a-saint-eustache-et-dans-les-basses-laurentides\/\"},\"wordCount\":4303,\"publisher\":{\"@id\":\"https:\/\/vaillancourtea.com\/#organization\"},\"image\":{\"@id\":\"https:\/\/vaillancourtea.com\/immobilier\/quels-sont-les-promoteurs-de-projets-domiciliaires-a-saint-eustache-et-dans-les-basses-laurentides\/#primaryimage\"},\"thumbnailUrl\":\"https:\/\/vaillancourtea.com\/files\/2022\/05\/plateaux-ruisseau-3-plan-implantation.jpg\",\"keywords\":[\"acc\u00e8s-habitation\",\"basses-laurentides\",\"construction-voyer\",\"gbd-construction\",\"gestion-benoit-dumoulin\",\"groupe-4M\",\"groupe-frank-fort\",\"groupe-mathieu\",\"habitations-dynastie\",\"habitations-jls-cote\",\"le-colombier\",\"mirabel\",\"richard-construction\",\"saint-canut\",\"saint-colomban\",\"saint-eustache\",\"saint-hippolyte\",\"saint-joseph-du-lac\",\"sainte-marthe-sur-le-lac\",\"sainte-sophie\"],\"articleSection\":[\"\",\"Immobilier\"],\"inLanguage\":\"en-US\"},{\"@type\":\"WebPage\",\"@id\":\"https:\/\/vaillancourtea.com\/immobilier\/quels-sont-les-promoteurs-de-projets-domiciliaires-a-saint-eustache-et-dans-les-basses-laurentides\/\",\"url\":\"https:\/\/vaillancourtea.com\/immobilier\/quels-sont-les-promoteurs-de-projets-domiciliaires-a-saint-eustache-et-dans-les-basses-laurentides\/\",\"name\":\"[:fr]Liste compl\u00e8te des projets de maisons neuves sur la Rive-Nord[:en]Les promoteurs - constructeurs d'habitations neuves dans les Basses-Laurentides[:] | Vaillancourt et Ass. | Courtier immobilier Laval - Rive-Nord\",\"isPartOf\":{\"@id\":\"https:\/\/vaillancourtea.com\/#website\"},\"primaryImageOfPage\":{\"@id\":\"https:\/\/vaillancourtea.com\/immobilier\/quels-sont-les-promoteurs-de-projets-domiciliaires-a-saint-eustache-et-dans-les-basses-laurentides\/#primaryimage\"},\"image\":{\"@id\":\"https:\/\/vaillancourtea.com\/immobilier\/quels-sont-les-promoteurs-de-projets-domiciliaires-a-saint-eustache-et-dans-les-basses-laurentides\/#primaryimage\"},\"thumbnailUrl\":\"https:\/\/vaillancourtea.com\/files\/2022\/05\/plateaux-ruisseau-3-plan-implantation.jpg\",\"datePublished\":\"2025-05-20T23:58:08+00:00\",\"dateModified\":\"2025-07-09T20:31:59+00:00\",\"description\":\"Voici une liste presque compl\u00e8te des d\u00e9veloppeurs et constructeurs de maisons neuves dans les Basses-Laurentides.\",\"breadcrumb\":{\"@id\":\"https:\/\/vaillancourtea.com\/immobilier\/quels-sont-les-promoteurs-de-projets-domiciliaires-a-saint-eustache-et-dans-les-basses-laurentides\/#breadcrumb\"},\"inLanguage\":\"en-US\",\"potentialAction\":[{\"@type\":\"ReadAction\",\"target\":[\"https:\/\/vaillancourtea.com\/immobilier\/quels-sont-les-promoteurs-de-projets-domiciliaires-a-saint-eustache-et-dans-les-basses-laurentides\/\"]}]},{\"@type\":\"ImageObject\",\"inLanguage\":\"en-US\",\"@id\":\"https:\/\/vaillancourtea.com\/immobilier\/quels-sont-les-promoteurs-de-projets-domiciliaires-a-saint-eustache-et-dans-les-basses-laurentides\/#primaryimage\",\"url\":\"https:\/\/vaillancourtea.com\/files\/2022\/05\/plateaux-ruisseau-3-plan-implantation.jpg\",\"contentUrl\":\"https:\/\/vaillancourtea.com\/files\/2022\/05\/plateaux-ruisseau-3-plan-implantation.jpg\",\"width\":1600,\"height\":900},{\"@type\":\"BreadcrumbList\",\"@id\":\"https:\/\/vaillancourtea.com\/immobilier\/quels-sont-les-promoteurs-de-projets-domiciliaires-a-saint-eustache-et-dans-les-basses-laurentides\/#breadcrumb\",\"itemListElement\":[{\"@type\":\"ListItem\",\"position\":1,\"name\":\"Accueil\",\"item\":\"https:\/\/vaillancourtea.com\/\"},{\"@type\":\"ListItem\",\"position\":2,\"name\":\"Liste compl\u00e8te des projets de maisons neuves sur la Rive-Nord\"}]},{\"@type\":\"WebSite\",\"@id\":\"https:\/\/vaillancourtea.com\/#website\",\"url\":\"https:\/\/vaillancourtea.com\/\",\"name\":\"Vaillancourt et Ass. | Courtier immobilier Laval - Rive-Nord\",\"description\":\"\",\"publisher\":{\"@id\":\"https:\/\/vaillancourtea.com\/#organization\"},\"potentialAction\":[{\"@type\":\"SearchAction\",\"target\":{\"@type\":\"EntryPoint\",\"urlTemplate\":\"https:\/\/vaillancourtea.com\/?s={search_term_string}\"},\"query-input\":{\"@type\":\"PropertyValueSpecification\",\"valueRequired\":true,\"valueName\":\"search_term_string\"}}],\"inLanguage\":\"en-US\"},{\"@type\":\"Organization\",\"@id\":\"https:\/\/vaillancourtea.com\/#organization\",\"name\":\"Chantal Vaillancourt, Courtier immobilier r\u00e9sidentiel\",\"url\":\"https:\/\/vaillancourtea.com\/\",\"logo\":{\"@type\":\"ImageObject\",\"inLanguage\":\"en-US\",\"@id\":\"https:\/\/vaillancourtea.com\/#\/schema\/logo\/image\/\",\"url\":\"https:\/\/vaillancourtea.com\/files\/2018\/11\/RP_Logo.png\",\"contentUrl\":\"https:\/\/vaillancourtea.com\/files\/2018\/11\/RP_Logo.png\",\"width\":168,\"height\":63,\"caption\":\"Chantal Vaillancourt, Courtier immobilier r\u00e9sidentiel\"},\"image\":{\"@id\":\"https:\/\/vaillancourtea.com\/#\/schema\/logo\/image\/\"}},{\"@type\":\"Person\",\"@id\":\"https:\/\/vaillancourtea.com\/#\/schema\/person\/836f70fcb3e5ac822dbb9b822579c752\",\"name\":\"Chantal Vaillancourt\",\"image\":{\"@type\":\"ImageObject\",\"inLanguage\":\"en-US\",\"@id\":\"https:\/\/vaillancourtea.com\/#\/schema\/person\/image\/\",\"url\":\"http:\/\/pvaillancourt.com\/files\/2015\/06\/Chantal-Vaillancourt_avatar_1435006367-96x96.jpg\",\"contentUrl\":\"http:\/\/pvaillancourt.com\/files\/2015\/06\/Chantal-Vaillancourt_avatar_1435006367-96x96.jpg\",\"caption\":\"Chantal Vaillancourt\"},\"description\":\"Chantal is passionate about her neighborhood. She is always looking to discover new hidden treasures in her area and to share them with others.\",\"url\":\"https:\/\/vaillancourtea.com\/en\/author\/chantal\/\"}]}<\/script>\n<!-- \/ Yoast SEO plugin. -->","yoast_head_json":{"title":"Les promoteurs - constructeurs d'habitations neuves dans les Basses-Laurentides | Vaillancourt et Ass. | Courtier immobilier Laval - Rive-Nord","description":"Voici une liste presque compl\u00e8te des d\u00e9veloppeurs et constructeurs de maisons neuves dans les Basses-Laurentides.","robots":{"index":"index","follow":"follow","max-snippet":"max-snippet:-1","max-image-preview":"max-image-preview:large","max-video-preview":"max-video-preview:-1"},"canonical":"https:\/\/vaillancourtea.com\/immobilier\/quels-sont-les-promoteurs-de-projets-domiciliaires-a-saint-eustache-et-dans-les-basses-laurentides\/","og_locale":"en_US","og_type":"article","og_title":"Les promoteurs - constructeurs d'habitations neuves dans les Basses-Laurentides | Vaillancourt et Ass. | Courtier immobilier Laval - Rive-Nord","og_description":"Voici une liste presque compl\u00e8te des d\u00e9veloppeurs et constructeurs de maisons neuves dans les Basses-Laurentides.","og_url":"https:\/\/vaillancourtea.com\/immobilier\/quels-sont-les-promoteurs-de-projets-domiciliaires-a-saint-eustache-et-dans-les-basses-laurentides\/","og_site_name":"Vaillancourt et Ass. | Courtier immobilier Laval - Rive-Nord","article_published_time":"2025-05-20T23:58:08+00:00","article_modified_time":"2025-07-09T20:31:59+00:00","og_image":[{"width":1600,"height":900,"url":"https:\/\/vaillancourtea.com\/files\/2022\/05\/plateaux-ruisseau-3-plan-implantation.jpg","type":"image\/jpeg"}],"author":"Chantal Vaillancourt","twitter_card":"summary_large_image","twitter_misc":{"Written by":"Chantal Vaillancourt","Est. reading time":"17 minutes"},"schema":{"@context":"https:\/\/schema.org","@graph":[{"@type":"Article","@id":"https:\/\/vaillancourtea.com\/immobilier\/quels-sont-les-promoteurs-de-projets-domiciliaires-a-saint-eustache-et-dans-les-basses-laurentides\/#article","isPartOf":{"@id":"https:\/\/vaillancourtea.com\/immobilier\/quels-sont-les-promoteurs-de-projets-domiciliaires-a-saint-eustache-et-dans-les-basses-laurentides\/"},"author":{"name":"Chantal Vaillancourt","@id":"https:\/\/vaillancourtea.com\/#\/schema\/person\/836f70fcb3e5ac822dbb9b822579c752"},"headline":"Les promoteurs &#8211; constructeurs d&#8217;habitations neuves dans les Basses-Laurentides","datePublished":"2025-05-20T23:58:08+00:00","dateModified":"2025-07-09T20:31:59+00:00","mainEntityOfPage":{"@id":"https:\/\/vaillancourtea.com\/immobilier\/quels-sont-les-promoteurs-de-projets-domiciliaires-a-saint-eustache-et-dans-les-basses-laurentides\/"},"wordCount":4303,"publisher":{"@id":"https:\/\/vaillancourtea.com\/#organization"},"image":{"@id":"https:\/\/vaillancourtea.com\/immobilier\/quels-sont-les-promoteurs-de-projets-domiciliaires-a-saint-eustache-et-dans-les-basses-laurentides\/#primaryimage"},"thumbnailUrl":"https:\/\/vaillancourtea.com\/files\/2022\/05\/plateaux-ruisseau-3-plan-implantation.jpg","keywords":["acc\u00e8s-habitation","basses-laurentides","construction-voyer","gbd-construction","gestion-benoit-dumoulin","groupe-4M","groupe-frank-fort","groupe-mathieu","habitations-dynastie","habitations-jls-cote","le-colombier","mirabel","richard-construction","saint-canut","saint-colomban","saint-eustache","saint-hippolyte","saint-joseph-du-lac","sainte-marthe-sur-le-lac","sainte-sophie"],"articleSection":["","Immobilier"],"inLanguage":"en-US"},{"@type":"WebPage","@id":"https:\/\/vaillancourtea.com\/immobilier\/quels-sont-les-promoteurs-de-projets-domiciliaires-a-saint-eustache-et-dans-les-basses-laurentides\/","url":"https:\/\/vaillancourtea.com\/immobilier\/quels-sont-les-promoteurs-de-projets-domiciliaires-a-saint-eustache-et-dans-les-basses-laurentides\/","name":"[:fr]Liste compl\u00e8te des projets de maisons neuves sur la Rive-Nord[:en]Les promoteurs - constructeurs d'habitations neuves dans les Basses-Laurentides[:] | Vaillancourt et Ass. | Courtier immobilier Laval - Rive-Nord","isPartOf":{"@id":"https:\/\/vaillancourtea.com\/#website"},"primaryImageOfPage":{"@id":"https:\/\/vaillancourtea.com\/immobilier\/quels-sont-les-promoteurs-de-projets-domiciliaires-a-saint-eustache-et-dans-les-basses-laurentides\/#primaryimage"},"image":{"@id":"https:\/\/vaillancourtea.com\/immobilier\/quels-sont-les-promoteurs-de-projets-domiciliaires-a-saint-eustache-et-dans-les-basses-laurentides\/#primaryimage"},"thumbnailUrl":"https:\/\/vaillancourtea.com\/files\/2022\/05\/plateaux-ruisseau-3-plan-implantation.jpg","datePublished":"2025-05-20T23:58:08+00:00","dateModified":"2025-07-09T20:31:59+00:00","description":"Voici une liste presque compl\u00e8te des d\u00e9veloppeurs et constructeurs de maisons neuves dans les Basses-Laurentides.","breadcrumb":{"@id":"https:\/\/vaillancourtea.com\/immobilier\/quels-sont-les-promoteurs-de-projets-domiciliaires-a-saint-eustache-et-dans-les-basses-laurentides\/#breadcrumb"},"inLanguage":"en-US","potentialAction":[{"@type":"ReadAction","target":["https:\/\/vaillancourtea.com\/immobilier\/quels-sont-les-promoteurs-de-projets-domiciliaires-a-saint-eustache-et-dans-les-basses-laurentides\/"]}]},{"@type":"ImageObject","inLanguage":"en-US","@id":"https:\/\/vaillancourtea.com\/immobilier\/quels-sont-les-promoteurs-de-projets-domiciliaires-a-saint-eustache-et-dans-les-basses-laurentides\/#primaryimage","url":"https:\/\/vaillancourtea.com\/files\/2022\/05\/plateaux-ruisseau-3-plan-implantation.jpg","contentUrl":"https:\/\/vaillancourtea.com\/files\/2022\/05\/plateaux-ruisseau-3-plan-implantation.jpg","width":1600,"height":900},{"@type":"BreadcrumbList","@id":"https:\/\/vaillancourtea.com\/immobilier\/quels-sont-les-promoteurs-de-projets-domiciliaires-a-saint-eustache-et-dans-les-basses-laurentides\/#breadcrumb","itemListElement":[{"@type":"ListItem","position":1,"name":"Accueil","item":"https:\/\/vaillancourtea.com\/"},{"@type":"ListItem","position":2,"name":"Liste compl\u00e8te des projets de maisons neuves sur la Rive-Nord"}]},{"@type":"WebSite","@id":"https:\/\/vaillancourtea.com\/#website","url":"https:\/\/vaillancourtea.com\/","name":"Vaillancourt et Ass. | Courtier immobilier Laval - Rive-Nord","description":"","publisher":{"@id":"https:\/\/vaillancourtea.com\/#organization"},"potentialAction":[{"@type":"SearchAction","target":{"@type":"EntryPoint","urlTemplate":"https:\/\/vaillancourtea.com\/?s={search_term_string}"},"query-input":{"@type":"PropertyValueSpecification","valueRequired":true,"valueName":"search_term_string"}}],"inLanguage":"en-US"},{"@type":"Organization","@id":"https:\/\/vaillancourtea.com\/#organization","name":"Chantal Vaillancourt, Courtier immobilier r\u00e9sidentiel","url":"https:\/\/vaillancourtea.com\/","logo":{"@type":"ImageObject","inLanguage":"en-US","@id":"https:\/\/vaillancourtea.com\/#\/schema\/logo\/image\/","url":"https:\/\/vaillancourtea.com\/files\/2018\/11\/RP_Logo.png","contentUrl":"https:\/\/vaillancourtea.com\/files\/2018\/11\/RP_Logo.png","width":168,"height":63,"caption":"Chantal Vaillancourt, Courtier immobilier r\u00e9sidentiel"},"image":{"@id":"https:\/\/vaillancourtea.com\/#\/schema\/logo\/image\/"}},{"@type":"Person","@id":"https:\/\/vaillancourtea.com\/#\/schema\/person\/836f70fcb3e5ac822dbb9b822579c752","name":"Chantal Vaillancourt","image":{"@type":"ImageObject","inLanguage":"en-US","@id":"https:\/\/vaillancourtea.com\/#\/schema\/person\/image\/","url":"http:\/\/pvaillancourt.com\/files\/2015\/06\/Chantal-Vaillancourt_avatar_1435006367-96x96.jpg","contentUrl":"http:\/\/pvaillancourt.com\/files\/2015\/06\/Chantal-Vaillancourt_avatar_1435006367-96x96.jpg","caption":"Chantal Vaillancourt"},"description":"Chantal is passionate about her neighborhood. She is always looking to discover new hidden treasures in her area and to share them with others.","url":"https:\/\/vaillancourtea.com\/en\/author\/chantal\/"}]}},"_links":{"self":[{"href":"https:\/\/vaillancourtea.com\/en\/wp-json\/wp\/v2\/posts\/811","targetHints":{"allow":["GET"]}}],"collection":[{"href":"https:\/\/vaillancourtea.com\/en\/wp-json\/wp\/v2\/posts"}],"about":[{"href":"https:\/\/vaillancourtea.com\/en\/wp-json\/wp\/v2\/types\/post"}],"author":[{"embeddable":true,"href":"https:\/\/vaillancourtea.com\/en\/wp-json\/wp\/v2\/users\/1091"}],"replies":[{"embeddable":true,"href":"https:\/\/vaillancourtea.com\/en\/wp-json\/wp\/v2\/comments?post=811"}],"version-history":[{"count":3,"href":"https:\/\/vaillancourtea.com\/en\/wp-json\/wp\/v2\/posts\/811\/revisions"}],"predecessor-version":[{"id":9072,"href":"https:\/\/vaillancourtea.com\/en\/wp-json\/wp\/v2\/posts\/811\/revisions\/9072"}],"wp:featuredmedia":[{"embeddable":true,"href":"https:\/\/vaillancourtea.com\/en\/wp-json\/wp\/v2\/media\/8871"}],"wp:attachment":[{"href":"https:\/\/vaillancourtea.com\/en\/wp-json\/wp\/v2\/media?parent=811"}],"wp:term":[{"taxonomy":"category","embeddable":true,"href":"https:\/\/vaillancourtea.com\/en\/wp-json\/wp\/v2\/categories?post=811"},{"taxonomy":"post_tag","embeddable":true,"href":"https:\/\/vaillancourtea.com\/en\/wp-json\/wp\/v2\/tags?post=811"}],"curies":[{"name":"wp","href":"https:\/\/api.w.org\/{rel}","templated":true}]}}