{"id":792,"date":"2022-05-17T19:32:23","date_gmt":"2022-05-17T23:32:23","guid":{"rendered":"http:\/\/icilavallaurentides.com\/?p=792"},"modified":"2025-09-04T13:59:14","modified_gmt":"2025-09-04T17:59:14","slug":"le-baril-a-volonte-a-saint-eustache","status":"publish","type":"post","link":"https:\/\/vaillancourtea.com\/en\/commerces\/le-baril-a-volonte-a-saint-eustache\/","title":{"rendered":"Le Baril \u00e0 Volont\u00e9 \u00e0 Saint-Eustache"},"content":{"rendered":"<figure class=\"wp-block-embed is-type-video is-provider-youtube wp-block-embed-youtube wp-embed-aspect-16-9 wp-has-aspect-ratio\"><div class=\"wp-block-embed__wrapper\">\r\n<iframe loading=\"lazy\" title=\"Le Baril \u00e0 Volont\u00e9 \u00e0 Saint-Eustache\" width=\"500\" height=\"281\" src=\"https:\/\/www.youtube.com\/embed\/2oirMvsEmPM?feature=oembed\" frameborder=\"0\" allow=\"accelerometer; autoplay; clipboard-write; encrypted-media; gyroscope; picture-in-picture; web-share\" referrerpolicy=\"strict-origin-when-cross-origin\" allowfullscreen><\/iframe>\r\n<\/div><\/figure>\r\n\r\n\r\n\r\n<p>Salut!<\/p>\r\n\r\n\r\n\r\n<p>En fin de semaine, je me promenais dans le Vieux Saint-Eustache et j&#8217;ai eu envie d&#8217;aller d\u00e9couvrir un nouveau commerce: <a href=\"http:\/\/www.lebarilavolonte.com\/\" target=\"_blank\" rel=\"noreferrer noopener\"><strong>Le<\/strong> <strong>Baril \u00e0 Volont\u00e9<\/strong><\/a>.<\/p>\r\n\r\n\r\n\r\n<p>Ils sont ouverts depuis le 15 avril 2022, alors c&#8217;est vraiment tout nouveau!<\/p>\r\n\r\n\r\n\r\n<p>J&#8217;ai m\u00eame eu la chance de m&#8217;entretenir avec le propri\u00e9taire, Sylvain Barri\u00e8re. Il m&#8217;a expliqu\u00e9 que le nom de l&#8217;entreprise \u00e9tait en fait une combinaison du nom de famille de sa femme &#8211; Baril, et &#8221;\u00e0 volont\u00e9&#8221;, parce qu&#8217;ils ont une grande vari\u00e9t\u00e9 de bi\u00e8res de microbrasserie, ils en ont actuellement plus de 1000.<\/p>\r\n\r\n\r\n\r\n<p><strong>Le Baril \u00e0 Volont\u00e9<\/strong> choisit les microbrasseries en fonction de la relation qu&#8217;il a avec les brasseurs et les artisans. Sylvain m&#8217;explique qu&#8217;ils veulent inclure des brasseurs qui ne vendent pas en trop grande quantit\u00e9, qui font bien les choses, qui sont m\u00e9ticuleux. Il aime aussi mettre de l&#8217;avant des entreprises avec des produits qui sortent de l&#8217;ordinaire et s&#8217;efforce \u00e0 ne pas faire entrer plusieurs produits similaires en magasin. Les produits s\u00e9lectionn\u00e9s sont donc vraiment uniques! On peut donc dire que c&#8217;est un endroit pour les amateurs de micro-microbrasseries!<\/p>\r\n\r\n\r\n\r\n<p>Au<strong> Baril \u00e0 Volont\u00e9<\/strong>, vous retrouverez non seulement une section compl\u00e8te de bi\u00e8res, mais aussi une section compl\u00e8te de vins et de cidres qu\u00e9b\u00e9cois.<\/p>\r\n\r\n\r\n\r\n<p>Un super commerce local qui met de l&#8217;avant des petites entreprises locales, quoi de mieux!<\/p>\r\n\r\n\r\n\r\n<p>&#x1f449;<em>Suivez l&#8217;entreprise sur les r\u00e9seaux sociaux!<\/em><\/p>\r\n\r\n\r\n\r\n<ul class=\"wp-block-list\"><li><a href=\"http:\/\/www.lebarilavolonte.com\/\" target=\"_blank\" rel=\"noreferrer noopener\">Site internet<\/a><\/li><li><a href=\"https:\/\/www.facebook.com\/lebarilavolonte\/\" target=\"_blank\" rel=\"noreferrer noopener\">Facebook<\/a><\/li><\/ul>\r\n\r\n\r\n\r\n<p><\/p>\r\n\r\n\r\n\r\n<p>Et vous? Aimez-vous les bi\u00e8res de microbrasseries, les vins et les cidres qu\u00e9b\u00e9cois? Si oui, avez-vous un coup de coeur \u00e0 me sugg\u00e9rer?<\/p>\r\n\r\n\r\n\r\n<p>Si vous allez faire un tour au Baril \u00e0 Volont\u00e9, je veux savoir ce que vous choisissez. \u00c9crivez-moi!<\/p>\r\n\r\n\r\n\r\n<p>\u00c0 bient\u00f4t,<\/p>\r\n\r\n\r\n\r\n<p>Chantal<\/p>","protected":false},"excerpt":{"rendered":"<p>Salut! En fin de semaine, je me promenais dans le Vieux Saint-Eustache et j&#8217;ai eu envie d&#8217;aller d\u00e9couvrir un nouveau commerce: Le Baril \u00e0 Volont\u00e9. Ils sont ouverts depuis le 15 avril 2022, alors c&#8217;est vraiment tout nouveau! J&#8217;ai m\u00eame eu la chance de m&#8217;entretenir avec le propri\u00e9taire, Sylvain Barri\u00e8re. Il m&#8217;a expliqu\u00e9 que le [&hellip;]<\/p>\n","protected":false},"author":1091,"featured_media":9205,"comment_status":"closed","ping_status":"open","sticky":false,"template":"","format":"standard","meta":{"_acf_changed":false,"footnotes":""},"categories":[179,174,177],"tags":[325,326,231,266,327,328,329,258,330,331,332,100,264],"class_list":["post-792","post","type-post","status-publish","format-standard","hentry","category-commerces","category-ici-laval-laurentides","category-vie-de-quartier","tag-artisans","tag-aubarilavolonte","tag-basses-laurentides-2","tag-biere","tag-brasseurs","tag-cidre","tag-commercelocal","tag-local","tag-microbrasserie","tag-produits","tag-quebecois","tag-saint-eustache","tag-vin"],"acf":[],"yoast_head":"<!-- This site is optimized with the Yoast SEO plugin v26.7 - https:\/\/yoast.com\/wordpress\/plugins\/seo\/ -->\n<title>Le Baril \u00e0 Volont\u00e9 \u00e0 Saint-Eustache | Vaillancourt et Ass. | Courtier immobilier Laval - Rive-Nord<\/title>\n<meta name=\"robots\" content=\"index, follow, max-snippet:-1, max-image-preview:large, max-video-preview:-1\" \/>\n<link rel=\"canonical\" href=\"https:\/\/vaillancourtea.com\/commerces\/le-baril-a-volonte-a-saint-eustache\/\" \/>\n<meta property=\"og:locale\" content=\"en_US\" \/>\n<meta property=\"og:type\" content=\"article\" \/>\n<meta property=\"og:title\" content=\"Le Baril \u00e0 Volont\u00e9 \u00e0 Saint-Eustache | Vaillancourt et Ass. | Courtier immobilier Laval - Rive-Nord\" \/>\n<meta property=\"og:description\" content=\"Salut! En fin de semaine, je me promenais dans le Vieux Saint-Eustache et j&#8217;ai eu envie d&#8217;aller d\u00e9couvrir un nouveau commerce: Le Baril \u00e0 Volont\u00e9. Ils sont ouverts depuis le 15 avril 2022, alors c&#8217;est vraiment tout nouveau! J&#8217;ai m\u00eame eu la chance de m&#8217;entretenir avec le propri\u00e9taire, Sylvain Barri\u00e8re. Il m&#8217;a expliqu\u00e9 que le [&hellip;]\" \/>\n<meta property=\"og:url\" content=\"https:\/\/vaillancourtea.com\/commerces\/le-baril-a-volonte-a-saint-eustache\/\" \/>\n<meta property=\"og:site_name\" content=\"Vaillancourt et Ass. | Courtier immobilier Laval - Rive-Nord\" \/>\n<meta property=\"article:published_time\" content=\"2022-05-17T23:32:23+00:00\" \/>\n<meta property=\"article:modified_time\" content=\"2025-09-04T17:59:14+00:00\" \/>\n<meta property=\"og:image\" content=\"https:\/\/vaillancourtea.com\/files\/2022\/05\/BarilAVolonte-2.jpg\" \/>\n\t<meta property=\"og:image:width\" content=\"1280\" \/>\n\t<meta property=\"og:image:height\" content=\"720\" \/>\n\t<meta property=\"og:image:type\" content=\"image\/jpeg\" \/>\n<meta name=\"author\" content=\"Chantal Vaillancourt\" \/>\n<meta name=\"twitter:card\" content=\"summary_large_image\" \/>\n<meta name=\"twitter:label1\" content=\"Written by\" \/>\n\t<meta name=\"twitter:data1\" content=\"Chantal Vaillancourt\" \/>\n\t<meta name=\"twitter:label2\" content=\"Est. reading time\" \/>\n\t<meta name=\"twitter:data2\" content=\"2 minutes\" \/>\n<script type=\"application\/ld+json\" class=\"yoast-schema-graph\">{\"@context\":\"https:\/\/schema.org\",\"@graph\":[{\"@type\":\"Article\",\"@id\":\"https:\/\/vaillancourtea.com\/commerces\/le-baril-a-volonte-a-saint-eustache\/#article\",\"isPartOf\":{\"@id\":\"https:\/\/vaillancourtea.com\/commerces\/le-baril-a-volonte-a-saint-eustache\/\"},\"author\":{\"name\":\"Chantal Vaillancourt\",\"@id\":\"https:\/\/vaillancourtea.com\/#\/schema\/person\/836f70fcb3e5ac822dbb9b822579c752\"},\"headline\":\"Le Baril \u00e0 Volont\u00e9 \u00e0 Saint-Eustache\",\"datePublished\":\"2022-05-17T23:32:23+00:00\",\"dateModified\":\"2025-09-04T17:59:14+00:00\",\"mainEntityOfPage\":{\"@id\":\"https:\/\/vaillancourtea.com\/commerces\/le-baril-a-volonte-a-saint-eustache\/\"},\"wordCount\":612,\"publisher\":{\"@id\":\"https:\/\/vaillancourtea.com\/#organization\"},\"image\":{\"@id\":\"https:\/\/vaillancourtea.com\/commerces\/le-baril-a-volonte-a-saint-eustache\/#primaryimage\"},\"thumbnailUrl\":\"https:\/\/vaillancourtea.com\/files\/2022\/05\/BarilAVolonte-2.jpg\",\"keywords\":[\"artisans\",\"aubarilavolonte\",\"basses-laurentides\",\"biere\",\"brasseurs\",\"cidre\",\"commercelocal\",\"local\",\"microbrasserie\",\"produits\",\"qu\u00e9b\u00e9cois\",\"saint-eustache\",\"vin\"],\"articleSection\":[\"Commerces\",\"\",\"Vie de quartier\"],\"inLanguage\":\"en-US\"},{\"@type\":\"WebPage\",\"@id\":\"https:\/\/vaillancourtea.com\/commerces\/le-baril-a-volonte-a-saint-eustache\/\",\"url\":\"https:\/\/vaillancourtea.com\/commerces\/le-baril-a-volonte-a-saint-eustache\/\",\"name\":\"Le Baril \u00e0 Volont\u00e9 \u00e0 Saint-Eustache | Vaillancourt et Ass. | Courtier immobilier Laval - Rive-Nord\",\"isPartOf\":{\"@id\":\"https:\/\/vaillancourtea.com\/#website\"},\"primaryImageOfPage\":{\"@id\":\"https:\/\/vaillancourtea.com\/commerces\/le-baril-a-volonte-a-saint-eustache\/#primaryimage\"},\"image\":{\"@id\":\"https:\/\/vaillancourtea.com\/commerces\/le-baril-a-volonte-a-saint-eustache\/#primaryimage\"},\"thumbnailUrl\":\"https:\/\/vaillancourtea.com\/files\/2022\/05\/BarilAVolonte-2.jpg\",\"datePublished\":\"2022-05-17T23:32:23+00:00\",\"dateModified\":\"2025-09-04T17:59:14+00:00\",\"breadcrumb\":{\"@id\":\"https:\/\/vaillancourtea.com\/commerces\/le-baril-a-volonte-a-saint-eustache\/#breadcrumb\"},\"inLanguage\":\"en-US\",\"potentialAction\":[{\"@type\":\"ReadAction\",\"target\":[\"https:\/\/vaillancourtea.com\/commerces\/le-baril-a-volonte-a-saint-eustache\/\"]}]},{\"@type\":\"ImageObject\",\"inLanguage\":\"en-US\",\"@id\":\"https:\/\/vaillancourtea.com\/commerces\/le-baril-a-volonte-a-saint-eustache\/#primaryimage\",\"url\":\"https:\/\/vaillancourtea.com\/files\/2022\/05\/BarilAVolonte-2.jpg\",\"contentUrl\":\"https:\/\/vaillancourtea.com\/files\/2022\/05\/BarilAVolonte-2.jpg\",\"width\":1280,\"height\":720},{\"@type\":\"BreadcrumbList\",\"@id\":\"https:\/\/vaillancourtea.com\/commerces\/le-baril-a-volonte-a-saint-eustache\/#breadcrumb\",\"itemListElement\":[{\"@type\":\"ListItem\",\"position\":1,\"name\":\"Accueil\",\"item\":\"https:\/\/vaillancourtea.com\/\"},{\"@type\":\"ListItem\",\"position\":2,\"name\":\"Le Baril \u00e0 Volont\u00e9 \u00e0 Saint-Eustache\"}]},{\"@type\":\"WebSite\",\"@id\":\"https:\/\/vaillancourtea.com\/#website\",\"url\":\"https:\/\/vaillancourtea.com\/\",\"name\":\"Vaillancourt et Ass. | Courtier immobilier Laval - Rive-Nord\",\"description\":\"\",\"publisher\":{\"@id\":\"https:\/\/vaillancourtea.com\/#organization\"},\"potentialAction\":[{\"@type\":\"SearchAction\",\"target\":{\"@type\":\"EntryPoint\",\"urlTemplate\":\"https:\/\/vaillancourtea.com\/?s={search_term_string}\"},\"query-input\":{\"@type\":\"PropertyValueSpecification\",\"valueRequired\":true,\"valueName\":\"search_term_string\"}}],\"inLanguage\":\"en-US\"},{\"@type\":\"Organization\",\"@id\":\"https:\/\/vaillancourtea.com\/#organization\",\"name\":\"Chantal Vaillancourt, Courtier immobilier r\u00e9sidentiel\",\"url\":\"https:\/\/vaillancourtea.com\/\",\"logo\":{\"@type\":\"ImageObject\",\"inLanguage\":\"en-US\",\"@id\":\"https:\/\/vaillancourtea.com\/#\/schema\/logo\/image\/\",\"url\":\"https:\/\/vaillancourtea.com\/files\/2018\/11\/RP_Logo.png\",\"contentUrl\":\"https:\/\/vaillancourtea.com\/files\/2018\/11\/RP_Logo.png\",\"width\":168,\"height\":63,\"caption\":\"Chantal Vaillancourt, Courtier immobilier r\u00e9sidentiel\"},\"image\":{\"@id\":\"https:\/\/vaillancourtea.com\/#\/schema\/logo\/image\/\"}},{\"@type\":\"Person\",\"@id\":\"https:\/\/vaillancourtea.com\/#\/schema\/person\/836f70fcb3e5ac822dbb9b822579c752\",\"name\":\"Chantal Vaillancourt\",\"image\":{\"@type\":\"ImageObject\",\"inLanguage\":\"en-US\",\"@id\":\"https:\/\/vaillancourtea.com\/#\/schema\/person\/image\/\",\"url\":\"http:\/\/pvaillancourt.com\/files\/2015\/06\/Chantal-Vaillancourt_avatar_1435006367-96x96.jpg\",\"contentUrl\":\"http:\/\/pvaillancourt.com\/files\/2015\/06\/Chantal-Vaillancourt_avatar_1435006367-96x96.jpg\",\"caption\":\"Chantal Vaillancourt\"},\"description\":\"Chantal is passionate about her neighborhood. She is always looking to discover new hidden treasures in her area and to share them with others.\",\"url\":\"https:\/\/vaillancourtea.com\/en\/author\/chantal\/\"}]}<\/script>\n<!-- \/ Yoast SEO plugin. -->","yoast_head_json":{"title":"Le Baril \u00e0 Volont\u00e9 \u00e0 Saint-Eustache | Vaillancourt et Ass. | Courtier immobilier Laval - Rive-Nord","robots":{"index":"index","follow":"follow","max-snippet":"max-snippet:-1","max-image-preview":"max-image-preview:large","max-video-preview":"max-video-preview:-1"},"canonical":"https:\/\/vaillancourtea.com\/commerces\/le-baril-a-volonte-a-saint-eustache\/","og_locale":"en_US","og_type":"article","og_title":"Le Baril \u00e0 Volont\u00e9 \u00e0 Saint-Eustache | Vaillancourt et Ass. | Courtier immobilier Laval - Rive-Nord","og_description":"Salut! En fin de semaine, je me promenais dans le Vieux Saint-Eustache et j&#8217;ai eu envie d&#8217;aller d\u00e9couvrir un nouveau commerce: Le Baril \u00e0 Volont\u00e9. Ils sont ouverts depuis le 15 avril 2022, alors c&#8217;est vraiment tout nouveau! J&#8217;ai m\u00eame eu la chance de m&#8217;entretenir avec le propri\u00e9taire, Sylvain Barri\u00e8re. Il m&#8217;a expliqu\u00e9 que le [&hellip;]","og_url":"https:\/\/vaillancourtea.com\/commerces\/le-baril-a-volonte-a-saint-eustache\/","og_site_name":"Vaillancourt et Ass. | Courtier immobilier Laval - Rive-Nord","article_published_time":"2022-05-17T23:32:23+00:00","article_modified_time":"2025-09-04T17:59:14+00:00","og_image":[{"width":1280,"height":720,"url":"https:\/\/vaillancourtea.com\/files\/2022\/05\/BarilAVolonte-2.jpg","type":"image\/jpeg"}],"author":"Chantal Vaillancourt","twitter_card":"summary_large_image","twitter_misc":{"Written by":"Chantal Vaillancourt","Est. reading time":"2 minutes"},"schema":{"@context":"https:\/\/schema.org","@graph":[{"@type":"Article","@id":"https:\/\/vaillancourtea.com\/commerces\/le-baril-a-volonte-a-saint-eustache\/#article","isPartOf":{"@id":"https:\/\/vaillancourtea.com\/commerces\/le-baril-a-volonte-a-saint-eustache\/"},"author":{"name":"Chantal Vaillancourt","@id":"https:\/\/vaillancourtea.com\/#\/schema\/person\/836f70fcb3e5ac822dbb9b822579c752"},"headline":"Le Baril \u00e0 Volont\u00e9 \u00e0 Saint-Eustache","datePublished":"2022-05-17T23:32:23+00:00","dateModified":"2025-09-04T17:59:14+00:00","mainEntityOfPage":{"@id":"https:\/\/vaillancourtea.com\/commerces\/le-baril-a-volonte-a-saint-eustache\/"},"wordCount":612,"publisher":{"@id":"https:\/\/vaillancourtea.com\/#organization"},"image":{"@id":"https:\/\/vaillancourtea.com\/commerces\/le-baril-a-volonte-a-saint-eustache\/#primaryimage"},"thumbnailUrl":"https:\/\/vaillancourtea.com\/files\/2022\/05\/BarilAVolonte-2.jpg","keywords":["artisans","aubarilavolonte","basses-laurentides","biere","brasseurs","cidre","commercelocal","local","microbrasserie","produits","qu\u00e9b\u00e9cois","saint-eustache","vin"],"articleSection":["Commerces","","Vie de quartier"],"inLanguage":"en-US"},{"@type":"WebPage","@id":"https:\/\/vaillancourtea.com\/commerces\/le-baril-a-volonte-a-saint-eustache\/","url":"https:\/\/vaillancourtea.com\/commerces\/le-baril-a-volonte-a-saint-eustache\/","name":"Le Baril \u00e0 Volont\u00e9 \u00e0 Saint-Eustache | Vaillancourt et Ass. | Courtier immobilier Laval - Rive-Nord","isPartOf":{"@id":"https:\/\/vaillancourtea.com\/#website"},"primaryImageOfPage":{"@id":"https:\/\/vaillancourtea.com\/commerces\/le-baril-a-volonte-a-saint-eustache\/#primaryimage"},"image":{"@id":"https:\/\/vaillancourtea.com\/commerces\/le-baril-a-volonte-a-saint-eustache\/#primaryimage"},"thumbnailUrl":"https:\/\/vaillancourtea.com\/files\/2022\/05\/BarilAVolonte-2.jpg","datePublished":"2022-05-17T23:32:23+00:00","dateModified":"2025-09-04T17:59:14+00:00","breadcrumb":{"@id":"https:\/\/vaillancourtea.com\/commerces\/le-baril-a-volonte-a-saint-eustache\/#breadcrumb"},"inLanguage":"en-US","potentialAction":[{"@type":"ReadAction","target":["https:\/\/vaillancourtea.com\/commerces\/le-baril-a-volonte-a-saint-eustache\/"]}]},{"@type":"ImageObject","inLanguage":"en-US","@id":"https:\/\/vaillancourtea.com\/commerces\/le-baril-a-volonte-a-saint-eustache\/#primaryimage","url":"https:\/\/vaillancourtea.com\/files\/2022\/05\/BarilAVolonte-2.jpg","contentUrl":"https:\/\/vaillancourtea.com\/files\/2022\/05\/BarilAVolonte-2.jpg","width":1280,"height":720},{"@type":"BreadcrumbList","@id":"https:\/\/vaillancourtea.com\/commerces\/le-baril-a-volonte-a-saint-eustache\/#breadcrumb","itemListElement":[{"@type":"ListItem","position":1,"name":"Accueil","item":"https:\/\/vaillancourtea.com\/"},{"@type":"ListItem","position":2,"name":"Le Baril \u00e0 Volont\u00e9 \u00e0 Saint-Eustache"}]},{"@type":"WebSite","@id":"https:\/\/vaillancourtea.com\/#website","url":"https:\/\/vaillancourtea.com\/","name":"Vaillancourt et Ass. | Courtier immobilier Laval - Rive-Nord","description":"","publisher":{"@id":"https:\/\/vaillancourtea.com\/#organization"},"potentialAction":[{"@type":"SearchAction","target":{"@type":"EntryPoint","urlTemplate":"https:\/\/vaillancourtea.com\/?s={search_term_string}"},"query-input":{"@type":"PropertyValueSpecification","valueRequired":true,"valueName":"search_term_string"}}],"inLanguage":"en-US"},{"@type":"Organization","@id":"https:\/\/vaillancourtea.com\/#organization","name":"Chantal Vaillancourt, Courtier immobilier r\u00e9sidentiel","url":"https:\/\/vaillancourtea.com\/","logo":{"@type":"ImageObject","inLanguage":"en-US","@id":"https:\/\/vaillancourtea.com\/#\/schema\/logo\/image\/","url":"https:\/\/vaillancourtea.com\/files\/2018\/11\/RP_Logo.png","contentUrl":"https:\/\/vaillancourtea.com\/files\/2018\/11\/RP_Logo.png","width":168,"height":63,"caption":"Chantal Vaillancourt, Courtier immobilier r\u00e9sidentiel"},"image":{"@id":"https:\/\/vaillancourtea.com\/#\/schema\/logo\/image\/"}},{"@type":"Person","@id":"https:\/\/vaillancourtea.com\/#\/schema\/person\/836f70fcb3e5ac822dbb9b822579c752","name":"Chantal Vaillancourt","image":{"@type":"ImageObject","inLanguage":"en-US","@id":"https:\/\/vaillancourtea.com\/#\/schema\/person\/image\/","url":"http:\/\/pvaillancourt.com\/files\/2015\/06\/Chantal-Vaillancourt_avatar_1435006367-96x96.jpg","contentUrl":"http:\/\/pvaillancourt.com\/files\/2015\/06\/Chantal-Vaillancourt_avatar_1435006367-96x96.jpg","caption":"Chantal Vaillancourt"},"description":"Chantal is passionate about her neighborhood. She is always looking to discover new hidden treasures in her area and to share them with others.","url":"https:\/\/vaillancourtea.com\/en\/author\/chantal\/"}]}},"_links":{"self":[{"href":"https:\/\/vaillancourtea.com\/en\/wp-json\/wp\/v2\/posts\/792","targetHints":{"allow":["GET"]}}],"collection":[{"href":"https:\/\/vaillancourtea.com\/en\/wp-json\/wp\/v2\/posts"}],"about":[{"href":"https:\/\/vaillancourtea.com\/en\/wp-json\/wp\/v2\/types\/post"}],"author":[{"embeddable":true,"href":"https:\/\/vaillancourtea.com\/en\/wp-json\/wp\/v2\/users\/1091"}],"replies":[{"embeddable":true,"href":"https:\/\/vaillancourtea.com\/en\/wp-json\/wp\/v2\/comments?post=792"}],"version-history":[{"count":3,"href":"https:\/\/vaillancourtea.com\/en\/wp-json\/wp\/v2\/posts\/792\/revisions"}],"predecessor-version":[{"id":9206,"href":"https:\/\/vaillancourtea.com\/en\/wp-json\/wp\/v2\/posts\/792\/revisions\/9206"}],"wp:featuredmedia":[{"embeddable":true,"href":"https:\/\/vaillancourtea.com\/en\/wp-json\/wp\/v2\/media\/9205"}],"wp:attachment":[{"href":"https:\/\/vaillancourtea.com\/en\/wp-json\/wp\/v2\/media?parent=792"}],"wp:term":[{"taxonomy":"category","embeddable":true,"href":"https:\/\/vaillancourtea.com\/en\/wp-json\/wp\/v2\/categories?post=792"},{"taxonomy":"post_tag","embeddable":true,"href":"https:\/\/vaillancourtea.com\/en\/wp-json\/wp\/v2\/tags?post=792"}],"curies":[{"name":"wp","href":"https:\/\/api.w.org\/{rel}","templated":true}]}}