{"id":763,"date":"2022-04-12T14:35:25","date_gmt":"2022-04-12T18:35:25","guid":{"rendered":"http:\/\/icilavallaurentides.com\/?p=763"},"modified":"2025-09-04T13:42:53","modified_gmt":"2025-09-04T17:42:53","slug":"pourquoi-jai-quitte-le-quebec-et-pourquoi-je-suis-revenue","status":"publish","type":"post","link":"https:\/\/vaillancourtea.com\/en\/ici-laval-laurentides\/pourquoi-jai-quitte-le-quebec-et-pourquoi-je-suis-revenue\/","title":{"rendered":"Pourquoi j&#8217;ai quitt\u00e9 le Qu\u00e9bec (et pourquoi je suis revenue)"},"content":{"rendered":"<!-- wp:embed {\"url\":\"https:\/\/youtu.be\/4woyncY8qZo\",\"type\":\"video\",\"providerNameSlug\":\"youtube\",\"responsive\":true,\"className\":\"wp-embed-aspect-16-9 wp-has-aspect-ratio\"} -->\r\n<figure class=\"wp-block-embed is-type-video is-provider-youtube wp-block-embed-youtube wp-embed-aspect-16-9 wp-has-aspect-ratio\"><div class=\"wp-block-embed__wrapper\">\r\n<iframe loading=\"lazy\" title=\"Pourquoi j&#039;ai quitt\u00e9 le Qu\u00e9bec (et pourquoi je suis revenue)\" width=\"500\" height=\"281\" src=\"https:\/\/www.youtube.com\/embed\/4woyncY8qZo?feature=oembed\" frameborder=\"0\" allow=\"accelerometer; autoplay; clipboard-write; encrypted-media; gyroscope; picture-in-picture; web-share\" referrerpolicy=\"strict-origin-when-cross-origin\" allowfullscreen><\/iframe>\r\n<\/div><\/figure>\r\n<!-- \/wp:embed -->\r\n\r\n<!-- wp:paragraph {\"fontSize\":\"large\"} -->\r\n<p class=\"has-large-font-size\">Pourquoi j&#8217;ai quitt\u00e9<\/p>\r\n<!-- \/wp:paragraph -->\r\n\r\n<!-- wp:paragraph -->\r\n<p>Le 10 janvier dernier, Philippe et moi avons pris un avion pour nous rendre en Europe!<\/p>\r\n<!-- \/wp:paragraph -->\r\n\r\n<!-- wp:paragraph -->\r\n<p>Le plan \u00e9tait de rester 4 semaines aux \u00celes Canaries en Espagne pour travailler \u00e0 distance dans un climat un ti-brin plus chaud que le Qu\u00e9bec. <\/p>\r\n<!-- \/wp:paragraph -->\r\n\r\n<!-- wp:paragraph -->\r\n<p>Souvenez-vous que \u00e7a brassait pas mal \u00e0 Ottawa&#8230; Les restaurants \u00e9taient ferm\u00e9s et nous \u00e9tions un peu reconfin\u00e9s. &#x1f613;<\/p>\r\n<!-- \/wp:paragraph -->\r\n\r\n<!-- wp:paragraph -->\r\n<p>Maintenant, vous vous demandez peut-\u00eatre: pourquoi les \u00celes Canaries et pas les Cara\u00efbes, par exemple? <\/p>\r\n<!-- \/wp:paragraph -->\r\n\r\n<!-- wp:paragraph -->\r\n<p>Parce que les \u00celes Canaries ont (ou n&#8217;ont pas) 4 choses id\u00e9ales selon Philippe :<\/p>\r\n<!-- \/wp:paragraph -->\r\n\r\n<!-- wp:list {\"ordered\":true} -->\r\n<ol><li>Pas de pluie<\/li><li>Pas d\u2019humidit\u00e9<\/li><li>Pas de maringouin<\/li><li>Pas de chaleur suffocante<\/li><\/ol>\r\n<!-- \/wp:list -->\r\n\r\n<!-- wp:paragraph -->\r\n<p>Qu&#8217;est-ce que je pr\u00e9voyais donc faire durant ces 4 semaines? Boire des margaritas et me faire bronzer? &nbsp;<\/p>\r\n<!-- \/wp:paragraph -->\r\n\r\n<!-- wp:image {\"align\":\"center\",\"id\":766,\"width\":260,\"height\":146,\"sizeSlug\":\"full\",\"linkDestination\":\"none\"} -->\r\n<div class=\"wp-block-image\"><figure class=\"aligncenter size-full is-resized\"><img loading=\"lazy\" decoding=\"async\" src=\"https:\/\/vaillancourtea.com\/files\/2022\/04\/HahaGoodOneGIF.gif\" alt=\"\" class=\"wp-image-766\" width=\"260\" height=\"146\" \/><\/figure><\/div>\r\n<!-- \/wp:image -->\r\n\r\n<!-- wp:paragraph -->\r\n<p>Philippe travaille \u00e0 distance comme programmeur, donc lui, il ne se posait pas la question. Mais pour ceux qui me connaissent personnellement, vous savez que j\u2019ai toujours besoin d\u2019un projet.<\/p>\r\n<!-- \/wp:paragraph -->\r\n\r\n<!-- wp:paragraph -->\r\n<p>Mon objectif \u00e9tait donc e prendre les 4 semaines pour faire un projet qui me tenait \u00e0 c\u0153ur depuis un certain temps : b\u00e2tir un cours en ligne pour les nouveaux courtiers immobiliers du Qu\u00e9bec. <\/p>\r\n<!-- \/wp:paragraph -->\r\n\r\n<!-- wp:paragraph -->\r\n<p>Et non&#8230; B\u00e2tir un gros cours en ligne n\u2019est pas un petit d\u00e9fi. Il faut r\u00e9fl\u00e9chir \u00e0 son contenu, \u00e9crire, r\u00e9viser, corriger, filmer, \u00e9diter, publier et recommencer. Je savais que j&#8217;en avais pour des centaines d\u2019heures.<\/p>\r\n<!-- \/wp:paragraph -->\r\n\r\n<!-- wp:paragraph -->\r\n<p>Sauf que&#8230;<\/p>\r\n<!-- \/wp:paragraph -->\r\n\r\n<!-- wp:paragraph -->\r\n<p>Quelque chose de tr\u00e8s surprenant s\u2019est produit \u00e0 mon arriv\u00e9e. Et je ne m\u2019y en attendais pas du tout. J\u2019ai eu plein de nouveaux clients! <\/p>\r\n<!-- \/wp:paragraph -->\r\n\r\n<!-- wp:paragraph -->\r\n<p>Malgr\u00e9 le fait que mon \u00e9quipe faisait un gros bout de la job sur le terrain, je devais tout de m\u00eame faire des \u00e9valuations, les strat\u00e9gies marketing, de la n\u00e9gociation et le c\u00f4t\u00e9 le plus important, les conseils et le support \u00e9motionnel et psychologique qui vient avec une transaction immobili\u00e8re. &nbsp;<\/p>\r\n<!-- \/wp:paragraph -->\r\n\r\n<!-- wp:paragraph -->\r\n<p>Donc oui, j\u2019ai vendu et m\u00eame achet\u00e9 des maisons \u00e0 distance en utilisant FaceTime, Zoom et les signatures \u00e9lectroniques. Vive la technologie!<\/p>\r\n<!-- \/wp:paragraph -->\r\n\r\n<!-- wp:paragraph -->\r\n<p>J\u2019ai vraiment les meilleurs clients au monde.<\/p>\r\n<!-- \/wp:paragraph -->\r\n\r\n<!-- wp:paragraph -->\r\n<p>Cela \u00e9tant dit, je n\u2019avais pas le choix de b\u00e2tir mon cours en ligne en m\u00eame temps, car j\u2019avais d\u00e9j\u00e0 vendu le cours \u00e0 quelques \u00e9tudiants avant de le b\u00e2tir. J\u2019avais un \u00e9ch\u00e9ancier \u00e0 respecter.<\/p>\r\n<!-- \/wp:paragraph -->\r\n\r\n<!-- wp:paragraph -->\r\n<p>Je travaillais donc 16 heures par jour.<\/p>\r\n<!-- \/wp:paragraph -->\r\n\r\n<!-- wp:paragraph -->\r\n<p>Apr\u00e8s 4 semaines \u00e0 n\u2019avoir AUCUNEMENT profit\u00e9 de notre destination magnifique, Philippe m\u2019a demand\u00e9 si je voulais rester 2 mois de plus. &nbsp;HECK YA!<\/p>\r\n<!-- \/wp:paragraph -->\r\n\r\n<!-- wp:image {\"align\":\"center\",\"id\":767,\"width\":346,\"height\":287,\"sizeSlug\":\"full\",\"linkDestination\":\"none\"} -->\r\n<div class=\"wp-block-image\"><figure class=\"aligncenter size-full is-resized\"><img loading=\"lazy\" decoding=\"async\" src=\"https:\/\/vaillancourtea.com\/files\/2022\/04\/LetsGetThisPartyStartedYeahGIF.gif\" alt=\"\" class=\"wp-image-767\" width=\"346\" height=\"287\" \/><\/figure><\/div>\r\n<!-- \/wp:image -->\r\n\r\n<!-- wp:paragraph -->\r\n<p>Nous avons appel\u00e9 l\u2019agente de voyage (<a href=\"https:\/\/www.clubvoyages.com\/agences-de-voyages\/saint-eustache\/solerama-st-eustache-47568\" target=\"_blank\" rel=\"noreferrer noopener\">Club Voyages Solerama \u00e0 Saint-Eustache<\/a> en passant) pour prolonger notre dur\u00e9e pour le maximum de temps en Europe sans VISA. <\/p>\r\n<!-- \/wp:paragraph -->\r\n\r\n<!-- wp:paragraph -->\r\n<p>3 mois. <\/p>\r\n<!-- \/wp:paragraph -->\r\n\r\n<!-- wp:paragraph -->\r\n<p>Donc voil\u00e0 l\u2019histoire en gros.<\/p>\r\n<!-- \/wp:paragraph -->\r\n\r\n<!-- wp:paragraph {\"fontSize\":\"large\"} -->\r\n<p class=\"has-large-font-size\">Pourquoi je suis revenue<\/p>\r\n<!-- \/wp:paragraph -->\r\n\r\n<!-- wp:paragraph -->\r\n<p>Pendant ces trois mois sur ces \u00eeles paradisiaques, j&#8217;ai compris que le bonheur ne d\u00e9coule pas n\u00e9cessairement d\u2019<strong>o\u00f9<\/strong> nous vivons. Si nos besoins de base sont combl\u00e9s, je crois que ce qui compte le plus, c&#8217;est notre <strong>communaut\u00e9 <\/strong>et notre <strong>raison d\u2019\u00eatre<\/strong>.<\/p>\r\n<!-- \/wp:paragraph -->\r\n\r\n<!-- wp:paragraph -->\r\n<p>J&#8217;ai aussi constat\u00e9 que, finalement, on est bien ici au Qu\u00e9bec. Ce n\u2019est parfait et on g\u00e8le l\u2019hiver, mais que nous avons tout ce qu\u2019il nous faut. Nous sommes dans l\u2019abondance ici. Nous vivons dans un des pays les plus riches et s\u00e9curitaires de la plan\u00e8te. Nous avons beaucoup d\u2019eau (souvent trop), de l\u2019\u00e9lectricit\u00e9 pas ch\u00e8re, des jobs en masse et des espaces verts \u00e0 pu finir.<\/p>\r\n<!-- \/wp:paragraph -->\r\n\r\n<!-- wp:paragraph -->\r\n<p>Donc oui, j\u2019ai quitt\u00e9 le Qu\u00e9bec pour 3 mois, mais je suis revenue avec une appr\u00e9ciation renouvel\u00e9e pour mon pays et mon merveilleux secteur.<\/p>\r\n<!-- \/wp:paragraph -->\r\n\r\n<!-- wp:paragraph -->\r\n<p>En conclusion, si vous connaissez un courtier immobilier qui d\u00e9bute sa carri\u00e8re, envoyez-le dans ma direction.<\/p>\r\n<!-- \/wp:paragraph -->\r\n\r\n<!-- wp:paragraph -->\r\n<p>Et si vous connaissez quelqu\u2019un qui veut vendre sa maison, eh bien l\u00e0, vous savez quoi faire. <\/p>\r\n<!-- \/wp:paragraph -->\r\n\r\n<!-- wp:paragraph -->\r\n<p>Hasta la pr\u00f3xima !<\/p>\r\n<!-- \/wp:paragraph -->\r\n\r\n<!-- wp:paragraph -->\r\n<p>Chantal<\/p>\r\n<!-- \/wp:paragraph -->","protected":false},"excerpt":{"rendered":"<p>Pourquoi j&#8217;ai quitt\u00e9 Le 10 janvier dernier, Philippe et moi avons pris un avion pour nous rendre en Europe! Le plan \u00e9tait de rester 4 semaines aux \u00celes Canaries en Espagne pour travailler \u00e0 distance dans un climat un ti-brin plus chaud que le Qu\u00e9bec. Souvenez-vous que \u00e7a brassait pas mal \u00e0 Ottawa&#8230; Les restaurants [&hellip;]<\/p>\n","protected":false},"author":1091,"featured_media":9200,"comment_status":"closed","ping_status":"open","sticky":false,"template":"","format":"standard","meta":{"_acf_changed":false,"footnotes":""},"categories":[174],"tags":[231,309,23,310,311,312,94,11,4,260,100,313,314,315],"class_list":["post-763","post","type-post","status-publish","format-standard","hentry","category-ici-laval-laurentides","tag-basses-laurentides-2","tag-communaute","tag-courtier-immobilier","tag-espagne","tag-europe","tag-iles-canaries","tag-immobilier","tag-laval","tag-laval-ouest","tag-quebec","tag-saint-eustache","tag-teletravail","tag-travail-a-distance","tag-voyage"],"acf":[],"yoast_head":"<!-- This site is optimized with the Yoast SEO plugin v26.7 - https:\/\/yoast.com\/wordpress\/plugins\/seo\/ -->\n<title>Pourquoi j&#039;ai quitt\u00e9 le Qu\u00e9bec (et pourquoi je suis revenue) | Vaillancourt et Ass. | Courtier immobilier Laval - Rive-Nord<\/title>\n<meta name=\"robots\" content=\"index, follow, max-snippet:-1, max-image-preview:large, max-video-preview:-1\" \/>\n<link rel=\"canonical\" href=\"https:\/\/vaillancourtea.com\/ici-laval-laurentides\/pourquoi-jai-quitte-le-quebec-et-pourquoi-je-suis-revenue\/\" \/>\n<meta property=\"og:locale\" content=\"en_US\" \/>\n<meta property=\"og:type\" content=\"article\" \/>\n<meta property=\"og:title\" content=\"Pourquoi j&#039;ai quitt\u00e9 le Qu\u00e9bec (et pourquoi je suis revenue) | Vaillancourt et Ass. | Courtier immobilier Laval - Rive-Nord\" \/>\n<meta property=\"og:description\" content=\"Pourquoi j&#8217;ai quitt\u00e9 Le 10 janvier dernier, Philippe et moi avons pris un avion pour nous rendre en Europe! Le plan \u00e9tait de rester 4 semaines aux \u00celes Canaries en Espagne pour travailler \u00e0 distance dans un climat un ti-brin plus chaud que le Qu\u00e9bec. Souvenez-vous que \u00e7a brassait pas mal \u00e0 Ottawa&#8230; Les restaurants [&hellip;]\" \/>\n<meta property=\"og:url\" content=\"https:\/\/vaillancourtea.com\/ici-laval-laurentides\/pourquoi-jai-quitte-le-quebec-et-pourquoi-je-suis-revenue\/\" \/>\n<meta property=\"og:site_name\" content=\"Vaillancourt et Ass. | Courtier immobilier Laval - Rive-Nord\" \/>\n<meta property=\"article:published_time\" content=\"2022-04-12T18:35:25+00:00\" \/>\n<meta property=\"article:modified_time\" content=\"2025-09-04T17:42:53+00:00\" \/>\n<meta property=\"og:image\" content=\"https:\/\/vaillancourtea.com\/files\/2022\/04\/QuitterQC.jpg\" \/>\n\t<meta property=\"og:image:width\" content=\"1280\" \/>\n\t<meta property=\"og:image:height\" content=\"720\" \/>\n\t<meta property=\"og:image:type\" content=\"image\/jpeg\" \/>\n<meta name=\"author\" content=\"Chantal Vaillancourt\" \/>\n<meta name=\"twitter:card\" content=\"summary_large_image\" \/>\n<meta name=\"twitter:label1\" content=\"Written by\" \/>\n\t<meta name=\"twitter:data1\" content=\"Chantal Vaillancourt\" \/>\n\t<meta name=\"twitter:label2\" content=\"Est. reading time\" \/>\n\t<meta name=\"twitter:data2\" content=\"4 minutes\" \/>\n<script type=\"application\/ld+json\" class=\"yoast-schema-graph\">{\"@context\":\"https:\/\/schema.org\",\"@graph\":[{\"@type\":\"Article\",\"@id\":\"https:\/\/vaillancourtea.com\/ici-laval-laurentides\/pourquoi-jai-quitte-le-quebec-et-pourquoi-je-suis-revenue\/#article\",\"isPartOf\":{\"@id\":\"https:\/\/vaillancourtea.com\/ici-laval-laurentides\/pourquoi-jai-quitte-le-quebec-et-pourquoi-je-suis-revenue\/\"},\"author\":{\"name\":\"Chantal Vaillancourt\",\"@id\":\"https:\/\/vaillancourtea.com\/#\/schema\/person\/836f70fcb3e5ac822dbb9b822579c752\"},\"headline\":\"Pourquoi j&#8217;ai quitt\u00e9 le Qu\u00e9bec (et pourquoi je suis revenue)\",\"datePublished\":\"2022-04-12T18:35:25+00:00\",\"dateModified\":\"2025-09-04T17:42:53+00:00\",\"mainEntityOfPage\":{\"@id\":\"https:\/\/vaillancourtea.com\/ici-laval-laurentides\/pourquoi-jai-quitte-le-quebec-et-pourquoi-je-suis-revenue\/\"},\"wordCount\":1335,\"publisher\":{\"@id\":\"https:\/\/vaillancourtea.com\/#organization\"},\"image\":{\"@id\":\"https:\/\/vaillancourtea.com\/ici-laval-laurentides\/pourquoi-jai-quitte-le-quebec-et-pourquoi-je-suis-revenue\/#primaryimage\"},\"thumbnailUrl\":\"https:\/\/vaillancourtea.com\/files\/2022\/04\/QuitterQC.jpg\",\"keywords\":[\"basses-laurentides\",\"communaut\u00e9\",\"courtier immobilier\",\"espagne\",\"europe\",\"iles canaries\",\"immobilier\",\"Laval\",\"Laval-Ouest\",\"qu\u00e9bec\",\"saint-eustache\",\"t\u00e9l\u00e9travail\",\"travail \u00e0 distance\",\"voyage\"],\"articleSection\":[\"\"],\"inLanguage\":\"en-US\"},{\"@type\":\"WebPage\",\"@id\":\"https:\/\/vaillancourtea.com\/ici-laval-laurentides\/pourquoi-jai-quitte-le-quebec-et-pourquoi-je-suis-revenue\/\",\"url\":\"https:\/\/vaillancourtea.com\/ici-laval-laurentides\/pourquoi-jai-quitte-le-quebec-et-pourquoi-je-suis-revenue\/\",\"name\":\"Pourquoi j'ai quitt\u00e9 le Qu\u00e9bec (et pourquoi je suis revenue) | Vaillancourt et Ass. | Courtier immobilier Laval - Rive-Nord\",\"isPartOf\":{\"@id\":\"https:\/\/vaillancourtea.com\/#website\"},\"primaryImageOfPage\":{\"@id\":\"https:\/\/vaillancourtea.com\/ici-laval-laurentides\/pourquoi-jai-quitte-le-quebec-et-pourquoi-je-suis-revenue\/#primaryimage\"},\"image\":{\"@id\":\"https:\/\/vaillancourtea.com\/ici-laval-laurentides\/pourquoi-jai-quitte-le-quebec-et-pourquoi-je-suis-revenue\/#primaryimage\"},\"thumbnailUrl\":\"https:\/\/vaillancourtea.com\/files\/2022\/04\/QuitterQC.jpg\",\"datePublished\":\"2022-04-12T18:35:25+00:00\",\"dateModified\":\"2025-09-04T17:42:53+00:00\",\"breadcrumb\":{\"@id\":\"https:\/\/vaillancourtea.com\/ici-laval-laurentides\/pourquoi-jai-quitte-le-quebec-et-pourquoi-je-suis-revenue\/#breadcrumb\"},\"inLanguage\":\"en-US\",\"potentialAction\":[{\"@type\":\"ReadAction\",\"target\":[\"https:\/\/vaillancourtea.com\/ici-laval-laurentides\/pourquoi-jai-quitte-le-quebec-et-pourquoi-je-suis-revenue\/\"]}]},{\"@type\":\"ImageObject\",\"inLanguage\":\"en-US\",\"@id\":\"https:\/\/vaillancourtea.com\/ici-laval-laurentides\/pourquoi-jai-quitte-le-quebec-et-pourquoi-je-suis-revenue\/#primaryimage\",\"url\":\"https:\/\/vaillancourtea.com\/files\/2022\/04\/QuitterQC.jpg\",\"contentUrl\":\"https:\/\/vaillancourtea.com\/files\/2022\/04\/QuitterQC.jpg\",\"width\":1280,\"height\":720},{\"@type\":\"BreadcrumbList\",\"@id\":\"https:\/\/vaillancourtea.com\/ici-laval-laurentides\/pourquoi-jai-quitte-le-quebec-et-pourquoi-je-suis-revenue\/#breadcrumb\",\"itemListElement\":[{\"@type\":\"ListItem\",\"position\":1,\"name\":\"Accueil\",\"item\":\"https:\/\/vaillancourtea.com\/\"},{\"@type\":\"ListItem\",\"position\":2,\"name\":\"Pourquoi j&rsquo;ai quitt\u00e9 le Qu\u00e9bec (et pourquoi je suis revenue)\"}]},{\"@type\":\"WebSite\",\"@id\":\"https:\/\/vaillancourtea.com\/#website\",\"url\":\"https:\/\/vaillancourtea.com\/\",\"name\":\"Vaillancourt et Ass. | Courtier immobilier Laval - Rive-Nord\",\"description\":\"\",\"publisher\":{\"@id\":\"https:\/\/vaillancourtea.com\/#organization\"},\"potentialAction\":[{\"@type\":\"SearchAction\",\"target\":{\"@type\":\"EntryPoint\",\"urlTemplate\":\"https:\/\/vaillancourtea.com\/?s={search_term_string}\"},\"query-input\":{\"@type\":\"PropertyValueSpecification\",\"valueRequired\":true,\"valueName\":\"search_term_string\"}}],\"inLanguage\":\"en-US\"},{\"@type\":\"Organization\",\"@id\":\"https:\/\/vaillancourtea.com\/#organization\",\"name\":\"Chantal Vaillancourt, Courtier immobilier r\u00e9sidentiel\",\"url\":\"https:\/\/vaillancourtea.com\/\",\"logo\":{\"@type\":\"ImageObject\",\"inLanguage\":\"en-US\",\"@id\":\"https:\/\/vaillancourtea.com\/#\/schema\/logo\/image\/\",\"url\":\"https:\/\/vaillancourtea.com\/files\/2018\/11\/RP_Logo.png\",\"contentUrl\":\"https:\/\/vaillancourtea.com\/files\/2018\/11\/RP_Logo.png\",\"width\":168,\"height\":63,\"caption\":\"Chantal Vaillancourt, Courtier immobilier r\u00e9sidentiel\"},\"image\":{\"@id\":\"https:\/\/vaillancourtea.com\/#\/schema\/logo\/image\/\"}},{\"@type\":\"Person\",\"@id\":\"https:\/\/vaillancourtea.com\/#\/schema\/person\/836f70fcb3e5ac822dbb9b822579c752\",\"name\":\"Chantal Vaillancourt\",\"image\":{\"@type\":\"ImageObject\",\"inLanguage\":\"en-US\",\"@id\":\"https:\/\/vaillancourtea.com\/#\/schema\/person\/image\/\",\"url\":\"http:\/\/pvaillancourt.com\/files\/2015\/06\/Chantal-Vaillancourt_avatar_1435006367-96x96.jpg\",\"contentUrl\":\"http:\/\/pvaillancourt.com\/files\/2015\/06\/Chantal-Vaillancourt_avatar_1435006367-96x96.jpg\",\"caption\":\"Chantal Vaillancourt\"},\"description\":\"Chantal is passionate about her neighborhood. She is always looking to discover new hidden treasures in her area and to share them with others.\",\"url\":\"https:\/\/vaillancourtea.com\/en\/author\/chantal\/\"}]}<\/script>\n<!-- \/ Yoast SEO plugin. -->","yoast_head_json":{"title":"Pourquoi j'ai quitt\u00e9 le Qu\u00e9bec (et pourquoi je suis revenue) | Vaillancourt et Ass. | Courtier immobilier Laval - Rive-Nord","robots":{"index":"index","follow":"follow","max-snippet":"max-snippet:-1","max-image-preview":"max-image-preview:large","max-video-preview":"max-video-preview:-1"},"canonical":"https:\/\/vaillancourtea.com\/ici-laval-laurentides\/pourquoi-jai-quitte-le-quebec-et-pourquoi-je-suis-revenue\/","og_locale":"en_US","og_type":"article","og_title":"Pourquoi j'ai quitt\u00e9 le Qu\u00e9bec (et pourquoi je suis revenue) | Vaillancourt et Ass. | Courtier immobilier Laval - Rive-Nord","og_description":"Pourquoi j&#8217;ai quitt\u00e9 Le 10 janvier dernier, Philippe et moi avons pris un avion pour nous rendre en Europe! Le plan \u00e9tait de rester 4 semaines aux \u00celes Canaries en Espagne pour travailler \u00e0 distance dans un climat un ti-brin plus chaud que le Qu\u00e9bec. Souvenez-vous que \u00e7a brassait pas mal \u00e0 Ottawa&#8230; Les restaurants [&hellip;]","og_url":"https:\/\/vaillancourtea.com\/ici-laval-laurentides\/pourquoi-jai-quitte-le-quebec-et-pourquoi-je-suis-revenue\/","og_site_name":"Vaillancourt et Ass. | Courtier immobilier Laval - Rive-Nord","article_published_time":"2022-04-12T18:35:25+00:00","article_modified_time":"2025-09-04T17:42:53+00:00","og_image":[{"width":1280,"height":720,"url":"https:\/\/vaillancourtea.com\/files\/2022\/04\/QuitterQC.jpg","type":"image\/jpeg"}],"author":"Chantal Vaillancourt","twitter_card":"summary_large_image","twitter_misc":{"Written by":"Chantal Vaillancourt","Est. reading time":"4 minutes"},"schema":{"@context":"https:\/\/schema.org","@graph":[{"@type":"Article","@id":"https:\/\/vaillancourtea.com\/ici-laval-laurentides\/pourquoi-jai-quitte-le-quebec-et-pourquoi-je-suis-revenue\/#article","isPartOf":{"@id":"https:\/\/vaillancourtea.com\/ici-laval-laurentides\/pourquoi-jai-quitte-le-quebec-et-pourquoi-je-suis-revenue\/"},"author":{"name":"Chantal Vaillancourt","@id":"https:\/\/vaillancourtea.com\/#\/schema\/person\/836f70fcb3e5ac822dbb9b822579c752"},"headline":"Pourquoi j&#8217;ai quitt\u00e9 le Qu\u00e9bec (et pourquoi je suis revenue)","datePublished":"2022-04-12T18:35:25+00:00","dateModified":"2025-09-04T17:42:53+00:00","mainEntityOfPage":{"@id":"https:\/\/vaillancourtea.com\/ici-laval-laurentides\/pourquoi-jai-quitte-le-quebec-et-pourquoi-je-suis-revenue\/"},"wordCount":1335,"publisher":{"@id":"https:\/\/vaillancourtea.com\/#organization"},"image":{"@id":"https:\/\/vaillancourtea.com\/ici-laval-laurentides\/pourquoi-jai-quitte-le-quebec-et-pourquoi-je-suis-revenue\/#primaryimage"},"thumbnailUrl":"https:\/\/vaillancourtea.com\/files\/2022\/04\/QuitterQC.jpg","keywords":["basses-laurentides","communaut\u00e9","courtier immobilier","espagne","europe","iles canaries","immobilier","Laval","Laval-Ouest","qu\u00e9bec","saint-eustache","t\u00e9l\u00e9travail","travail \u00e0 distance","voyage"],"articleSection":[""],"inLanguage":"en-US"},{"@type":"WebPage","@id":"https:\/\/vaillancourtea.com\/ici-laval-laurentides\/pourquoi-jai-quitte-le-quebec-et-pourquoi-je-suis-revenue\/","url":"https:\/\/vaillancourtea.com\/ici-laval-laurentides\/pourquoi-jai-quitte-le-quebec-et-pourquoi-je-suis-revenue\/","name":"Pourquoi j'ai quitt\u00e9 le Qu\u00e9bec (et pourquoi je suis revenue) | Vaillancourt et Ass. | Courtier immobilier Laval - Rive-Nord","isPartOf":{"@id":"https:\/\/vaillancourtea.com\/#website"},"primaryImageOfPage":{"@id":"https:\/\/vaillancourtea.com\/ici-laval-laurentides\/pourquoi-jai-quitte-le-quebec-et-pourquoi-je-suis-revenue\/#primaryimage"},"image":{"@id":"https:\/\/vaillancourtea.com\/ici-laval-laurentides\/pourquoi-jai-quitte-le-quebec-et-pourquoi-je-suis-revenue\/#primaryimage"},"thumbnailUrl":"https:\/\/vaillancourtea.com\/files\/2022\/04\/QuitterQC.jpg","datePublished":"2022-04-12T18:35:25+00:00","dateModified":"2025-09-04T17:42:53+00:00","breadcrumb":{"@id":"https:\/\/vaillancourtea.com\/ici-laval-laurentides\/pourquoi-jai-quitte-le-quebec-et-pourquoi-je-suis-revenue\/#breadcrumb"},"inLanguage":"en-US","potentialAction":[{"@type":"ReadAction","target":["https:\/\/vaillancourtea.com\/ici-laval-laurentides\/pourquoi-jai-quitte-le-quebec-et-pourquoi-je-suis-revenue\/"]}]},{"@type":"ImageObject","inLanguage":"en-US","@id":"https:\/\/vaillancourtea.com\/ici-laval-laurentides\/pourquoi-jai-quitte-le-quebec-et-pourquoi-je-suis-revenue\/#primaryimage","url":"https:\/\/vaillancourtea.com\/files\/2022\/04\/QuitterQC.jpg","contentUrl":"https:\/\/vaillancourtea.com\/files\/2022\/04\/QuitterQC.jpg","width":1280,"height":720},{"@type":"BreadcrumbList","@id":"https:\/\/vaillancourtea.com\/ici-laval-laurentides\/pourquoi-jai-quitte-le-quebec-et-pourquoi-je-suis-revenue\/#breadcrumb","itemListElement":[{"@type":"ListItem","position":1,"name":"Accueil","item":"https:\/\/vaillancourtea.com\/"},{"@type":"ListItem","position":2,"name":"Pourquoi j&rsquo;ai quitt\u00e9 le Qu\u00e9bec (et pourquoi je suis revenue)"}]},{"@type":"WebSite","@id":"https:\/\/vaillancourtea.com\/#website","url":"https:\/\/vaillancourtea.com\/","name":"Vaillancourt et Ass. | Courtier immobilier Laval - Rive-Nord","description":"","publisher":{"@id":"https:\/\/vaillancourtea.com\/#organization"},"potentialAction":[{"@type":"SearchAction","target":{"@type":"EntryPoint","urlTemplate":"https:\/\/vaillancourtea.com\/?s={search_term_string}"},"query-input":{"@type":"PropertyValueSpecification","valueRequired":true,"valueName":"search_term_string"}}],"inLanguage":"en-US"},{"@type":"Organization","@id":"https:\/\/vaillancourtea.com\/#organization","name":"Chantal Vaillancourt, Courtier immobilier r\u00e9sidentiel","url":"https:\/\/vaillancourtea.com\/","logo":{"@type":"ImageObject","inLanguage":"en-US","@id":"https:\/\/vaillancourtea.com\/#\/schema\/logo\/image\/","url":"https:\/\/vaillancourtea.com\/files\/2018\/11\/RP_Logo.png","contentUrl":"https:\/\/vaillancourtea.com\/files\/2018\/11\/RP_Logo.png","width":168,"height":63,"caption":"Chantal Vaillancourt, Courtier immobilier r\u00e9sidentiel"},"image":{"@id":"https:\/\/vaillancourtea.com\/#\/schema\/logo\/image\/"}},{"@type":"Person","@id":"https:\/\/vaillancourtea.com\/#\/schema\/person\/836f70fcb3e5ac822dbb9b822579c752","name":"Chantal Vaillancourt","image":{"@type":"ImageObject","inLanguage":"en-US","@id":"https:\/\/vaillancourtea.com\/#\/schema\/person\/image\/","url":"http:\/\/pvaillancourt.com\/files\/2015\/06\/Chantal-Vaillancourt_avatar_1435006367-96x96.jpg","contentUrl":"http:\/\/pvaillancourt.com\/files\/2015\/06\/Chantal-Vaillancourt_avatar_1435006367-96x96.jpg","caption":"Chantal Vaillancourt"},"description":"Chantal is passionate about her neighborhood. She is always looking to discover new hidden treasures in her area and to share them with others.","url":"https:\/\/vaillancourtea.com\/en\/author\/chantal\/"}]}},"_links":{"self":[{"href":"https:\/\/vaillancourtea.com\/en\/wp-json\/wp\/v2\/posts\/763","targetHints":{"allow":["GET"]}}],"collection":[{"href":"https:\/\/vaillancourtea.com\/en\/wp-json\/wp\/v2\/posts"}],"about":[{"href":"https:\/\/vaillancourtea.com\/en\/wp-json\/wp\/v2\/types\/post"}],"author":[{"embeddable":true,"href":"https:\/\/vaillancourtea.com\/en\/wp-json\/wp\/v2\/users\/1091"}],"replies":[{"embeddable":true,"href":"https:\/\/vaillancourtea.com\/en\/wp-json\/wp\/v2\/comments?post=763"}],"version-history":[{"count":2,"href":"https:\/\/vaillancourtea.com\/en\/wp-json\/wp\/v2\/posts\/763\/revisions"}],"predecessor-version":[{"id":9202,"href":"https:\/\/vaillancourtea.com\/en\/wp-json\/wp\/v2\/posts\/763\/revisions\/9202"}],"wp:featuredmedia":[{"embeddable":true,"href":"https:\/\/vaillancourtea.com\/en\/wp-json\/wp\/v2\/media\/9200"}],"wp:attachment":[{"href":"https:\/\/vaillancourtea.com\/en\/wp-json\/wp\/v2\/media?parent=763"}],"wp:term":[{"taxonomy":"category","embeddable":true,"href":"https:\/\/vaillancourtea.com\/en\/wp-json\/wp\/v2\/categories?post=763"},{"taxonomy":"post_tag","embeddable":true,"href":"https:\/\/vaillancourtea.com\/en\/wp-json\/wp\/v2\/tags?post=763"}],"curies":[{"name":"wp","href":"https:\/\/api.w.org\/{rel}","templated":true}]}}