{"id":7065,"date":"2024-07-16T08:41:22","date_gmt":"2024-07-16T12:41:22","guid":{"rendered":"https:\/\/vaillancourtea.com\/?p=7065"},"modified":"2025-05-06T15:04:39","modified_gmt":"2025-05-06T19:04:39","slug":"liste-complete-des-nouveaux-condos-locatifs-de-laval","status":"publish","type":"post","link":"https:\/\/vaillancourtea.com\/en\/immobilier\/liste-complete-des-nouveaux-condos-locatifs-de-laval\/","title":{"rendered":"Condos locatifs Laval &#8211; Liste des nouveaux projets"},"content":{"rendered":"<p class=\"qtranxs-available-languages-message qtranxs-available-languages-message-en\">Sorry, this entry is only available in <a href=\"https:\/\/vaillancourtea.com\/fr\/wp-json\/wp\/v2\/posts\/7065\" class=\"qtranxs-available-language-link qtranxs-available-language-link-fr\" title=\"Fran\u00e7ais\">Fran\u00e7ais<\/a>.<\/p>","protected":false},"excerpt":{"rendered":"<p>Sorry, this entry is only available in Fran\u00e7ais.<\/p>\n","protected":false},"author":1091,"featured_media":7190,"comment_status":"closed","ping_status":"closed","sticky":false,"template":"","format":"standard","meta":{"_acf_changed":false,"footnotes":""},"categories":[2],"tags":[376],"class_list":["post-7065","post","type-post","status-publish","format-standard","hentry","category-immobilier","tag-condo"],"acf":[],"yoast_head":"<!-- This site is optimized with the Yoast SEO plugin v26.7 - https:\/\/yoast.com\/wordpress\/plugins\/seo\/ -->\n<title>Condos locatifs Laval | Vaillancourt et Ass. | Courtier immobilier Laval - Rive-Nord<\/title>\n<meta name=\"description\" content=\"Dans cet article, nous vous pr\u00e9sentons une liste compl\u00e8te des nouveaux projets de condos locatifs offerts dans les diff\u00e9rents quartiers de Laval.\" \/>\n<meta name=\"robots\" content=\"index, follow, max-snippet:-1, max-image-preview:large, max-video-preview:-1\" \/>\n<link rel=\"canonical\" href=\"https:\/\/vaillancourtea.com\/immobilier\/liste-complete-des-nouveaux-condos-locatifs-de-laval\/\" \/>\n<meta property=\"og:locale\" content=\"en_US\" \/>\n<meta property=\"og:type\" content=\"article\" \/>\n<meta property=\"og:title\" content=\"Condos locatifs Laval | Vaillancourt et Ass. | Courtier immobilier Laval - Rive-Nord\" \/>\n<meta property=\"og:description\" content=\"Dans cet article, nous vous pr\u00e9sentons une liste compl\u00e8te des nouveaux projets de condos locatifs offerts dans les diff\u00e9rents quartiers de Laval.\" \/>\n<meta property=\"og:url\" content=\"https:\/\/vaillancourtea.com\/immobilier\/liste-complete-des-nouveaux-condos-locatifs-de-laval\/\" \/>\n<meta property=\"og:site_name\" content=\"Vaillancourt et Ass. | Courtier immobilier Laval - Rive-Nord\" \/>\n<meta property=\"article:published_time\" content=\"2024-07-16T12:41:22+00:00\" \/>\n<meta property=\"article:modified_time\" content=\"2025-05-06T19:04:39+00:00\" \/>\n<meta property=\"og:image\" content=\"https:\/\/vaillancourtea.com\/files\/2024\/02\/Urbania3.jpeg\" \/>\n\t<meta property=\"og:image:width\" content=\"880\" \/>\n\t<meta property=\"og:image:height\" content=\"598\" \/>\n\t<meta property=\"og:image:type\" content=\"image\/jpeg\" \/>\n<meta name=\"author\" content=\"Chantal Vaillancourt\" \/>\n<meta name=\"twitter:card\" content=\"summary_large_image\" \/>\n<meta name=\"twitter:label1\" content=\"Written by\" \/>\n\t<meta name=\"twitter:data1\" content=\"Chantal Vaillancourt\" \/>\n\t<meta name=\"twitter:label2\" content=\"Est. reading time\" \/>\n\t<meta name=\"twitter:data2\" content=\"24 minutes\" \/>\n<script type=\"application\/ld+json\" class=\"yoast-schema-graph\">{\"@context\":\"https:\/\/schema.org\",\"@graph\":[{\"@type\":\"Article\",\"@id\":\"https:\/\/vaillancourtea.com\/immobilier\/liste-complete-des-nouveaux-condos-locatifs-de-laval\/#article\",\"isPartOf\":{\"@id\":\"https:\/\/vaillancourtea.com\/immobilier\/liste-complete-des-nouveaux-condos-locatifs-de-laval\/\"},\"author\":{\"name\":\"Chantal Vaillancourt\",\"@id\":\"https:\/\/vaillancourtea.com\/#\/schema\/person\/836f70fcb3e5ac822dbb9b822579c752\"},\"headline\":\"Condos locatifs Laval &#8211; Liste des nouveaux projets\",\"datePublished\":\"2024-07-16T12:41:22+00:00\",\"dateModified\":\"2025-05-06T19:04:39+00:00\",\"mainEntityOfPage\":{\"@id\":\"https:\/\/vaillancourtea.com\/immobilier\/liste-complete-des-nouveaux-condos-locatifs-de-laval\/\"},\"wordCount\":3060,\"publisher\":{\"@id\":\"https:\/\/vaillancourtea.com\/#organization\"},\"image\":{\"@id\":\"https:\/\/vaillancourtea.com\/immobilier\/liste-complete-des-nouveaux-condos-locatifs-de-laval\/#primaryimage\"},\"thumbnailUrl\":\"https:\/\/vaillancourtea.com\/files\/2024\/02\/Urbania3.jpeg\",\"keywords\":[\"condo\"],\"articleSection\":[\"Immobilier\"],\"inLanguage\":\"en-US\"},{\"@type\":\"WebPage\",\"@id\":\"https:\/\/vaillancourtea.com\/immobilier\/liste-complete-des-nouveaux-condos-locatifs-de-laval\/\",\"url\":\"https:\/\/vaillancourtea.com\/immobilier\/liste-complete-des-nouveaux-condos-locatifs-de-laval\/\",\"name\":\"Condos locatifs Laval | Vaillancourt et Ass. | Courtier immobilier Laval - Rive-Nord\",\"isPartOf\":{\"@id\":\"https:\/\/vaillancourtea.com\/#website\"},\"primaryImageOfPage\":{\"@id\":\"https:\/\/vaillancourtea.com\/immobilier\/liste-complete-des-nouveaux-condos-locatifs-de-laval\/#primaryimage\"},\"image\":{\"@id\":\"https:\/\/vaillancourtea.com\/immobilier\/liste-complete-des-nouveaux-condos-locatifs-de-laval\/#primaryimage\"},\"thumbnailUrl\":\"https:\/\/vaillancourtea.com\/files\/2024\/02\/Urbania3.jpeg\",\"datePublished\":\"2024-07-16T12:41:22+00:00\",\"dateModified\":\"2025-05-06T19:04:39+00:00\",\"description\":\"Dans cet article, nous vous pr\u00e9sentons une liste compl\u00e8te des nouveaux projets de condos locatifs offerts dans les diff\u00e9rents quartiers de Laval.\",\"breadcrumb\":{\"@id\":\"https:\/\/vaillancourtea.com\/immobilier\/liste-complete-des-nouveaux-condos-locatifs-de-laval\/#breadcrumb\"},\"inLanguage\":\"en-US\",\"potentialAction\":[{\"@type\":\"ReadAction\",\"target\":[\"https:\/\/vaillancourtea.com\/immobilier\/liste-complete-des-nouveaux-condos-locatifs-de-laval\/\"]}]},{\"@type\":\"ImageObject\",\"inLanguage\":\"en-US\",\"@id\":\"https:\/\/vaillancourtea.com\/immobilier\/liste-complete-des-nouveaux-condos-locatifs-de-laval\/#primaryimage\",\"url\":\"https:\/\/vaillancourtea.com\/files\/2024\/02\/Urbania3.jpeg\",\"contentUrl\":\"https:\/\/vaillancourtea.com\/files\/2024\/02\/Urbania3.jpeg\",\"width\":880,\"height\":598},{\"@type\":\"BreadcrumbList\",\"@id\":\"https:\/\/vaillancourtea.com\/immobilier\/liste-complete-des-nouveaux-condos-locatifs-de-laval\/#breadcrumb\",\"itemListElement\":[{\"@type\":\"ListItem\",\"position\":1,\"name\":\"Accueil\",\"item\":\"https:\/\/vaillancourtea.com\/\"},{\"@type\":\"ListItem\",\"position\":2,\"name\":\"Condos locatifs Laval &#8211; Liste des nouveaux projets\"}]},{\"@type\":\"WebSite\",\"@id\":\"https:\/\/vaillancourtea.com\/#website\",\"url\":\"https:\/\/vaillancourtea.com\/\",\"name\":\"Vaillancourt et Ass. | Courtier immobilier Laval - Rive-Nord\",\"description\":\"\",\"publisher\":{\"@id\":\"https:\/\/vaillancourtea.com\/#organization\"},\"potentialAction\":[{\"@type\":\"SearchAction\",\"target\":{\"@type\":\"EntryPoint\",\"urlTemplate\":\"https:\/\/vaillancourtea.com\/?s={search_term_string}\"},\"query-input\":{\"@type\":\"PropertyValueSpecification\",\"valueRequired\":true,\"valueName\":\"search_term_string\"}}],\"inLanguage\":\"en-US\"},{\"@type\":\"Organization\",\"@id\":\"https:\/\/vaillancourtea.com\/#organization\",\"name\":\"Chantal Vaillancourt, Courtier immobilier r\u00e9sidentiel\",\"url\":\"https:\/\/vaillancourtea.com\/\",\"logo\":{\"@type\":\"ImageObject\",\"inLanguage\":\"en-US\",\"@id\":\"https:\/\/vaillancourtea.com\/#\/schema\/logo\/image\/\",\"url\":\"https:\/\/vaillancourtea.com\/files\/2018\/11\/RP_Logo.png\",\"contentUrl\":\"https:\/\/vaillancourtea.com\/files\/2018\/11\/RP_Logo.png\",\"width\":168,\"height\":63,\"caption\":\"Chantal Vaillancourt, Courtier immobilier r\u00e9sidentiel\"},\"image\":{\"@id\":\"https:\/\/vaillancourtea.com\/#\/schema\/logo\/image\/\"}},{\"@type\":\"Person\",\"@id\":\"https:\/\/vaillancourtea.com\/#\/schema\/person\/836f70fcb3e5ac822dbb9b822579c752\",\"name\":\"Chantal Vaillancourt\",\"image\":{\"@type\":\"ImageObject\",\"inLanguage\":\"en-US\",\"@id\":\"https:\/\/vaillancourtea.com\/#\/schema\/person\/image\/\",\"url\":\"http:\/\/pvaillancourt.com\/files\/2015\/06\/Chantal-Vaillancourt_avatar_1435006367-96x96.jpg\",\"contentUrl\":\"http:\/\/pvaillancourt.com\/files\/2015\/06\/Chantal-Vaillancourt_avatar_1435006367-96x96.jpg\",\"caption\":\"Chantal Vaillancourt\"},\"description\":\"Chantal is passionate about her neighborhood. She is always looking to discover new hidden treasures in her area and to share them with others.\",\"url\":\"https:\/\/vaillancourtea.com\/en\/author\/chantal\/\"}]}<\/script>\n<!-- \/ Yoast SEO plugin. -->","yoast_head_json":{"title":"Condos locatifs Laval | Vaillancourt et Ass. | Courtier immobilier Laval - Rive-Nord","description":"Dans cet article, nous vous pr\u00e9sentons une liste compl\u00e8te des nouveaux projets de condos locatifs offerts dans les diff\u00e9rents quartiers de Laval.","robots":{"index":"index","follow":"follow","max-snippet":"max-snippet:-1","max-image-preview":"max-image-preview:large","max-video-preview":"max-video-preview:-1"},"canonical":"https:\/\/vaillancourtea.com\/immobilier\/liste-complete-des-nouveaux-condos-locatifs-de-laval\/","og_locale":"en_US","og_type":"article","og_title":"Condos locatifs Laval | Vaillancourt et Ass. | Courtier immobilier Laval - Rive-Nord","og_description":"Dans cet article, nous vous pr\u00e9sentons une liste compl\u00e8te des nouveaux projets de condos locatifs offerts dans les diff\u00e9rents quartiers de Laval.","og_url":"https:\/\/vaillancourtea.com\/immobilier\/liste-complete-des-nouveaux-condos-locatifs-de-laval\/","og_site_name":"Vaillancourt et Ass. | Courtier immobilier Laval - Rive-Nord","article_published_time":"2024-07-16T12:41:22+00:00","article_modified_time":"2025-05-06T19:04:39+00:00","og_image":[{"width":880,"height":598,"url":"https:\/\/vaillancourtea.com\/files\/2024\/02\/Urbania3.jpeg","type":"image\/jpeg"}],"author":"Chantal Vaillancourt","twitter_card":"summary_large_image","twitter_misc":{"Written by":"Chantal Vaillancourt","Est. reading time":"24 minutes"},"schema":{"@context":"https:\/\/schema.org","@graph":[{"@type":"Article","@id":"https:\/\/vaillancourtea.com\/immobilier\/liste-complete-des-nouveaux-condos-locatifs-de-laval\/#article","isPartOf":{"@id":"https:\/\/vaillancourtea.com\/immobilier\/liste-complete-des-nouveaux-condos-locatifs-de-laval\/"},"author":{"name":"Chantal Vaillancourt","@id":"https:\/\/vaillancourtea.com\/#\/schema\/person\/836f70fcb3e5ac822dbb9b822579c752"},"headline":"Condos locatifs Laval &#8211; Liste des nouveaux projets","datePublished":"2024-07-16T12:41:22+00:00","dateModified":"2025-05-06T19:04:39+00:00","mainEntityOfPage":{"@id":"https:\/\/vaillancourtea.com\/immobilier\/liste-complete-des-nouveaux-condos-locatifs-de-laval\/"},"wordCount":3060,"publisher":{"@id":"https:\/\/vaillancourtea.com\/#organization"},"image":{"@id":"https:\/\/vaillancourtea.com\/immobilier\/liste-complete-des-nouveaux-condos-locatifs-de-laval\/#primaryimage"},"thumbnailUrl":"https:\/\/vaillancourtea.com\/files\/2024\/02\/Urbania3.jpeg","keywords":["condo"],"articleSection":["Immobilier"],"inLanguage":"en-US"},{"@type":"WebPage","@id":"https:\/\/vaillancourtea.com\/immobilier\/liste-complete-des-nouveaux-condos-locatifs-de-laval\/","url":"https:\/\/vaillancourtea.com\/immobilier\/liste-complete-des-nouveaux-condos-locatifs-de-laval\/","name":"Condos locatifs Laval | Vaillancourt et Ass. | Courtier immobilier Laval - Rive-Nord","isPartOf":{"@id":"https:\/\/vaillancourtea.com\/#website"},"primaryImageOfPage":{"@id":"https:\/\/vaillancourtea.com\/immobilier\/liste-complete-des-nouveaux-condos-locatifs-de-laval\/#primaryimage"},"image":{"@id":"https:\/\/vaillancourtea.com\/immobilier\/liste-complete-des-nouveaux-condos-locatifs-de-laval\/#primaryimage"},"thumbnailUrl":"https:\/\/vaillancourtea.com\/files\/2024\/02\/Urbania3.jpeg","datePublished":"2024-07-16T12:41:22+00:00","dateModified":"2025-05-06T19:04:39+00:00","description":"Dans cet article, nous vous pr\u00e9sentons une liste compl\u00e8te des nouveaux projets de condos locatifs offerts dans les diff\u00e9rents quartiers de Laval.","breadcrumb":{"@id":"https:\/\/vaillancourtea.com\/immobilier\/liste-complete-des-nouveaux-condos-locatifs-de-laval\/#breadcrumb"},"inLanguage":"en-US","potentialAction":[{"@type":"ReadAction","target":["https:\/\/vaillancourtea.com\/immobilier\/liste-complete-des-nouveaux-condos-locatifs-de-laval\/"]}]},{"@type":"ImageObject","inLanguage":"en-US","@id":"https:\/\/vaillancourtea.com\/immobilier\/liste-complete-des-nouveaux-condos-locatifs-de-laval\/#primaryimage","url":"https:\/\/vaillancourtea.com\/files\/2024\/02\/Urbania3.jpeg","contentUrl":"https:\/\/vaillancourtea.com\/files\/2024\/02\/Urbania3.jpeg","width":880,"height":598},{"@type":"BreadcrumbList","@id":"https:\/\/vaillancourtea.com\/immobilier\/liste-complete-des-nouveaux-condos-locatifs-de-laval\/#breadcrumb","itemListElement":[{"@type":"ListItem","position":1,"name":"Accueil","item":"https:\/\/vaillancourtea.com\/"},{"@type":"ListItem","position":2,"name":"Condos locatifs Laval &#8211; Liste des nouveaux projets"}]},{"@type":"WebSite","@id":"https:\/\/vaillancourtea.com\/#website","url":"https:\/\/vaillancourtea.com\/","name":"Vaillancourt et Ass. | Courtier immobilier Laval - Rive-Nord","description":"","publisher":{"@id":"https:\/\/vaillancourtea.com\/#organization"},"potentialAction":[{"@type":"SearchAction","target":{"@type":"EntryPoint","urlTemplate":"https:\/\/vaillancourtea.com\/?s={search_term_string}"},"query-input":{"@type":"PropertyValueSpecification","valueRequired":true,"valueName":"search_term_string"}}],"inLanguage":"en-US"},{"@type":"Organization","@id":"https:\/\/vaillancourtea.com\/#organization","name":"Chantal Vaillancourt, Courtier immobilier r\u00e9sidentiel","url":"https:\/\/vaillancourtea.com\/","logo":{"@type":"ImageObject","inLanguage":"en-US","@id":"https:\/\/vaillancourtea.com\/#\/schema\/logo\/image\/","url":"https:\/\/vaillancourtea.com\/files\/2018\/11\/RP_Logo.png","contentUrl":"https:\/\/vaillancourtea.com\/files\/2018\/11\/RP_Logo.png","width":168,"height":63,"caption":"Chantal Vaillancourt, Courtier immobilier r\u00e9sidentiel"},"image":{"@id":"https:\/\/vaillancourtea.com\/#\/schema\/logo\/image\/"}},{"@type":"Person","@id":"https:\/\/vaillancourtea.com\/#\/schema\/person\/836f70fcb3e5ac822dbb9b822579c752","name":"Chantal Vaillancourt","image":{"@type":"ImageObject","inLanguage":"en-US","@id":"https:\/\/vaillancourtea.com\/#\/schema\/person\/image\/","url":"http:\/\/pvaillancourt.com\/files\/2015\/06\/Chantal-Vaillancourt_avatar_1435006367-96x96.jpg","contentUrl":"http:\/\/pvaillancourt.com\/files\/2015\/06\/Chantal-Vaillancourt_avatar_1435006367-96x96.jpg","caption":"Chantal Vaillancourt"},"description":"Chantal is passionate about her neighborhood. She is always looking to discover new hidden treasures in her area and to share them with others.","url":"https:\/\/vaillancourtea.com\/en\/author\/chantal\/"}]}},"_links":{"self":[{"href":"https:\/\/vaillancourtea.com\/en\/wp-json\/wp\/v2\/posts\/7065","targetHints":{"allow":["GET"]}}],"collection":[{"href":"https:\/\/vaillancourtea.com\/en\/wp-json\/wp\/v2\/posts"}],"about":[{"href":"https:\/\/vaillancourtea.com\/en\/wp-json\/wp\/v2\/types\/post"}],"author":[{"embeddable":true,"href":"https:\/\/vaillancourtea.com\/en\/wp-json\/wp\/v2\/users\/1091"}],"replies":[{"embeddable":true,"href":"https:\/\/vaillancourtea.com\/en\/wp-json\/wp\/v2\/comments?post=7065"}],"version-history":[{"count":3,"href":"https:\/\/vaillancourtea.com\/en\/wp-json\/wp\/v2\/posts\/7065\/revisions"}],"predecessor-version":[{"id":8829,"href":"https:\/\/vaillancourtea.com\/en\/wp-json\/wp\/v2\/posts\/7065\/revisions\/8829"}],"wp:featuredmedia":[{"embeddable":true,"href":"https:\/\/vaillancourtea.com\/en\/wp-json\/wp\/v2\/media\/7190"}],"wp:attachment":[{"href":"https:\/\/vaillancourtea.com\/en\/wp-json\/wp\/v2\/media?parent=7065"}],"wp:term":[{"taxonomy":"category","embeddable":true,"href":"https:\/\/vaillancourtea.com\/en\/wp-json\/wp\/v2\/categories?post=7065"},{"taxonomy":"post_tag","embeddable":true,"href":"https:\/\/vaillancourtea.com\/en\/wp-json\/wp\/v2\/tags?post=7065"}],"curies":[{"name":"wp","href":"https:\/\/api.w.org\/{rel}","templated":true}]}}