{"id":4569,"date":"2021-10-01T15:51:09","date_gmt":"2021-10-01T19:51:09","guid":{"rendered":"http:\/\/icilavallaurentides.com\/?p=556"},"modified":"2022-06-27T12:06:48","modified_gmt":"2022-06-27T16:06:48","slug":"8-entreprises-biologiques-dans-les-basses-laurentides","status":"publish","type":"post","link":"https:\/\/vaillancourtea.com\/en\/ici-laval-laurentides\/8-entreprises-biologiques-dans-les-basses-laurentides\/","title":{"rendered":"8 entreprises biologiques dans les Basses Laurentides"},"content":{"rendered":"\n<p>Notre r\u00e9gion regorge d&#8217;entreprises, de commerces et de vergers magnifiques. L&#8217;offre de produits biologiques est plus diversifi\u00e9e qu&#8217;on le pense par chez nous! Les efforts mis par les familles et les gens qui y travaillaient sont consid\u00e9rables. Arriver \u00e0 obtenir une certification <strong>bio<\/strong> demande un travail acharn\u00e9 de la part des producteurs. Ils ont besoin de nous, les consommateurs, pour r\u00e9compenser le fruit de leurs efforts. C&#8217;est donc l&#8217;occasion parfaite pour vous les faire d\u00e9couvrir!<\/p>\n\n\n\n<ol class=\"wp-block-list\" style=\"font-size:20px\"><li><strong><a href=\"http:\/\/www.lesfromagesduverger.com\/\" target=\"_blank\" rel=\"noreferrer noopener\">Les Fromages du verger<\/a><\/strong><\/li><\/ol>\n\n\n\n<figure class=\"wp-block-image size-full\"><img loading=\"lazy\" decoding=\"async\" width=\"200\" height=\"200\" src=\"https:\/\/vaillancourtea.com\/files\/2021\/10\/fromages-du-verger.jpg\" alt=\"Les Fromages du verger\" class=\"wp-image-557\" srcset=\"https:\/\/vaillancourtea.com\/files\/2021\/10\/fromages-du-verger.jpg 200w, https:\/\/vaillancourtea.com\/files\/2021\/10\/fromages-du-verger-150x150.jpg 150w\" sizes=\"auto, (max-width: 200px) 100vw, 200px\" \/><\/figure>\n\n\n\n<ul class=\"wp-block-list\"><li><strong>O\u00f9?<\/strong>  430, rue de la Pommeraie, St-Joseph-du-Lac, QC, J0N 1M0<\/li><li><strong>Quand?<\/strong> G\u00e9n\u00e9ralement du jeudi au dimanche de 10 h \u00e0 17 h. Horaire irr\u00e9gulier. Consultez le <a href=\"http:\/\/www.lesfromagesduverger.com\/nous-joindre\/\" target=\"_blank\" rel=\"noreferrer noopener\">site web<\/a> pour les d\u00e9tails.<\/li><li><strong>Quoi?<\/strong> Fromages artisanaux, viande d&#8217;agneau et de porc rustique, et verger biologique. Plusieurs produits du terroir sont \u00e9galement disponibles \u00e0 leur boutique. D\u00e9gustation de leurs fromages, aire de jeux et de pique-nique, visite libre des bergeries et pacages des cochons, balade en tracteur et auto-cueillette de pommes.<\/li><li><strong>Contact<\/strong>: (450) 974-4424<\/li><\/ul>\n\n\n\n<p style=\"font-size:20px\">2. <strong><a href=\"https:\/\/www.alacroiseedespommes.com\/\" target=\"_blank\" rel=\"noreferrer noopener\">\u00c0 la Crois\u00e9e des Pommes<\/a><\/strong><\/p>\n\n\n\n<figure class=\"wp-block-image size-full\"><img loading=\"lazy\" decoding=\"async\" width=\"376\" height=\"202\" src=\"https:\/\/vaillancourtea.com\/files\/2021\/10\/image.png\" alt=\"\u00c0 la Crois\u00e9e des Pommes verger bio\n\" class=\"wp-image-558\" srcset=\"https:\/\/vaillancourtea.com\/files\/2021\/10\/image.png 376w, https:\/\/vaillancourtea.com\/files\/2021\/10\/image-300x161.png 300w\" sizes=\"auto, (max-width: 376px) 100vw, 376px\" \/><\/figure>\n\n\n\n<ul class=\"has-almost-black-color has-text-color wp-block-list\"><li><strong>O\u00f9? <\/strong>90 rue Lacroix, St-Joseph-du-Lac, QC, J0N 1M0<\/li><li><strong>Quand?<\/strong> Mi-ao\u00fbt \u00e0 fin octobre. 7 jours par semaine. 9 h \u00e0 17 h.<\/li><li><strong>Quoi?<\/strong> Plus de 18 vari\u00e9t\u00e9s de pommes! En plus: poires, prunes, raisins, courges et citrouilles. Verger, autocueillette, boutique et p\u00e2tisseries.<\/li><li><strong>Contact<\/strong>: (450) 623-8621<\/li><\/ul>\n\n\n\n<p style=\"font-size:20px\">3. <strong><a href=\"https:\/\/vergerjoannette.ca\/fr\/\" target=\"_blank\" rel=\"noreferrer noopener\">Verger Joannette<\/a><\/strong><\/p>\n\n\n\n<figure class=\"wp-block-image size-full is-resized\"><img loading=\"lazy\" decoding=\"async\" src=\"https:\/\/vaillancourtea.com\/files\/2021\/10\/verger-joannette.jpg\" alt=\"Verger Joannette Bio\" class=\"wp-image-559\" width=\"480\" height=\"360\" \/><\/figure>\n\n\n\n<ul class=\"wp-block-list\"><li><strong>O\u00f9?<\/strong> 600, Chemin Principal, St-Joseph-du-Lac, QC, J0N 1M0<\/li><li><strong>Quand?<\/strong> Lundi, jeudi et vendredi: ouvert 10 h \u00e0 17 h. Mardi et mercredi: ferm\u00e9. Samedi et dimanche: ouvert de 9 h \u00e0 17 h.<\/li><li><strong>Quoi?<\/strong> Verger biologique, autocueillette, balades en tracteur, animaux domestiques bienvenus, paiement \u00e0 la livre disponible, boutique en ligne et kiosque de fruits et l\u00e9gumes de la r\u00e9gion.<\/li><li><strong>Certification<\/strong>: Qu\u00e9bec Vrai (pour l&#8217;ensemble de sa production)<\/li><li><strong>Contact<\/strong>: &nbsp;(514) 436-3527<\/li><\/ul>\n\n\n\n<p><\/p>\n\n\n\n<p style=\"font-size:20px\">4.<strong><a href=\"https:\/\/latetedanslespommes.ca\/\" target=\"_blank\" rel=\"noreferrer noopener\"> Les vergers La T\u00eate dans les Pommes <\/a><\/strong><\/p>\n\n\n\n<figure class=\"wp-block-image size-full\"><img decoding=\"async\" src=\"https:\/\/vaillancourtea.com\/files\/2021\/10\/tetes-dans-pommes-vergers-cidrerie-248x300-1.png\" alt=\"\" class=\"wp-image-563\" \/><\/figure>\n\n\n\n<ul class=\"wp-block-list\"><li><strong>O\u00f9? <\/strong>1673 Chemin Principal, Saint-Joseph-du-Lac, QC, J0N 1M0<\/li><li><strong>Quand?<\/strong> Du 21 ao\u00fbt au 24 octobre, de 9 h \u00e0 17 h.<\/li><li><strong>Quoi?<\/strong> Vergers, autocueillette, cidredie, chocolaterie et confiserie, confitures, gel\u00e9es et tartinades, sandiwchs, soupes et salades, et bien plus! Forfaits POMMALEFUN pour \u00e9v\u00e9nements (Pommes et spectacle, Citrouilles et spectacle) et forfaits corporatifs.<\/li><li><strong>Certification:<\/strong> Qu\u00e9bec Vrai<\/li><li><strong>Contact:<\/strong> (450) 491-7319<\/li><\/ul>\n\n\n\n<p style=\"font-size:20px\">5. <strong><a href=\"https:\/\/www.verger-bio.ca\/\" target=\"_blank\" rel=\"noreferrer noopener\">Verger Bio d&#8217;Oka<\/a><\/strong><\/p>\n\n\n\n<figure class=\"wp-block-image size-large is-resized\"><img loading=\"lazy\" decoding=\"async\" src=\"https:\/\/vaillancourtea.com\/files\/2021\/10\/verger-bio-doka-1024x875.jpg\" alt=\"Verger bio d'Oka\" class=\"wp-image-560\" width=\"456\" height=\"390\" srcset=\"https:\/\/vaillancourtea.com\/files\/2021\/10\/verger-bio-doka-1024x875.jpg 1024w, https:\/\/vaillancourtea.com\/files\/2021\/10\/verger-bio-doka-300x256.jpg 300w, https:\/\/vaillancourtea.com\/files\/2021\/10\/verger-bio-doka-768x656.jpg 768w, https:\/\/vaillancourtea.com\/files\/2021\/10\/verger-bio-doka-1536x1313.jpg 1536w, https:\/\/vaillancourtea.com\/files\/2021\/10\/verger-bio-doka.jpg 2048w\" sizes=\"auto, (max-width: 456px) 100vw, 456px\" \/><\/figure>\n\n\n\n<ul class=\"wp-block-list\"><li><strong>O\u00f9?<\/strong> 445 Rang de l&#8217;Annonciation, Oka, QC, J0N 1E0<\/li><li><strong>Quand?<\/strong> Ferm\u00e9 au public. Possible de commander et r\u00e9cup\u00e9rer leurs pommes dans un de leurs points de chute <a href=\"https:\/\/www.verger-bio.ca\/?page_id=48\">ici<\/a>.<\/li><li><strong>Quoi?<\/strong> Vari\u00e9t\u00e9s de pommes cultiv\u00e9es: McIntosh, Spartan, Empire et Cortland en quantit\u00e9 limit\u00e9e. <\/li><li><strong>Certification<\/strong>: Qu\u00e9bec Vrai<\/li><li><strong>Contact<\/strong>: (450) 479-6464<\/li><\/ul>\n\n\n\n<p style=\"font-size:20px\">6. <strong><a href=\"https:\/\/www.jardinsdelapinede.com\/\" target=\"_blank\" rel=\"noreferrer noopener\">Les Jardins de la Pin\u00e8de<\/a><\/strong><\/p>\n\n\n\n<figure class=\"wp-block-image is-resized\"><img loading=\"lazy\" decoding=\"async\" src=\"https:\/\/scontent.fymq2-1.fna.fbcdn.net\/v\/t1.6435-9\/228382263_2994201434149364_7109936163449998860_n.jpg?_nc_cat=106&amp;ccb=1-5&amp;_nc_sid=09cbfe&amp;_nc_ohc=2UzIi6mNcFkAX_qWC8i&amp;_nc_ht=scontent.fymq2-1.fna&amp;oh=701c152fd01e966ba6a381c57ecf18fa&amp;oe=617D2B6A\" alt=\"Peut \u00eatre une image de texte : \u00ab\u00a0Les JARDINS de la Pin\u00e8de Ferme mara\u00eech\u00e8re biologique\u00a0\u00bb\" width=\"424\" height=\"424\" \/><\/figure>\n\n\n\n<ul class=\"wp-block-list\"><li><strong>O\u00f9? <\/strong><em>Jardins<\/em>: 1 rue de la Pin\u00e8de, Oka, QC, J0N 1E0 \/ <em>Kiosque \u00e0 la ferme<\/em>: 225 Rang de l&#8217;Annonciation, Oka, QC, J0N 1E0<\/li><li><strong>Quand?<\/strong> <em>Kiosque<\/em>: du jeudi au vendredi de 12 h \u00e0 19 h et du samedi au dimanche de 12 h \u00e0  17 h.<\/li><li><strong>Quoi?<\/strong> Ferme mara\u00eech\u00e8re, <a href=\"https:\/\/www.jardinsdelapinede.com\/paniers-bio\" target=\"_blank\" rel=\"noreferrer noopener\">paniers bio<\/a>,  <a href=\"https:\/\/www.jardinsdelapinede.com\/boutique\/tous-les-produits\" target=\"_blank\" rel=\"noreferrer noopener\">boutique en ligne<\/a>, points de chute, etc. <\/li><li><strong>Certification:<\/strong> Ecocert Canada<\/li><li><strong>Contact:<\/strong> (450) 479-8052<\/li><\/ul>\n\n\n\n<p style=\"font-size:20px\">7. <a href=\"https:\/\/www.lesculturesnecessaires.com\/laferme\" target=\"_blank\" rel=\"noreferrer noopener\"><strong>Les Cultures N\u00e9cessaires<\/strong> &#8211; <em>micro-ferme exp\u00e9rimentale en biodynamie<\/em><\/a>*<\/p>\n\n\n\n<figure class=\"wp-block-image size-full is-resized\"><img loading=\"lazy\" decoding=\"async\" src=\"https:\/\/vaillancourtea.com\/files\/2021\/10\/cultures-necessaires.jpg\" alt=\"\" class=\"wp-image-561\" width=\"404\" height=\"403\" srcset=\"https:\/\/vaillancourtea.com\/files\/2021\/10\/cultures-necessaires.jpg 960w, https:\/\/vaillancourtea.com\/files\/2021\/10\/cultures-necessaires-300x300.jpg 300w, https:\/\/vaillancourtea.com\/files\/2021\/10\/cultures-necessaires-150x150.jpg 150w, https:\/\/vaillancourtea.com\/files\/2021\/10\/cultures-necessaires-768x766.jpg 768w\" sizes=\"auto, (max-width: 404px) 100vw, 404px\" \/><\/figure>\n\n\n\n<ul class=\"wp-block-list\"><li><strong>O\u00f9?<\/strong> 201 Rang de l&#8217;Annonciation, Oka, QC, J0N 1E0<\/li><li><strong>Quoi? <\/strong>Paniers saisonniers et micro-ferme mara\u00eech\u00e8re. + <a href=\"https:\/\/www.lesculturesnecessaires.com\/laferme-1\" target=\"_blank\" rel=\"noreferrer noopener\">Projet solidaire<\/a> en collaboration avec <a href=\"http:\/\/laplacecommune.com\/fr\/accueil\/\" target=\"_blank\" rel=\"noreferrer noopener\">La Place Commune<\/a> et collaborations avec restaurants.<\/li><li><strong>Principe\/philosophie: <\/strong>agriculture biodynamique.<\/li><li><strong>Contact:<\/strong> (514) 638-8531 <\/li><\/ul>\n\n\n\n<p style=\"font-size:20px\">8. <strong><a href=\"https:\/\/www.boutiquebiosphere.com\/\" target=\"_blank\" rel=\"noreferrer noopener\">BioSph\u00e8re<\/a><\/strong> &#8211; magasin<\/p>\n\n\n\n<figure class=\"wp-block-image size-full\"><img loading=\"lazy\" decoding=\"async\" width=\"347\" height=\"221\" src=\"https:\/\/vaillancourtea.com\/files\/2021\/10\/biosphere.png\" alt=\"\" class=\"wp-image-562\" srcset=\"https:\/\/vaillancourtea.com\/files\/2021\/10\/biosphere.png 347w, https:\/\/vaillancourtea.com\/files\/2021\/10\/biosphere-300x191.png 300w\" sizes=\"auto, (max-width: 347px) 100vw, 347px\" \/><\/figure>\n\n\n\n<ul class=\"wp-block-list\"><li><strong>O\u00f9? <\/strong>90 rue Saint-Eustache, Saint-Eustache, QC, J7R 2K9<\/li><li><strong>Quand?<\/strong> Mardi et mercredi de 10 h \u00e0 17 h, jeudi et vendredi de 10 h \u00e0 18 h et samedi de 10 h \u00e0 16 h.<\/li><li><strong>Quoi?<\/strong> Magasin de produits \u00e9cologiques, biologiques et \u00e9quitables. De tout: produits biocosm\u00e9tiques, produits nettoyants, produits d&#8217;alimentation et plus encore. Point de chute des <em><a href=\"https:\/\/montreal.lufa.com\/fr\" target=\"_blank\" rel=\"noreferrer noopener\">Fermes Lufa<\/a><\/em>. <\/li><li><strong>Contact: <\/strong>(450) 598-3900<\/li><\/ul>\n\n\n\n<p><\/p>\n\n\n\n<p>Alors, quelle entreprise vous fait de l&#8217;oeil?<\/p>\n","protected":false},"excerpt":{"rendered":"<p>Notre r\u00e9gion regorge d&#8217;entreprises, de commerces et de vergers magnifiques. L&#8217;offre de produits biologiques est plus diversifi\u00e9e qu&#8217;on le pense par chez nous! Les efforts mis par les familles et les gens qui y travaillaient sont consid\u00e9rables. Arriver \u00e0 obtenir une certification bio demande un travail acharn\u00e9 de la part des producteurs. Ils ont besoin [&hellip;]<\/p>\n","protected":false},"author":1091,"featured_media":0,"comment_status":"closed","ping_status":"open","sticky":false,"template":"","format":"standard","meta":{"_acf_changed":false,"footnotes":""},"categories":[179,174,177],"tags":[220,221,222,223,224,189,225,226,227,100,228,229,230],"class_list":["post-4569","post","type-post","status-publish","format-standard","hentry","category-commerces","category-ici-laval-laurentides","category-vie-de-quartier","tag-bio","tag-biologique","tag-ecocert","tag-ferme","tag-fromages","tag-oka","tag-pommes","tag-produits-du-terroir","tag-quebec-vrai","tag-saint-eustache","tag-saint-joseph-du-lac","tag-verger","tag-vergers"],"acf":[],"yoast_head":"<!-- This site is optimized with the Yoast SEO plugin v26.7 - https:\/\/yoast.com\/wordpress\/plugins\/seo\/ -->\n<title>8 entreprises biologiques dans les Basses Laurentides | Vaillancourt et Ass. | Courtier immobilier Laval - Rive-Nord<\/title>\n<meta name=\"robots\" content=\"index, follow, max-snippet:-1, max-image-preview:large, max-video-preview:-1\" \/>\n<link rel=\"canonical\" href=\"https:\/\/vaillancourtea.com\/ici-laval-laurentides\/8-entreprises-biologiques-dans-les-basses-laurentides\/\" \/>\n<meta property=\"og:locale\" content=\"en_US\" \/>\n<meta property=\"og:type\" content=\"article\" \/>\n<meta property=\"og:title\" content=\"8 entreprises biologiques dans les Basses Laurentides | Vaillancourt et Ass. | Courtier immobilier Laval - Rive-Nord\" \/>\n<meta property=\"og:description\" content=\"Notre r\u00e9gion regorge d&#8217;entreprises, de commerces et de vergers magnifiques. L&#8217;offre de produits biologiques est plus diversifi\u00e9e qu&#8217;on le pense par chez nous! Les efforts mis par les familles et les gens qui y travaillaient sont consid\u00e9rables. Arriver \u00e0 obtenir une certification bio demande un travail acharn\u00e9 de la part des producteurs. Ils ont besoin [&hellip;]\" \/>\n<meta property=\"og:url\" content=\"https:\/\/vaillancourtea.com\/ici-laval-laurentides\/8-entreprises-biologiques-dans-les-basses-laurentides\/\" \/>\n<meta property=\"og:site_name\" content=\"Vaillancourt et Ass. | Courtier immobilier Laval - Rive-Nord\" \/>\n<meta property=\"article:published_time\" content=\"2021-10-01T19:51:09+00:00\" \/>\n<meta property=\"article:modified_time\" content=\"2022-06-27T16:06:48+00:00\" \/>\n<meta property=\"og:image\" content=\"https:\/\/vaillancourtea.com\/files\/2021\/10\/fromages-du-verger.jpg\" \/>\n<meta name=\"author\" content=\"Chantal Vaillancourt\" \/>\n<meta name=\"twitter:card\" content=\"summary_large_image\" \/>\n<meta name=\"twitter:label1\" content=\"Written by\" \/>\n\t<meta name=\"twitter:data1\" content=\"Chantal Vaillancourt\" \/>\n\t<meta name=\"twitter:label2\" content=\"Est. reading time\" \/>\n\t<meta name=\"twitter:data2\" content=\"5 minutes\" \/>\n<script type=\"application\/ld+json\" class=\"yoast-schema-graph\">{\"@context\":\"https:\/\/schema.org\",\"@graph\":[{\"@type\":\"Article\",\"@id\":\"https:\/\/vaillancourtea.com\/ici-laval-laurentides\/8-entreprises-biologiques-dans-les-basses-laurentides\/#article\",\"isPartOf\":{\"@id\":\"https:\/\/vaillancourtea.com\/ici-laval-laurentides\/8-entreprises-biologiques-dans-les-basses-laurentides\/\"},\"author\":{\"name\":\"Chantal Vaillancourt\",\"@id\":\"https:\/\/vaillancourtea.com\/#\/schema\/person\/836f70fcb3e5ac822dbb9b822579c752\"},\"headline\":\"8 entreprises biologiques dans les Basses Laurentides\",\"datePublished\":\"2021-10-01T19:51:09+00:00\",\"dateModified\":\"2022-06-27T16:06:48+00:00\",\"mainEntityOfPage\":{\"@id\":\"https:\/\/vaillancourtea.com\/ici-laval-laurentides\/8-entreprises-biologiques-dans-les-basses-laurentides\/\"},\"wordCount\":594,\"publisher\":{\"@id\":\"https:\/\/vaillancourtea.com\/#organization\"},\"image\":{\"@id\":\"https:\/\/vaillancourtea.com\/ici-laval-laurentides\/8-entreprises-biologiques-dans-les-basses-laurentides\/#primaryimage\"},\"thumbnailUrl\":\"https:\/\/vaillancourtea.com\/files\/2021\/10\/fromages-du-verger.jpg\",\"keywords\":[\"bio\",\"biologique\",\"Ecocert\",\"ferme\",\"fromages\",\"oka\",\"pommes\",\"produits du terroir\",\"Qu\u00e9bec Vrai\",\"saint-eustache\",\"saint-joseph-du-lac\",\"verger\",\"vergers\"],\"articleSection\":[\"Commerces\",\"\",\"Vie de quartier\"],\"inLanguage\":\"en-US\"},{\"@type\":\"WebPage\",\"@id\":\"https:\/\/vaillancourtea.com\/ici-laval-laurentides\/8-entreprises-biologiques-dans-les-basses-laurentides\/\",\"url\":\"https:\/\/vaillancourtea.com\/ici-laval-laurentides\/8-entreprises-biologiques-dans-les-basses-laurentides\/\",\"name\":\"8 entreprises biologiques dans les Basses Laurentides | Vaillancourt et Ass. | Courtier immobilier Laval - Rive-Nord\",\"isPartOf\":{\"@id\":\"https:\/\/vaillancourtea.com\/#website\"},\"primaryImageOfPage\":{\"@id\":\"https:\/\/vaillancourtea.com\/ici-laval-laurentides\/8-entreprises-biologiques-dans-les-basses-laurentides\/#primaryimage\"},\"image\":{\"@id\":\"https:\/\/vaillancourtea.com\/ici-laval-laurentides\/8-entreprises-biologiques-dans-les-basses-laurentides\/#primaryimage\"},\"thumbnailUrl\":\"https:\/\/vaillancourtea.com\/files\/2021\/10\/fromages-du-verger.jpg\",\"datePublished\":\"2021-10-01T19:51:09+00:00\",\"dateModified\":\"2022-06-27T16:06:48+00:00\",\"breadcrumb\":{\"@id\":\"https:\/\/vaillancourtea.com\/ici-laval-laurentides\/8-entreprises-biologiques-dans-les-basses-laurentides\/#breadcrumb\"},\"inLanguage\":\"en-US\",\"potentialAction\":[{\"@type\":\"ReadAction\",\"target\":[\"https:\/\/vaillancourtea.com\/ici-laval-laurentides\/8-entreprises-biologiques-dans-les-basses-laurentides\/\"]}]},{\"@type\":\"ImageObject\",\"inLanguage\":\"en-US\",\"@id\":\"https:\/\/vaillancourtea.com\/ici-laval-laurentides\/8-entreprises-biologiques-dans-les-basses-laurentides\/#primaryimage\",\"url\":\"https:\/\/vaillancourtea.com\/files\/2021\/10\/fromages-du-verger.jpg\",\"contentUrl\":\"https:\/\/vaillancourtea.com\/files\/2021\/10\/fromages-du-verger.jpg\"},{\"@type\":\"BreadcrumbList\",\"@id\":\"https:\/\/vaillancourtea.com\/ici-laval-laurentides\/8-entreprises-biologiques-dans-les-basses-laurentides\/#breadcrumb\",\"itemListElement\":[{\"@type\":\"ListItem\",\"position\":1,\"name\":\"Accueil\",\"item\":\"https:\/\/vaillancourtea.com\/\"},{\"@type\":\"ListItem\",\"position\":2,\"name\":\"8 entreprises biologiques dans les Basses Laurentides\"}]},{\"@type\":\"WebSite\",\"@id\":\"https:\/\/vaillancourtea.com\/#website\",\"url\":\"https:\/\/vaillancourtea.com\/\",\"name\":\"Vaillancourt et Ass. | Courtier immobilier Laval - Rive-Nord\",\"description\":\"\",\"publisher\":{\"@id\":\"https:\/\/vaillancourtea.com\/#organization\"},\"potentialAction\":[{\"@type\":\"SearchAction\",\"target\":{\"@type\":\"EntryPoint\",\"urlTemplate\":\"https:\/\/vaillancourtea.com\/?s={search_term_string}\"},\"query-input\":{\"@type\":\"PropertyValueSpecification\",\"valueRequired\":true,\"valueName\":\"search_term_string\"}}],\"inLanguage\":\"en-US\"},{\"@type\":\"Organization\",\"@id\":\"https:\/\/vaillancourtea.com\/#organization\",\"name\":\"Chantal Vaillancourt, Courtier immobilier r\u00e9sidentiel\",\"url\":\"https:\/\/vaillancourtea.com\/\",\"logo\":{\"@type\":\"ImageObject\",\"inLanguage\":\"en-US\",\"@id\":\"https:\/\/vaillancourtea.com\/#\/schema\/logo\/image\/\",\"url\":\"https:\/\/vaillancourtea.com\/files\/2018\/11\/RP_Logo.png\",\"contentUrl\":\"https:\/\/vaillancourtea.com\/files\/2018\/11\/RP_Logo.png\",\"width\":168,\"height\":63,\"caption\":\"Chantal Vaillancourt, Courtier immobilier r\u00e9sidentiel\"},\"image\":{\"@id\":\"https:\/\/vaillancourtea.com\/#\/schema\/logo\/image\/\"}},{\"@type\":\"Person\",\"@id\":\"https:\/\/vaillancourtea.com\/#\/schema\/person\/836f70fcb3e5ac822dbb9b822579c752\",\"name\":\"Chantal Vaillancourt\",\"image\":{\"@type\":\"ImageObject\",\"inLanguage\":\"en-US\",\"@id\":\"https:\/\/vaillancourtea.com\/#\/schema\/person\/image\/\",\"url\":\"http:\/\/pvaillancourt.com\/files\/2015\/06\/Chantal-Vaillancourt_avatar_1435006367-96x96.jpg\",\"contentUrl\":\"http:\/\/pvaillancourt.com\/files\/2015\/06\/Chantal-Vaillancourt_avatar_1435006367-96x96.jpg\",\"caption\":\"Chantal Vaillancourt\"},\"description\":\"Chantal is passionate about her neighborhood. She is always looking to discover new hidden treasures in her area and to share them with others.\",\"url\":\"https:\/\/vaillancourtea.com\/en\/author\/chantal\/\"}]}<\/script>\n<!-- \/ Yoast SEO plugin. -->","yoast_head_json":{"title":"8 entreprises biologiques dans les Basses Laurentides | Vaillancourt et Ass. | Courtier immobilier Laval - Rive-Nord","robots":{"index":"index","follow":"follow","max-snippet":"max-snippet:-1","max-image-preview":"max-image-preview:large","max-video-preview":"max-video-preview:-1"},"canonical":"https:\/\/vaillancourtea.com\/ici-laval-laurentides\/8-entreprises-biologiques-dans-les-basses-laurentides\/","og_locale":"en_US","og_type":"article","og_title":"8 entreprises biologiques dans les Basses Laurentides | Vaillancourt et Ass. | Courtier immobilier Laval - Rive-Nord","og_description":"Notre r\u00e9gion regorge d&#8217;entreprises, de commerces et de vergers magnifiques. L&#8217;offre de produits biologiques est plus diversifi\u00e9e qu&#8217;on le pense par chez nous! Les efforts mis par les familles et les gens qui y travaillaient sont consid\u00e9rables. Arriver \u00e0 obtenir une certification bio demande un travail acharn\u00e9 de la part des producteurs. Ils ont besoin [&hellip;]","og_url":"https:\/\/vaillancourtea.com\/ici-laval-laurentides\/8-entreprises-biologiques-dans-les-basses-laurentides\/","og_site_name":"Vaillancourt et Ass. | Courtier immobilier Laval - Rive-Nord","article_published_time":"2021-10-01T19:51:09+00:00","article_modified_time":"2022-06-27T16:06:48+00:00","og_image":[{"url":"https:\/\/vaillancourtea.com\/files\/2021\/10\/fromages-du-verger.jpg","type":"","width":"","height":""}],"author":"Chantal Vaillancourt","twitter_card":"summary_large_image","twitter_misc":{"Written by":"Chantal Vaillancourt","Est. reading time":"5 minutes"},"schema":{"@context":"https:\/\/schema.org","@graph":[{"@type":"Article","@id":"https:\/\/vaillancourtea.com\/ici-laval-laurentides\/8-entreprises-biologiques-dans-les-basses-laurentides\/#article","isPartOf":{"@id":"https:\/\/vaillancourtea.com\/ici-laval-laurentides\/8-entreprises-biologiques-dans-les-basses-laurentides\/"},"author":{"name":"Chantal Vaillancourt","@id":"https:\/\/vaillancourtea.com\/#\/schema\/person\/836f70fcb3e5ac822dbb9b822579c752"},"headline":"8 entreprises biologiques dans les Basses Laurentides","datePublished":"2021-10-01T19:51:09+00:00","dateModified":"2022-06-27T16:06:48+00:00","mainEntityOfPage":{"@id":"https:\/\/vaillancourtea.com\/ici-laval-laurentides\/8-entreprises-biologiques-dans-les-basses-laurentides\/"},"wordCount":594,"publisher":{"@id":"https:\/\/vaillancourtea.com\/#organization"},"image":{"@id":"https:\/\/vaillancourtea.com\/ici-laval-laurentides\/8-entreprises-biologiques-dans-les-basses-laurentides\/#primaryimage"},"thumbnailUrl":"https:\/\/vaillancourtea.com\/files\/2021\/10\/fromages-du-verger.jpg","keywords":["bio","biologique","Ecocert","ferme","fromages","oka","pommes","produits du terroir","Qu\u00e9bec Vrai","saint-eustache","saint-joseph-du-lac","verger","vergers"],"articleSection":["Commerces","","Vie de quartier"],"inLanguage":"en-US"},{"@type":"WebPage","@id":"https:\/\/vaillancourtea.com\/ici-laval-laurentides\/8-entreprises-biologiques-dans-les-basses-laurentides\/","url":"https:\/\/vaillancourtea.com\/ici-laval-laurentides\/8-entreprises-biologiques-dans-les-basses-laurentides\/","name":"8 entreprises biologiques dans les Basses Laurentides | Vaillancourt et Ass. | Courtier immobilier Laval - Rive-Nord","isPartOf":{"@id":"https:\/\/vaillancourtea.com\/#website"},"primaryImageOfPage":{"@id":"https:\/\/vaillancourtea.com\/ici-laval-laurentides\/8-entreprises-biologiques-dans-les-basses-laurentides\/#primaryimage"},"image":{"@id":"https:\/\/vaillancourtea.com\/ici-laval-laurentides\/8-entreprises-biologiques-dans-les-basses-laurentides\/#primaryimage"},"thumbnailUrl":"https:\/\/vaillancourtea.com\/files\/2021\/10\/fromages-du-verger.jpg","datePublished":"2021-10-01T19:51:09+00:00","dateModified":"2022-06-27T16:06:48+00:00","breadcrumb":{"@id":"https:\/\/vaillancourtea.com\/ici-laval-laurentides\/8-entreprises-biologiques-dans-les-basses-laurentides\/#breadcrumb"},"inLanguage":"en-US","potentialAction":[{"@type":"ReadAction","target":["https:\/\/vaillancourtea.com\/ici-laval-laurentides\/8-entreprises-biologiques-dans-les-basses-laurentides\/"]}]},{"@type":"ImageObject","inLanguage":"en-US","@id":"https:\/\/vaillancourtea.com\/ici-laval-laurentides\/8-entreprises-biologiques-dans-les-basses-laurentides\/#primaryimage","url":"https:\/\/vaillancourtea.com\/files\/2021\/10\/fromages-du-verger.jpg","contentUrl":"https:\/\/vaillancourtea.com\/files\/2021\/10\/fromages-du-verger.jpg"},{"@type":"BreadcrumbList","@id":"https:\/\/vaillancourtea.com\/ici-laval-laurentides\/8-entreprises-biologiques-dans-les-basses-laurentides\/#breadcrumb","itemListElement":[{"@type":"ListItem","position":1,"name":"Accueil","item":"https:\/\/vaillancourtea.com\/"},{"@type":"ListItem","position":2,"name":"8 entreprises biologiques dans les Basses Laurentides"}]},{"@type":"WebSite","@id":"https:\/\/vaillancourtea.com\/#website","url":"https:\/\/vaillancourtea.com\/","name":"Vaillancourt et Ass. | Courtier immobilier Laval - Rive-Nord","description":"","publisher":{"@id":"https:\/\/vaillancourtea.com\/#organization"},"potentialAction":[{"@type":"SearchAction","target":{"@type":"EntryPoint","urlTemplate":"https:\/\/vaillancourtea.com\/?s={search_term_string}"},"query-input":{"@type":"PropertyValueSpecification","valueRequired":true,"valueName":"search_term_string"}}],"inLanguage":"en-US"},{"@type":"Organization","@id":"https:\/\/vaillancourtea.com\/#organization","name":"Chantal Vaillancourt, Courtier immobilier r\u00e9sidentiel","url":"https:\/\/vaillancourtea.com\/","logo":{"@type":"ImageObject","inLanguage":"en-US","@id":"https:\/\/vaillancourtea.com\/#\/schema\/logo\/image\/","url":"https:\/\/vaillancourtea.com\/files\/2018\/11\/RP_Logo.png","contentUrl":"https:\/\/vaillancourtea.com\/files\/2018\/11\/RP_Logo.png","width":168,"height":63,"caption":"Chantal Vaillancourt, Courtier immobilier r\u00e9sidentiel"},"image":{"@id":"https:\/\/vaillancourtea.com\/#\/schema\/logo\/image\/"}},{"@type":"Person","@id":"https:\/\/vaillancourtea.com\/#\/schema\/person\/836f70fcb3e5ac822dbb9b822579c752","name":"Chantal Vaillancourt","image":{"@type":"ImageObject","inLanguage":"en-US","@id":"https:\/\/vaillancourtea.com\/#\/schema\/person\/image\/","url":"http:\/\/pvaillancourt.com\/files\/2015\/06\/Chantal-Vaillancourt_avatar_1435006367-96x96.jpg","contentUrl":"http:\/\/pvaillancourt.com\/files\/2015\/06\/Chantal-Vaillancourt_avatar_1435006367-96x96.jpg","caption":"Chantal Vaillancourt"},"description":"Chantal is passionate about her neighborhood. She is always looking to discover new hidden treasures in her area and to share them with others.","url":"https:\/\/vaillancourtea.com\/en\/author\/chantal\/"}]}},"_links":{"self":[{"href":"https:\/\/vaillancourtea.com\/en\/wp-json\/wp\/v2\/posts\/4569","targetHints":{"allow":["GET"]}}],"collection":[{"href":"https:\/\/vaillancourtea.com\/en\/wp-json\/wp\/v2\/posts"}],"about":[{"href":"https:\/\/vaillancourtea.com\/en\/wp-json\/wp\/v2\/types\/post"}],"author":[{"embeddable":true,"href":"https:\/\/vaillancourtea.com\/en\/wp-json\/wp\/v2\/users\/1091"}],"replies":[{"embeddable":true,"href":"https:\/\/vaillancourtea.com\/en\/wp-json\/wp\/v2\/comments?post=4569"}],"version-history":[{"count":1,"href":"https:\/\/vaillancourtea.com\/en\/wp-json\/wp\/v2\/posts\/4569\/revisions"}],"predecessor-version":[{"id":4710,"href":"https:\/\/vaillancourtea.com\/en\/wp-json\/wp\/v2\/posts\/4569\/revisions\/4710"}],"wp:attachment":[{"href":"https:\/\/vaillancourtea.com\/en\/wp-json\/wp\/v2\/media?parent=4569"}],"wp:term":[{"taxonomy":"category","embeddable":true,"href":"https:\/\/vaillancourtea.com\/en\/wp-json\/wp\/v2\/categories?post=4569"},{"taxonomy":"post_tag","embeddable":true,"href":"https:\/\/vaillancourtea.com\/en\/wp-json\/wp\/v2\/tags?post=4569"}],"curies":[{"name":"wp","href":"https:\/\/api.w.org\/{rel}","templated":true}]}}