{"id":4568,"date":"2021-07-27T20:57:21","date_gmt":"2021-07-28T00:57:21","guid":{"rendered":"http:\/\/icilavallaurentides.com\/?p=505"},"modified":"2023-12-12T11:37:55","modified_gmt":"2023-12-12T16:37:55","slug":"la-maison-lavande-de-saint-eustache-lendroit-le-plus-instagrammable-de-lannee","status":"publish","type":"post","link":"https:\/\/vaillancourtea.com\/en\/ici-laval-laurentides\/la-maison-lavande-de-saint-eustache-lendroit-le-plus-instagrammable-de-lannee\/","title":{"rendered":"La Maison Lavande de Saint-Eustache &#8211; l&#8217;endroit le plus instagrammable de l&#8217;ann\u00e9e!"},"content":{"rendered":"<p>Je n&#8217;aime pas trop la lavande. Bon, je n&#8217;aimais pas la lavande. Cela me faisait penser un peu \u00e0 un parfum de grand-m\u00e8re. Mais une journ\u00e9e \u00e0 la Maison Lavande, m&#8217;a fait d\u00e9couvrir cette fleure d&#8217;une autre fa\u00e7on. Voici un peu mon r\u00e9sum\u00e9:<\/p>\r\n\r\n\r\n\r\n<p>La Maison Lavande est une belle entreprise familiale qu\u00e9b\u00e9coise avec plusieurs succursales \u00e0 travers la province, dont sa jolie maison-m\u00e8re \u00e0 Saint-Eustache.  Elle est situ\u00e9e sur le Chemin Fresni\u00e8re \u00e0 Saint-Eustache, aux limites de Mirabel et Saint-Joseph-du-Lac.  On y retrouve de grands et magnifiques champs de lavande,  la boutique avec tous leurs produits et un bistro pour combler vos petites fringales (yogourt glac\u00e9, caf\u00e9, scones&#8230; le tout \u00e0 la lavande!).<\/p>\r\n\r\n\r\n\r\n<p>C&#8217;est l&#8217;endroit de pr\u00e9dilection pour une journ\u00e9e de d\u00e9tente entre amis ou en famille. On peut marcher tranquillement dans les champs, essayer la balan\u00e7oire g\u00e9ante, papoter, et m\u00eame lire un bon livre sur la terrasse. Afin de vraiment profiter de la beaut\u00e9 du site, \u00e7a vaut la peine de rester plusieurs heures. <\/p>\r\n\r\n\r\n\r\n<p>Pour ma part, j&#8217;ai trouv\u00e9 que c&#8217;\u00e9tait une activit\u00e9 parfaite \u00e0 faire avec ma belle-m\u00e8re et mes belles-s\u0153urs. On a eu beaucoup de plaisir et en plus, le soleil \u00e9tait bien au rendez-vous.<\/p>\r\n\r\n\r\n\r\n<div class=\"wp-block-image\"><figure class=\"aligncenter size-large is-resized\"><img loading=\"lazy\" decoding=\"async\" src=\"http:\/\/icilavallaurentides.com\/wp-content\/uploads\/2021\/07\/20210722_104913-2-1024x1024.jpg\" alt=\"\" class=\"wp-image-511\" width=\"724\" height=\"724\" \/><\/figure><\/div>\r\n\r\n\r\n\r\n<p><strong>La boutique<\/strong><\/p>\r\n\r\n\r\n\r\n<p>Si le besoin d&#8217;une pause de soleil se fait sentir, on peut toujours aller visiter la boutique \u00e0 l&#8217;int\u00e9rieur du b\u00e2timent et faire le plein de leurs produits. Bougies, produits de soin pour le visage, produits pour le bain, et produits d&#8217;entretien pour la maison, etc. Il y a de tout, pour tous les go\u00fbts. N&#8217;h\u00e9sitez pas \u00e0 sentir les diff\u00e9rentes collections, vous en trouverez certainement une (ou plusieurs) qui correspond \u00e0 vos pr\u00e9f\u00e9rences olfactives! <\/p>\r\n\r\n\r\n\r\n<figure class=\"wp-block-gallery columns-3 is-cropped wp-block-gallery-3 is-layout-flex wp-block-gallery-is-layout-flex\"><ul class=\"blocks-gallery-grid\"><li class=\"blocks-gallery-item\"><figure><img decoding=\"async\" src=\"http:\/\/icilavallaurentides.com\/wp-content\/uploads\/2021\/07\/20210722_131127-1024x1024.jpg\" alt=\"\" data-id=\"509\" data-full-url=\"https:\/\/vaillancourtea.com\/files\/2021\/07\/20210722_131127-scaled-1.jpg\" data-link=\"http:\/\/icilavallaurentides.com\/?attachment_id=509\" class=\"wp-image-509\" \/><\/figure><\/li><li class=\"blocks-gallery-item\"><figure><img decoding=\"async\" src=\"http:\/\/icilavallaurentides.com\/wp-content\/uploads\/2021\/07\/20210722_130435-1024x922.jpg\" alt=\"\" data-id=\"508\" data-full-url=\"https:\/\/vaillancourtea.com\/files\/2021\/07\/20210722_130435-scaled-1.jpg\" data-link=\"http:\/\/icilavallaurentides.com\/?attachment_id=508\" class=\"wp-image-508\" \/><\/figure><\/li><li class=\"blocks-gallery-item\"><figure><img decoding=\"async\" src=\"http:\/\/icilavallaurentides.com\/wp-content\/uploads\/2021\/07\/20210722_131135-1024x927.jpg\" alt=\"\" data-id=\"510\" data-full-url=\"https:\/\/vaillancourtea.com\/files\/2021\/07\/20210722_131135-scaled-1.jpg\" data-link=\"http:\/\/icilavallaurentides.com\/?attachment_id=510\" class=\"wp-image-510\" \/><\/figure><\/li><\/ul><\/figure>\r\n\r\n\r\n\r\n<p>Pour vos papilles,  il y m\u00eame des produits comestibles tels que confitures, sirop et mo\u00fbt de pomme \u00e0 la lavande. \u00c0 essayer!<\/p>\r\n\r\n\r\n\r\n<p>De plus, les gens souhaitant agr\u00e9menter leur profil <em>Instagram <\/em>de photos aux douces teintes violettes se sentiront tr\u00e8s \u00e0 l&#8217;aise de le faire ici. La photographie est tr\u00e8s populaire \u00e0 la Maison Lavande. C&#8217;est le d\u00e9cor id\u00e9al pour toute occasion: photos de famille, photos de grossesse et de maternit\u00e9, photos d&#8217;amoureux, etc. <\/p>\r\n\r\n\r\n\r\n<p>On en a profit\u00e9 pour immortaliser les beaux moments de notre journ\u00e9e en plein champ de lavande.<\/p>\r\n\r\n\r\n\r\n<figure class=\"wp-block-gallery columns-3 is-cropped wp-block-gallery-4 is-layout-flex wp-block-gallery-is-layout-flex\"><ul class=\"blocks-gallery-grid\"><li class=\"blocks-gallery-item\"><figure><img decoding=\"async\" src=\"http:\/\/icilavallaurentides.com\/wp-content\/uploads\/2021\/07\/20210722_102016-1024x1024.jpg\" alt=\"\" data-id=\"512\" data-full-url=\"https:\/\/vaillancourtea.com\/files\/2021\/07\/20210722_102016-scaled-1.jpg\" data-link=\"http:\/\/icilavallaurentides.com\/?attachment_id=512\" class=\"wp-image-512\" \/><\/figure><\/li><li class=\"blocks-gallery-item\"><figure><img decoding=\"async\" src=\"http:\/\/icilavallaurentides.com\/wp-content\/uploads\/2021\/07\/20210722_102921-1024x1024.jpg\" alt=\"\" data-id=\"513\" data-full-url=\"https:\/\/vaillancourtea.com\/files\/2021\/07\/20210722_102921-scaled-1.jpg\" data-link=\"http:\/\/icilavallaurentides.com\/?attachment_id=513\" class=\"wp-image-513\" \/><\/figure><\/li><li class=\"blocks-gallery-item\"><figure><img decoding=\"async\" src=\"http:\/\/icilavallaurentides.com\/wp-content\/uploads\/2021\/07\/20210722_103319-1024x1024.jpg\" alt=\"\" data-id=\"514\" data-full-url=\"https:\/\/vaillancourtea.com\/files\/2021\/07\/20210722_103319-scaled-1.jpg\" data-link=\"http:\/\/icilavallaurentides.com\/?attachment_id=514\" class=\"wp-image-514\" \/><\/figure><\/li><li class=\"blocks-gallery-item\"><figure><img decoding=\"async\" src=\"http:\/\/icilavallaurentides.com\/wp-content\/uploads\/2021\/07\/20210722_103810-1024x1024.jpg\" alt=\"\" data-id=\"515\" data-full-url=\"https:\/\/vaillancourtea.com\/files\/2021\/07\/20210722_103810-scaled-1.jpg\" data-link=\"http:\/\/icilavallaurentides.com\/?attachment_id=515\" class=\"wp-image-515\" \/><\/figure><\/li><li class=\"blocks-gallery-item\"><figure><img decoding=\"async\" src=\"http:\/\/icilavallaurentides.com\/wp-content\/uploads\/2021\/07\/20210722_112714-768x1024.jpg\" alt=\"\" data-id=\"516\" data-full-url=\"https:\/\/vaillancourtea.com\/files\/2021\/07\/20210722_112714-scaled-1.jpg\" data-link=\"http:\/\/icilavallaurentides.com\/?attachment_id=516\" class=\"wp-image-516\" \/><\/figure><\/li><\/ul><\/figure>\r\n\r\n\r\n\r\n<p><strong>Pour l&#8217;an prochain&#8230;<\/strong><\/p>\r\n\r\n\r\n\r\n<p>Avant la pand\u00e9mie, La Maison Lavande offrait la possibilit\u00e9 de r\u00e9server leur magnifique site pour une <em>R\u00e9servation Boho<\/em>. Il s&#8217;agit d&#8217;un forfait pour profiter des lieux \u00ab autour d&#8217;une grande tabl\u00e9e install\u00e9e au tout milieu des champs fleuris \u00bb. En raison de la situation actuelle, ce service n&#8217;est pas disponible pour l&#8217;\u00e9t\u00e9 2021. Cependant, vous pouvez vous inscrire sur la liste d&#8217;attente pour 2022. \u00c0 garder en t\u00eate pour vos petits et grands \u00e9v\u00e9nements en 2022!<\/p>\r\n\r\n\r\n\r\n<p class=\"has-normal-font-size\"><strong>Horaire et tarification<\/strong><\/p>\r\n\r\n\r\n\r\n<p>La Maison Lavande est ouverte tous les jours de 10 h \u00e0 17 h, ainsi que les jeudis de juillet de 10 h \u00e0 21 h &#8211; Haute saison (jusqu&#8217;au 1<sup>er<\/sup> ao\u00fbt 2021)<\/p>\r\n\r\n\r\n\r\n<p>Tarifs d&#8217;entr\u00e9e: <\/p>\r\n\r\n\r\n\r\n<ul class=\"wp-block-list\"><li>Adulte: 10$ <\/li><li>Jeune (12-17 ans): 5$<\/li><li>Enfants (11 ans et moins): gratuit<\/li><li>Famille (2 adultes et 2 jeunes): 25$<\/li><\/ul>\r\n\r\n\r\n\r\n<p><em>Gratuit<\/em> pour tous \u00e0 compter du 2 ao\u00fbt 2021!<\/p>\r\n\r\n\r\n\r\n<p>Il reste encore quelques jours pour profiter de la p\u00e9riode la plus fleurie, car elle commence \u00e0 diminuer \u00e0 compter du 1<sup>er<\/sup> ao\u00fbt 2021. D\u00e9p\u00eachez-vous!<\/p>\r\n\r\n\r\n\r\n<p>Pour un court r\u00e9sum\u00e9 de notre superbe journ\u00e9e, c&#8217;est par ici:<\/p>\r\n\r\n\r\n\r\n<figure class=\"wp-block-embed is-type-video is-provider-youtube wp-block-embed-youtube wp-embed-aspect-16-9 wp-has-aspect-ratio\"><div class=\"wp-block-embed__wrapper\">\r\n<iframe loading=\"lazy\" title=\"Maison Lavande \u00e0 Saint-Eustache !\" width=\"500\" height=\"281\" src=\"https:\/\/www.youtube.com\/embed\/Ril72iCsezs?feature=oembed\" frameborder=\"0\" allow=\"accelerometer; autoplay; clipboard-write; encrypted-media; gyroscope; picture-in-picture; web-share\" referrerpolicy=\"strict-origin-when-cross-origin\" allowfullscreen><\/iframe>\r\n<\/div><\/figure>\r\n\r\n\r\n\r\n<p>Dites-moi en commentaire si vous y \u00eates d\u00e9j\u00e0 all\u00e9s et comment vous avez trouv\u00e9 votre exp\u00e9rience!<\/p>\r\n\r\n\r\n\r\n<p>\u00c0 bient\u00f4t!<\/p>\r\n\r\n\r\n\r\n<p>Chantal<\/p>","protected":false},"excerpt":{"rendered":"<p>Je n&#8217;aime pas trop la lavande. Bon, je n&#8217;aimais pas la lavande. Cela me faisait penser un peu \u00e0 un parfum de grand-m\u00e8re. Mais une journ\u00e9e \u00e0 la Maison Lavande, m&#8217;a fait d\u00e9couvrir cette fleure d&#8217;une autre fa\u00e7on. Voici un peu mon r\u00e9sum\u00e9: La Maison Lavande est une belle entreprise familiale qu\u00e9b\u00e9coise avec plusieurs succursales [&hellip;]<\/p>\n","protected":false},"author":1091,"featured_media":6739,"comment_status":"closed","ping_status":"open","sticky":false,"template":"","format":"standard","meta":{"_acf_changed":false,"footnotes":""},"categories":[179,174,175],"tags":[212,213,214,100],"class_list":["post-4568","post","type-post","status-publish","format-standard","hentry","category-commerces","category-ici-laval-laurentides","category-plein-air","tag-agro-tourisme","tag-la-maison-lavande","tag-lavande","tag-saint-eustache"],"acf":[],"yoast_head":"<!-- This site is optimized with the Yoast SEO plugin v26.7 - https:\/\/yoast.com\/wordpress\/plugins\/seo\/ -->\n<title>La Maison Lavande de Saint-Eustache - l&#039;endroit le plus instagrammable de l&#039;ann\u00e9e! | Vaillancourt et Ass. | Courtier immobilier Laval - Rive-Nord<\/title>\n<meta name=\"robots\" content=\"index, follow, max-snippet:-1, max-image-preview:large, max-video-preview:-1\" \/>\n<link rel=\"canonical\" href=\"https:\/\/vaillancourtea.com\/ici-laval-laurentides\/la-maison-lavande-de-saint-eustache-lendroit-le-plus-instagrammable-de-lannee\/\" \/>\n<meta property=\"og:locale\" content=\"en_US\" \/>\n<meta property=\"og:type\" content=\"article\" \/>\n<meta property=\"og:title\" content=\"La Maison Lavande de Saint-Eustache - l&#039;endroit le plus instagrammable de l&#039;ann\u00e9e! | Vaillancourt et Ass. | Courtier immobilier Laval - Rive-Nord\" \/>\n<meta property=\"og:description\" content=\"Je n&#8217;aime pas trop la lavande. Bon, je n&#8217;aimais pas la lavande. Cela me faisait penser un peu \u00e0 un parfum de grand-m\u00e8re. Mais une journ\u00e9e \u00e0 la Maison Lavande, m&#8217;a fait d\u00e9couvrir cette fleure d&#8217;une autre fa\u00e7on. Voici un peu mon r\u00e9sum\u00e9: La Maison Lavande est une belle entreprise familiale qu\u00e9b\u00e9coise avec plusieurs succursales [&hellip;]\" \/>\n<meta property=\"og:url\" content=\"https:\/\/vaillancourtea.com\/ici-laval-laurentides\/la-maison-lavande-de-saint-eustache-lendroit-le-plus-instagrammable-de-lannee\/\" \/>\n<meta property=\"og:site_name\" content=\"Vaillancourt et Ass. | Courtier immobilier Laval - Rive-Nord\" \/>\n<meta property=\"article:published_time\" content=\"2021-07-28T00:57:21+00:00\" \/>\n<meta property=\"article:modified_time\" content=\"2023-12-12T16:37:55+00:00\" \/>\n<meta property=\"og:image\" content=\"https:\/\/vaillancourtea.com\/files\/2021\/07\/Capture-decran-2023-06-13-134738.png\" \/>\n\t<meta property=\"og:image:width\" content=\"836\" \/>\n\t<meta property=\"og:image:height\" content=\"343\" \/>\n\t<meta property=\"og:image:type\" content=\"image\/png\" \/>\n<meta name=\"author\" content=\"Chantal Vaillancourt\" \/>\n<meta name=\"twitter:card\" content=\"summary_large_image\" \/>\n<meta name=\"twitter:label1\" content=\"Written by\" \/>\n\t<meta name=\"twitter:data1\" content=\"Chantal Vaillancourt\" \/>\n\t<meta name=\"twitter:label2\" content=\"Est. reading time\" \/>\n\t<meta name=\"twitter:data2\" content=\"5 minutes\" \/>\n<script type=\"application\/ld+json\" class=\"yoast-schema-graph\">{\"@context\":\"https:\/\/schema.org\",\"@graph\":[{\"@type\":\"Article\",\"@id\":\"https:\/\/vaillancourtea.com\/ici-laval-laurentides\/la-maison-lavande-de-saint-eustache-lendroit-le-plus-instagrammable-de-lannee\/#article\",\"isPartOf\":{\"@id\":\"https:\/\/vaillancourtea.com\/ici-laval-laurentides\/la-maison-lavande-de-saint-eustache-lendroit-le-plus-instagrammable-de-lannee\/\"},\"author\":{\"name\":\"Chantal Vaillancourt\",\"@id\":\"https:\/\/vaillancourtea.com\/#\/schema\/person\/836f70fcb3e5ac822dbb9b822579c752\"},\"headline\":\"La Maison Lavande de Saint-Eustache &#8211; l&#8217;endroit le plus instagrammable de l&#8217;ann\u00e9e!\",\"datePublished\":\"2021-07-28T00:57:21+00:00\",\"dateModified\":\"2023-12-12T16:37:55+00:00\",\"mainEntityOfPage\":{\"@id\":\"https:\/\/vaillancourtea.com\/ici-laval-laurentides\/la-maison-lavande-de-saint-eustache-lendroit-le-plus-instagrammable-de-lannee\/\"},\"wordCount\":1235,\"publisher\":{\"@id\":\"https:\/\/vaillancourtea.com\/#organization\"},\"image\":{\"@id\":\"https:\/\/vaillancourtea.com\/ici-laval-laurentides\/la-maison-lavande-de-saint-eustache-lendroit-le-plus-instagrammable-de-lannee\/#primaryimage\"},\"thumbnailUrl\":\"https:\/\/vaillancourtea.com\/files\/2021\/07\/Capture-decran-2023-06-13-134738.png\",\"keywords\":[\"agro-tourisme\",\"La Maison Lavande\",\"lavande\",\"saint-eustache\"],\"articleSection\":[\"Commerces\",\"\",\"Plein air\"],\"inLanguage\":\"en-US\"},{\"@type\":\"WebPage\",\"@id\":\"https:\/\/vaillancourtea.com\/ici-laval-laurentides\/la-maison-lavande-de-saint-eustache-lendroit-le-plus-instagrammable-de-lannee\/\",\"url\":\"https:\/\/vaillancourtea.com\/ici-laval-laurentides\/la-maison-lavande-de-saint-eustache-lendroit-le-plus-instagrammable-de-lannee\/\",\"name\":\"La Maison Lavande de Saint-Eustache - l'endroit le plus instagrammable de l'ann\u00e9e! | Vaillancourt et Ass. | Courtier immobilier Laval - Rive-Nord\",\"isPartOf\":{\"@id\":\"https:\/\/vaillancourtea.com\/#website\"},\"primaryImageOfPage\":{\"@id\":\"https:\/\/vaillancourtea.com\/ici-laval-laurentides\/la-maison-lavande-de-saint-eustache-lendroit-le-plus-instagrammable-de-lannee\/#primaryimage\"},\"image\":{\"@id\":\"https:\/\/vaillancourtea.com\/ici-laval-laurentides\/la-maison-lavande-de-saint-eustache-lendroit-le-plus-instagrammable-de-lannee\/#primaryimage\"},\"thumbnailUrl\":\"https:\/\/vaillancourtea.com\/files\/2021\/07\/Capture-decran-2023-06-13-134738.png\",\"datePublished\":\"2021-07-28T00:57:21+00:00\",\"dateModified\":\"2023-12-12T16:37:55+00:00\",\"breadcrumb\":{\"@id\":\"https:\/\/vaillancourtea.com\/ici-laval-laurentides\/la-maison-lavande-de-saint-eustache-lendroit-le-plus-instagrammable-de-lannee\/#breadcrumb\"},\"inLanguage\":\"en-US\",\"potentialAction\":[{\"@type\":\"ReadAction\",\"target\":[\"https:\/\/vaillancourtea.com\/ici-laval-laurentides\/la-maison-lavande-de-saint-eustache-lendroit-le-plus-instagrammable-de-lannee\/\"]}]},{\"@type\":\"ImageObject\",\"inLanguage\":\"en-US\",\"@id\":\"https:\/\/vaillancourtea.com\/ici-laval-laurentides\/la-maison-lavande-de-saint-eustache-lendroit-le-plus-instagrammable-de-lannee\/#primaryimage\",\"url\":\"https:\/\/vaillancourtea.com\/files\/2021\/07\/Capture-decran-2023-06-13-134738.png\",\"contentUrl\":\"https:\/\/vaillancourtea.com\/files\/2021\/07\/Capture-decran-2023-06-13-134738.png\",\"width\":836,\"height\":343},{\"@type\":\"BreadcrumbList\",\"@id\":\"https:\/\/vaillancourtea.com\/ici-laval-laurentides\/la-maison-lavande-de-saint-eustache-lendroit-le-plus-instagrammable-de-lannee\/#breadcrumb\",\"itemListElement\":[{\"@type\":\"ListItem\",\"position\":1,\"name\":\"Accueil\",\"item\":\"https:\/\/vaillancourtea.com\/\"},{\"@type\":\"ListItem\",\"position\":2,\"name\":\"La Maison Lavande de Saint-Eustache &#8211; l&rsquo;endroit le plus instagrammable de l&rsquo;ann\u00e9e!\"}]},{\"@type\":\"WebSite\",\"@id\":\"https:\/\/vaillancourtea.com\/#website\",\"url\":\"https:\/\/vaillancourtea.com\/\",\"name\":\"Vaillancourt et Ass. | Courtier immobilier Laval - Rive-Nord\",\"description\":\"\",\"publisher\":{\"@id\":\"https:\/\/vaillancourtea.com\/#organization\"},\"potentialAction\":[{\"@type\":\"SearchAction\",\"target\":{\"@type\":\"EntryPoint\",\"urlTemplate\":\"https:\/\/vaillancourtea.com\/?s={search_term_string}\"},\"query-input\":{\"@type\":\"PropertyValueSpecification\",\"valueRequired\":true,\"valueName\":\"search_term_string\"}}],\"inLanguage\":\"en-US\"},{\"@type\":\"Organization\",\"@id\":\"https:\/\/vaillancourtea.com\/#organization\",\"name\":\"Chantal Vaillancourt, Courtier immobilier r\u00e9sidentiel\",\"url\":\"https:\/\/vaillancourtea.com\/\",\"logo\":{\"@type\":\"ImageObject\",\"inLanguage\":\"en-US\",\"@id\":\"https:\/\/vaillancourtea.com\/#\/schema\/logo\/image\/\",\"url\":\"https:\/\/vaillancourtea.com\/files\/2018\/11\/RP_Logo.png\",\"contentUrl\":\"https:\/\/vaillancourtea.com\/files\/2018\/11\/RP_Logo.png\",\"width\":168,\"height\":63,\"caption\":\"Chantal Vaillancourt, Courtier immobilier r\u00e9sidentiel\"},\"image\":{\"@id\":\"https:\/\/vaillancourtea.com\/#\/schema\/logo\/image\/\"}},{\"@type\":\"Person\",\"@id\":\"https:\/\/vaillancourtea.com\/#\/schema\/person\/836f70fcb3e5ac822dbb9b822579c752\",\"name\":\"Chantal Vaillancourt\",\"image\":{\"@type\":\"ImageObject\",\"inLanguage\":\"en-US\",\"@id\":\"https:\/\/vaillancourtea.com\/#\/schema\/person\/image\/\",\"url\":\"http:\/\/pvaillancourt.com\/files\/2015\/06\/Chantal-Vaillancourt_avatar_1435006367-96x96.jpg\",\"contentUrl\":\"http:\/\/pvaillancourt.com\/files\/2015\/06\/Chantal-Vaillancourt_avatar_1435006367-96x96.jpg\",\"caption\":\"Chantal Vaillancourt\"},\"description\":\"Chantal is passionate about her neighborhood. She is always looking to discover new hidden treasures in her area and to share them with others.\",\"url\":\"https:\/\/vaillancourtea.com\/en\/author\/chantal\/\"}]}<\/script>\n<!-- \/ Yoast SEO plugin. -->","yoast_head_json":{"title":"La Maison Lavande de Saint-Eustache - l'endroit le plus instagrammable de l'ann\u00e9e! | Vaillancourt et Ass. | Courtier immobilier Laval - Rive-Nord","robots":{"index":"index","follow":"follow","max-snippet":"max-snippet:-1","max-image-preview":"max-image-preview:large","max-video-preview":"max-video-preview:-1"},"canonical":"https:\/\/vaillancourtea.com\/ici-laval-laurentides\/la-maison-lavande-de-saint-eustache-lendroit-le-plus-instagrammable-de-lannee\/","og_locale":"en_US","og_type":"article","og_title":"La Maison Lavande de Saint-Eustache - l'endroit le plus instagrammable de l'ann\u00e9e! | Vaillancourt et Ass. | Courtier immobilier Laval - Rive-Nord","og_description":"Je n&#8217;aime pas trop la lavande. Bon, je n&#8217;aimais pas la lavande. Cela me faisait penser un peu \u00e0 un parfum de grand-m\u00e8re. Mais une journ\u00e9e \u00e0 la Maison Lavande, m&#8217;a fait d\u00e9couvrir cette fleure d&#8217;une autre fa\u00e7on. Voici un peu mon r\u00e9sum\u00e9: La Maison Lavande est une belle entreprise familiale qu\u00e9b\u00e9coise avec plusieurs succursales [&hellip;]","og_url":"https:\/\/vaillancourtea.com\/ici-laval-laurentides\/la-maison-lavande-de-saint-eustache-lendroit-le-plus-instagrammable-de-lannee\/","og_site_name":"Vaillancourt et Ass. | Courtier immobilier Laval - Rive-Nord","article_published_time":"2021-07-28T00:57:21+00:00","article_modified_time":"2023-12-12T16:37:55+00:00","og_image":[{"width":836,"height":343,"url":"https:\/\/vaillancourtea.com\/files\/2021\/07\/Capture-decran-2023-06-13-134738.png","type":"image\/png"}],"author":"Chantal Vaillancourt","twitter_card":"summary_large_image","twitter_misc":{"Written by":"Chantal Vaillancourt","Est. reading time":"5 minutes"},"schema":{"@context":"https:\/\/schema.org","@graph":[{"@type":"Article","@id":"https:\/\/vaillancourtea.com\/ici-laval-laurentides\/la-maison-lavande-de-saint-eustache-lendroit-le-plus-instagrammable-de-lannee\/#article","isPartOf":{"@id":"https:\/\/vaillancourtea.com\/ici-laval-laurentides\/la-maison-lavande-de-saint-eustache-lendroit-le-plus-instagrammable-de-lannee\/"},"author":{"name":"Chantal Vaillancourt","@id":"https:\/\/vaillancourtea.com\/#\/schema\/person\/836f70fcb3e5ac822dbb9b822579c752"},"headline":"La Maison Lavande de Saint-Eustache &#8211; l&#8217;endroit le plus instagrammable de l&#8217;ann\u00e9e!","datePublished":"2021-07-28T00:57:21+00:00","dateModified":"2023-12-12T16:37:55+00:00","mainEntityOfPage":{"@id":"https:\/\/vaillancourtea.com\/ici-laval-laurentides\/la-maison-lavande-de-saint-eustache-lendroit-le-plus-instagrammable-de-lannee\/"},"wordCount":1235,"publisher":{"@id":"https:\/\/vaillancourtea.com\/#organization"},"image":{"@id":"https:\/\/vaillancourtea.com\/ici-laval-laurentides\/la-maison-lavande-de-saint-eustache-lendroit-le-plus-instagrammable-de-lannee\/#primaryimage"},"thumbnailUrl":"https:\/\/vaillancourtea.com\/files\/2021\/07\/Capture-decran-2023-06-13-134738.png","keywords":["agro-tourisme","La Maison Lavande","lavande","saint-eustache"],"articleSection":["Commerces","","Plein air"],"inLanguage":"en-US"},{"@type":"WebPage","@id":"https:\/\/vaillancourtea.com\/ici-laval-laurentides\/la-maison-lavande-de-saint-eustache-lendroit-le-plus-instagrammable-de-lannee\/","url":"https:\/\/vaillancourtea.com\/ici-laval-laurentides\/la-maison-lavande-de-saint-eustache-lendroit-le-plus-instagrammable-de-lannee\/","name":"La Maison Lavande de Saint-Eustache - l'endroit le plus instagrammable de l'ann\u00e9e! | Vaillancourt et Ass. | Courtier immobilier Laval - Rive-Nord","isPartOf":{"@id":"https:\/\/vaillancourtea.com\/#website"},"primaryImageOfPage":{"@id":"https:\/\/vaillancourtea.com\/ici-laval-laurentides\/la-maison-lavande-de-saint-eustache-lendroit-le-plus-instagrammable-de-lannee\/#primaryimage"},"image":{"@id":"https:\/\/vaillancourtea.com\/ici-laval-laurentides\/la-maison-lavande-de-saint-eustache-lendroit-le-plus-instagrammable-de-lannee\/#primaryimage"},"thumbnailUrl":"https:\/\/vaillancourtea.com\/files\/2021\/07\/Capture-decran-2023-06-13-134738.png","datePublished":"2021-07-28T00:57:21+00:00","dateModified":"2023-12-12T16:37:55+00:00","breadcrumb":{"@id":"https:\/\/vaillancourtea.com\/ici-laval-laurentides\/la-maison-lavande-de-saint-eustache-lendroit-le-plus-instagrammable-de-lannee\/#breadcrumb"},"inLanguage":"en-US","potentialAction":[{"@type":"ReadAction","target":["https:\/\/vaillancourtea.com\/ici-laval-laurentides\/la-maison-lavande-de-saint-eustache-lendroit-le-plus-instagrammable-de-lannee\/"]}]},{"@type":"ImageObject","inLanguage":"en-US","@id":"https:\/\/vaillancourtea.com\/ici-laval-laurentides\/la-maison-lavande-de-saint-eustache-lendroit-le-plus-instagrammable-de-lannee\/#primaryimage","url":"https:\/\/vaillancourtea.com\/files\/2021\/07\/Capture-decran-2023-06-13-134738.png","contentUrl":"https:\/\/vaillancourtea.com\/files\/2021\/07\/Capture-decran-2023-06-13-134738.png","width":836,"height":343},{"@type":"BreadcrumbList","@id":"https:\/\/vaillancourtea.com\/ici-laval-laurentides\/la-maison-lavande-de-saint-eustache-lendroit-le-plus-instagrammable-de-lannee\/#breadcrumb","itemListElement":[{"@type":"ListItem","position":1,"name":"Accueil","item":"https:\/\/vaillancourtea.com\/"},{"@type":"ListItem","position":2,"name":"La Maison Lavande de Saint-Eustache &#8211; l&rsquo;endroit le plus instagrammable de l&rsquo;ann\u00e9e!"}]},{"@type":"WebSite","@id":"https:\/\/vaillancourtea.com\/#website","url":"https:\/\/vaillancourtea.com\/","name":"Vaillancourt et Ass. | Courtier immobilier Laval - Rive-Nord","description":"","publisher":{"@id":"https:\/\/vaillancourtea.com\/#organization"},"potentialAction":[{"@type":"SearchAction","target":{"@type":"EntryPoint","urlTemplate":"https:\/\/vaillancourtea.com\/?s={search_term_string}"},"query-input":{"@type":"PropertyValueSpecification","valueRequired":true,"valueName":"search_term_string"}}],"inLanguage":"en-US"},{"@type":"Organization","@id":"https:\/\/vaillancourtea.com\/#organization","name":"Chantal Vaillancourt, Courtier immobilier r\u00e9sidentiel","url":"https:\/\/vaillancourtea.com\/","logo":{"@type":"ImageObject","inLanguage":"en-US","@id":"https:\/\/vaillancourtea.com\/#\/schema\/logo\/image\/","url":"https:\/\/vaillancourtea.com\/files\/2018\/11\/RP_Logo.png","contentUrl":"https:\/\/vaillancourtea.com\/files\/2018\/11\/RP_Logo.png","width":168,"height":63,"caption":"Chantal Vaillancourt, Courtier immobilier r\u00e9sidentiel"},"image":{"@id":"https:\/\/vaillancourtea.com\/#\/schema\/logo\/image\/"}},{"@type":"Person","@id":"https:\/\/vaillancourtea.com\/#\/schema\/person\/836f70fcb3e5ac822dbb9b822579c752","name":"Chantal Vaillancourt","image":{"@type":"ImageObject","inLanguage":"en-US","@id":"https:\/\/vaillancourtea.com\/#\/schema\/person\/image\/","url":"http:\/\/pvaillancourt.com\/files\/2015\/06\/Chantal-Vaillancourt_avatar_1435006367-96x96.jpg","contentUrl":"http:\/\/pvaillancourt.com\/files\/2015\/06\/Chantal-Vaillancourt_avatar_1435006367-96x96.jpg","caption":"Chantal Vaillancourt"},"description":"Chantal is passionate about her neighborhood. She is always looking to discover new hidden treasures in her area and to share them with others.","url":"https:\/\/vaillancourtea.com\/en\/author\/chantal\/"}]}},"_links":{"self":[{"href":"https:\/\/vaillancourtea.com\/en\/wp-json\/wp\/v2\/posts\/4568","targetHints":{"allow":["GET"]}}],"collection":[{"href":"https:\/\/vaillancourtea.com\/en\/wp-json\/wp\/v2\/posts"}],"about":[{"href":"https:\/\/vaillancourtea.com\/en\/wp-json\/wp\/v2\/types\/post"}],"author":[{"embeddable":true,"href":"https:\/\/vaillancourtea.com\/en\/wp-json\/wp\/v2\/users\/1091"}],"replies":[{"embeddable":true,"href":"https:\/\/vaillancourtea.com\/en\/wp-json\/wp\/v2\/comments?post=4568"}],"version-history":[{"count":2,"href":"https:\/\/vaillancourtea.com\/en\/wp-json\/wp\/v2\/posts\/4568\/revisions"}],"predecessor-version":[{"id":6740,"href":"https:\/\/vaillancourtea.com\/en\/wp-json\/wp\/v2\/posts\/4568\/revisions\/6740"}],"wp:featuredmedia":[{"embeddable":true,"href":"https:\/\/vaillancourtea.com\/en\/wp-json\/wp\/v2\/media\/6739"}],"wp:attachment":[{"href":"https:\/\/vaillancourtea.com\/en\/wp-json\/wp\/v2\/media?parent=4568"}],"wp:term":[{"taxonomy":"category","embeddable":true,"href":"https:\/\/vaillancourtea.com\/en\/wp-json\/wp\/v2\/categories?post=4568"},{"taxonomy":"post_tag","embeddable":true,"href":"https:\/\/vaillancourtea.com\/en\/wp-json\/wp\/v2\/tags?post=4568"}],"curies":[{"name":"wp","href":"https:\/\/api.w.org\/{rel}","templated":true}]}}