{"id":4566,"date":"2024-09-23T08:00:56","date_gmt":"2024-09-23T12:00:56","guid":{"rendered":"http:\/\/icilavallaurentides.com\/?p=121"},"modified":"2024-10-15T09:34:14","modified_gmt":"2024-10-15T13:34:14","slug":"mes-7-sentiers-pedestres-preferes-dans-louest-de-laval-2","status":"publish","type":"post","link":"https:\/\/vaillancourtea.com\/en\/ici-laval-laurentides\/mes-7-sentiers-pedestres-preferes-dans-louest-de-laval-2\/","title":{"rendered":"Mes 7 sentiers p\u00e9destres pr\u00e9f\u00e9r\u00e9s dans l\u2019ouest de Laval"},"content":{"rendered":"<p>Selon le site de la Fondation David Suzuki, les \u00e9tudes scientifiques le prouvent : se mettre au vert, \u00e7a fait du bien au moral et \u00e0 la sant\u00e9.<\/p>\r\n\r\n\r\n\r\n<p>\u2022 2 minutes dehors = moins de tensions musculaires<\/p>\r\n\r\n\r\n\r\n<p>\u2022 2 heures par jour dans la nature = + 20% de m\u00e9moire et de concentration<\/p>\r\n\r\n\r\n\r\n<p>\u2022 2 jours cons\u00e9cutifs au plein air = + 50% globules blancs anti-canc\u00e9reux.<img loading=\"lazy\" decoding=\"async\" src=\"https:\/\/vaillancourtea.com\/files\/2015\/07\/hiking.jpg\" alt=\"marche laval\" width=\"899\" height=\"506\"><\/p>\r\n\r\n\r\n\r\n<p id=\"caption-attachment-3663\">(Me voici sur le sentier national dans le coin de Labelle)<\/p>\r\n\r\n\r\n\r\n<p>\u00c9tant une fille de campagne, je dois me ressourcer souvent en nature. C\u2019est pourquoi j\u2019ai pass\u00e9 les 15 derni\u00e8res ann\u00e9es \u00e0 explorer l\u2019ouest de Laval et j\u2019aimerais maintenant partager mes d\u00e9couvertes p\u00e9destres avec vous.<\/p>\r\n\r\n\r\n\r\n<p>Et \u00e0&nbsp;Laval, qui dit bois\u00e9, dit sentiers p\u00e9destres. C\u2019est merveilleux, non?<\/p>\r\n\r\n\r\n\r\n<p>Alors voici quelques options pour passer du temps en nature dans votre quartier, \u00e0 vous de les explorer maintenant :<\/p>\r\n\r\n\r\n\r\n<h1 class=\"wp-block-heading\">1. Bois de la source, Fabreville<\/h1>\r\n\r\n\r\n\r\n<div class=\"wp-block-image\"><figure class=\"aligncenter\"><a href=\"https:\/\/vaillancourtea.com\/files\/2015\/07\/Fabreville.jpg\"><img loading=\"lazy\" decoding=\"async\" width=\"647\" height=\"332\" src=\"https:\/\/vaillancourtea.com\/files\/2015\/07\/Fabreville.jpg\" alt=\"Bois de La Source\" class=\"wp-image-715\" srcset=\"https:\/\/vaillancourtea.com\/files\/2015\/07\/Fabreville.jpg 647w, https:\/\/vaillancourtea.com\/files\/2015\/07\/Fabreville-300x154.jpg 300w\" sizes=\"auto, (max-width: 647px) 100vw, 647px\" \/><\/a><\/figure><\/div>\r\n\r\n\r\n\r\n<div class=\"wp-block-image\"><figure class=\"aligncenter\"><a href=\"https:\/\/vaillancourtea.com\/files\/2015\/07\/Fabreville2.jpg\"><img loading=\"lazy\" decoding=\"async\" width=\"1121\" height=\"561\" src=\"https:\/\/vaillancourtea.com\/files\/2015\/07\/Fabreville2.jpg\" alt=\"Fabreville2\" class=\"wp-image-716\" srcset=\"https:\/\/vaillancourtea.com\/files\/2015\/07\/Fabreville2.jpg 1121w, https:\/\/vaillancourtea.com\/files\/2015\/07\/Fabreville2-300x150.jpg 300w, https:\/\/vaillancourtea.com\/files\/2015\/07\/Fabreville2-1024x512.jpg 1024w\" sizes=\"auto, (max-width: 1121px) 100vw, 1121px\" \/><\/a><\/figure><\/div>\r\n\r\n\r\n\r\n<p><strong>Distance :<\/strong>&nbsp;1-3 KM.&nbsp;<strong>Achalandage :<\/strong>&nbsp;Moyen. Vous croiserez surement quelques personnes.&nbsp;<strong>Beaut\u00e9 :<\/strong>&nbsp;4* en \u00e9t\u00e9, (moins sp\u00e9cial en hiver, car on voit un peu les habitations)<\/p>\r\n\r\n\r\n\r\n<div class=\"wp-block-image\"><figure class=\"aligncenter is-resized\"><img decoding=\"async\" src=\"https:\/\/vaillancourtea.com\/files\/2015\/07\/IMG_20201018_143133_585-e1603379653817.jpg\" alt=\"\" class=\"wp-image-3937\" width=\"300\" \/><figcaption>330030030<\/figcaption><\/figure><\/div>\r\n\r\n\r\n\r\n<p>Le Bois de la Source est l&#8217;un des 7 bois\u00e9s \u00ab officiels \u00bb prot\u00e9g\u00e9s de la Ville de Laval. De loin mon bois pr\u00e9f\u00e9r\u00e9, car je peux marcher sur la plus longue distance, sans rebrousser chemin. Le terrain est mixte : la partie ouest contient des sentiers larges et plats. La section \u00e0 l\u2019est est un peu plus sinueuse et escarp\u00e9e tout en restant tr\u00e8s accessible. Parfait pour de la course de type \u00ab trailrunning \u00bb ou du v\u00e9lo de montagne. Attention aux moustiques les journ\u00e9es humides dans la partie est, o\u00f9 il y a plus d\u2019accumulation d\u2019eau. &nbsp;&nbsp;&nbsp;&nbsp;&nbsp;<\/p>\r\n\r\n\r\n\r\n<h1 class=\"wp-block-heading\">2. L&#8217;Or\u00e9e-des-Bois, Fabreville<\/h1>\r\n\r\n\r\n\r\n<div class=\"wp-block-image\"><figure class=\"aligncenter\"><a href=\"https:\/\/vaillancourtea.com\/files\/2015\/07\/oreedesbois.png\"><img loading=\"lazy\" decoding=\"async\" width=\"425\" height=\"819\" src=\"https:\/\/vaillancourtea.com\/files\/2015\/07\/oreedesbois.png\" alt=\"oreedesbois\" class=\"wp-image-740\" srcset=\"https:\/\/vaillancourtea.com\/files\/2015\/07\/oreedesbois.png 425w, https:\/\/vaillancourtea.com\/files\/2015\/07\/oreedesbois-156x300.png 156w\" sizes=\"auto, (max-width: 425px) 100vw, 425px\" \/><\/a><\/figure><\/div>\r\n\r\n\r\n\r\n<p><strong>Distance :<\/strong>&nbsp;1,5 KM.&nbsp;<strong>Achalandage :<\/strong>&nbsp;Moyen.&nbsp;<strong>Beaut\u00e9 :<\/strong>&nbsp;5*<\/p>\r\n\r\n\r\n\r\n<p>De loin le sentier le plus \u00ab magique \u00bb \u00e0 l\u2019ouest de la 13 \u00e0 Laval. Prot\u00e9g\u00e9 et class\u00e9 parmi les 7 bois de Laval, le bois\u00e9 de l&#8217;Or\u00e9e-des-Bois est une destination tranquille bord\u00e9e par la rivi\u00e8re des Mille \u00celes. Unique dans cette liste, car elle contient plusieurs panneaux d&#8217;interpr\u00e9tations pour favoriser la d\u00e9couverte de la faune et de la flore qui s\u2019y trouve.<\/p>\r\n\r\n\r\n\r\n<p>En famille? T\u00e9l\u00e9chargez l\u2019un des 4 questionnaires \u00e9ducatifs ici-bas que vous compl\u00e9ter \u00e0 l\u2019aide des panneaux d\u2019interpr\u00e9tations install\u00e9s tout au long des sentiers. Un questionnaire diff\u00e9rent est disponible pour chacune des saisons.<\/p>\r\n\r\n\r\n\r\n<p><a href=\"http:\/\/www.laval.ca\/Documents\/Pages\/Fr\/Activites\/parcs-et-berges\/rallye-ecocitoyen-oree-bois-printemps.pdf\" target=\"_blank\" rel=\"noreferrer noopener\">Questionnaire du Rallye de l&#8217;\u00e9cocitoyen &#8211; \u00c9dition printani\u00e8re<\/a>, 2,7&nbsp;Mo<\/p>\r\n\r\n\r\n\r\n<p><a href=\"http:\/\/www.laval.ca\/Documents\/Pages\/Fr\/Activites\/parcs-et-berges\/rallye-ecocitoyen-oree-bois-ete.pdf\" target=\"_blank\" rel=\"noreferrer noopener\">Questionnaire du Rallye de l&#8217;\u00e9cocitoyen &#8211; \u00c9dition estivale<\/a>, 3,6&nbsp;Mo<\/p>\r\n\r\n\r\n\r\n<p><a href=\"http:\/\/www.laval.ca\/Documents\/Pages\/Fr\/Activites\/parcs-et-berges\/rallye-ecocitoyen-oree-bois-automne.pdf\" target=\"_blank\" rel=\"noreferrer noopener\">Questionnaire du Rallye de l&#8217;\u00e9cocitoyen &#8211; \u00c9dition automnale<\/a>,&nbsp;3,5&nbsp;Mo<\/p>\r\n\r\n\r\n\r\n<p><a href=\"http:\/\/www.laval.ca\/Documents\/Pages\/Fr\/Activites\/parcs-et-berges\/rallye-ecocitoyen-oree-bois-hiver.pdf\" target=\"_blank\" rel=\"noreferrer noopener\">Questionnaire du Rallye de l&#8217;\u00e9cocitoyen &#8211; \u00c9dition hivernale<\/a>, 3,8&nbsp;Mo<\/p>\r\n\r\n\r\n\r\n<div class=\"wp-block-image\"><figure class=\"aligncenter\"><a href=\"https:\/\/vaillancourtea.com\/files\/2015\/07\/oreedesbois2.jpg\"><img loading=\"lazy\" decoding=\"async\" width=\"636\" height=\"483\" src=\"https:\/\/vaillancourtea.com\/files\/2015\/07\/oreedesbois2.jpg\" alt=\"oreedesbois2\" class=\"wp-image-1201\" srcset=\"https:\/\/vaillancourtea.com\/files\/2015\/07\/oreedesbois2.jpg 636w, https:\/\/vaillancourtea.com\/files\/2015\/07\/oreedesbois2-300x228.jpg 300w\" sizes=\"auto, (max-width: 636px) 100vw, 636px\" \/><\/a><\/figure><\/div>\r\n\r\n\r\n\r\n<h1 class=\"wp-block-heading\">3. Le bord de l\u2019eau, Laval-Ouest<\/h1>\r\n\r\n\r\n\r\n<div class=\"wp-block-image\"><figure class=\"aligncenter\"><a href=\"https:\/\/vaillancourtea.com\/files\/2015\/07\/BordDeLEau.jpg\"><img loading=\"lazy\" decoding=\"async\" width=\"480\" height=\"587\" src=\"https:\/\/vaillancourtea.com\/files\/2015\/07\/BordDeLEau.jpg\" alt=\"BordDeLEau\" class=\"wp-image-702\" srcset=\"https:\/\/vaillancourtea.com\/files\/2015\/07\/BordDeLEau.jpg 480w, https:\/\/vaillancourtea.com\/files\/2015\/07\/BordDeLEau-245x300.jpg 245w\" sizes=\"auto, (max-width: 480px) 100vw, 480px\" \/><\/a><\/figure><\/div>\r\n\r\n\r\n\r\n<div class=\"wp-block-image\"><figure class=\"aligncenter\"><img loading=\"lazy\" decoding=\"async\" width=\"1012\" height=\"362\" src=\"https:\/\/vaillancourtea.com\/files\/2015\/07\/plagelaval.png\" alt=\"\" class=\"wp-image-3942\" srcset=\"https:\/\/vaillancourtea.com\/files\/2015\/07\/plagelaval.png 1012w, https:\/\/vaillancourtea.com\/files\/2015\/07\/plagelaval-300x107.png 300w, https:\/\/vaillancourtea.com\/files\/2015\/07\/plagelaval-768x275.png 768w\" sizes=\"auto, (max-width: 1012px) 100vw, 1012px\" \/><\/figure><\/div>\r\n\r\n\r\n\r\n<p><strong>Distance :<\/strong>&nbsp;1-8 KM.&nbsp;<strong>Achalandage :<\/strong>&nbsp;Passant \u00e0 certaines heures, surtout le c\u00f4t\u00e9 de Laval-Ouest&nbsp;<strong>Beaut\u00e9<\/strong>&nbsp;: 5*<\/p>\r\n\r\n\r\n\r\n<p>Si vous habitez \u00e0 Laval-Ouest, vous connaissez surement l\u2019aisance avec laquelle il est possible de marcher sur la rive de la rivi\u00e8re des Mille-\u00celes. Notre circuit de longue-distance pr\u00e9f\u00e9rer (autant pour la marche, la course ou le v\u00e9lo), traverse trois villes en une : Laval, Deux-Montagnes, St-Eustache. Le circuit passant par le barrage jusqu\u2019au pont d\u2019Arthur-Sauv\u00e9, vous fera parcourir environ 8KM. Calculez donc une bonne heure et demie pour faire le circuit. Vous serez enchant\u00e9 autant par une rive que l\u2019autre. Partez de n\u2019importe o\u00f9!<\/p>\r\n\r\n\r\n\r\n<h1 class=\"wp-block-heading\"><img loading=\"lazy\" decoding=\"async\" src=\"https:\/\/vaillancourtea.com\/files\/2015\/07\/20201004_150939.jpg\" alt=\"\" width=\"2944\" height=\"2208\"><\/h1>\r\n\r\n\r\n\r\n<h1 class=\"wp-block-heading\">4. Le \u00ab champ \u00bb, Laval-Ouest<\/h1>\r\n\r\n\r\n\r\n<div class=\"wp-block-image\"><figure class=\"aligncenter\"><a href=\"https:\/\/vaillancourtea.com\/files\/2015\/07\/LavalOuest.png\"><img loading=\"lazy\" decoding=\"async\" width=\"300\" height=\"165\" src=\"https:\/\/vaillancourtea.com\/files\/2015\/07\/LavalOuest-300x165.png\" alt=\"LavalOuest\" class=\"wp-image-718\" srcset=\"https:\/\/vaillancourtea.com\/files\/2015\/07\/LavalOuest-300x165.png 300w, https:\/\/vaillancourtea.com\/files\/2015\/07\/LavalOuest.png 695w\" sizes=\"auto, (max-width: 300px) 100vw, 300px\" \/><\/a><\/figure><\/div>\r\n\r\n\r\n\r\n<div class=\"wp-block-image\"><figure class=\"aligncenter\"><a href=\"https:\/\/vaillancourtea.com\/files\/2015\/07\/Laval-Ouest1.jpg\"><img loading=\"lazy\" decoding=\"async\" width=\"300\" height=\"128\" src=\"https:\/\/vaillancourtea.com\/files\/2015\/07\/Laval-Ouest1-300x128.jpg\" alt=\"Laval-Ouest1\" class=\"wp-image-719\" srcset=\"https:\/\/vaillancourtea.com\/files\/2015\/07\/Laval-Ouest1-300x128.jpg 300w, https:\/\/vaillancourtea.com\/files\/2015\/07\/Laval-Ouest1.jpg 762w\" sizes=\"auto, (max-width: 300px) 100vw, 300px\" \/><\/a><\/figure><\/div>\r\n\r\n\r\n\r\n<p><strong>Distance :<\/strong>&nbsp;1-3 KM.&nbsp;<strong>Achalandage :<\/strong>&nbsp;Peu passant.&nbsp;<strong>Beaut\u00e9<\/strong>&nbsp;: 3*<\/p>\r\n\r\n\r\n\r\n<p>Puisque ce bois\u00e9 n\u2019a pas de nom officiel, nous nous y r\u00e9f\u00e9rons habituellement en l\u2019appelant tout simplement \u00ab le champ \u00bb. Situ\u00e9 \u00e0 l\u2019est du Parc Laval-Ouest et au nord du Rang Saint-Antoine, ce grand espace vert ne sera peut-\u00eatre pas ici pour bien longtemps, car il est en grande partie sur des terrains priv\u00e9s. <\/p>\r\n\r\n\r\n\r\n<figure class=\"wp-block-image size-large\"><img decoding=\"async\" src=\"http:\/\/icilavallaurentides.com\/wp-content\/uploads\/2021\/01\/20200526_102436-1024x768.jpg\" alt=\"\" class=\"wp-image-122\" \/><\/figure>\r\n\r\n\r\n\r\n<p>Vous y trouverez des sentiers bois\u00e9s dans la partie ouest. Traversez la petite rivi\u00e8re sur un pont douteux, prenez les pistes bois\u00e9s jusqu\u2019au champ ouvert. Ne soyez pas surpris d\u2019y trouver des motocross en \u00e9t\u00e9 et des skidoos en hiver. Nous y avons \u00e9galement aper\u00e7u une tortue, des li\u00e8vres et des oiseaux de toutes sortes. Quand les motoris\u00e9s sont absents, cet endroit est vraiment un endroit calme et serein et parfait pour une promenade en\u00a0\u00e9t\u00e9 comme en hiver.<\/p>\r\n\r\n\r\n\r\n<h1 class=\"wp-block-heading\">5. Le Bois Sainte-Doroth\u00e9e<\/h1>\r\n\r\n\r\n\r\n<p><strong>Distance :<\/strong>\u00a06 km de sentiers hivernaux entretenus<\/p>\r\n\r\n\r\n\r\n<p>Le bois de Sainte-Doroth\u00e9e est l&#8217;une des 3 plus importantes zones bois\u00e9es de Laval et class\u00e9es parmi les 7 bois \u00ab officiels \u00bb de la Ville de Laval. Une portion de ce bois est de propri\u00e9t\u00e9 publique et, l\u2019hiver, accueille les raquetteurs sur un r\u00e9seau de sentiers qui cheminent \u00e0 travers des espaces sauvages. C\u2019est dans ce bois\u00e9 que vous risquez le plus d\u2019observer de la faune (le renard, l&#8217;hermine et le cerf de Virginie) en plus de 44 esp\u00e8ces d\u2019arbres. Excellent pour faire de la raquette en hiver et observer les oiseaux en \u00e9t\u00e9. Mais attention aux moustiques! Les milieux humides de cette for\u00eat contribuent \u00e0 une faune et flore int\u00e9ressante, mais aident \u00e0 la prolif\u00e9ration de nos amis les maringouins. Armez-vous!<\/p>\r\n\r\n\r\n\r\n<figure class=\"wp-block-image\"><img decoding=\"async\" src=\"https:\/\/www.reseaucanopee.org\/images\/client\/originals\/Carte_Sentiers_Ste-Dorothee_NouveauStationnement.png\" alt=\"Carte_BoisSt-Do_2020\" \/><\/figure>\r\n\r\n\r\n\r\n<p>Pour plus de d\u00e9tail sur cette for\u00eat, visitez le site web de Canop\u00e9e :\u00a0<a href=\"http:\/\/www.boisesaintedorothee.org\/\">Le Bois\u00e9 Sainte-Doroth\u00e9e<\/a><\/p>\r\n\r\n\r\n\r\n<h2 class=\"wp-block-heading\">&nbsp;<a href=\"https:\/\/vaillancourtea.com\/files\/2015\/07\/Ste-Do2.jpg\"><\/a><\/h2>\r\n\r\n\r\n\r\n<h2 class=\"wp-block-heading\">Le bois Sainte-Doroth\u00e9e (partie non officielle)<\/h2>\r\n\r\n\r\n\r\n<p>Je pr\u00e9f\u00e8re passer le long des champs de culture qui longe le boulevard Principale et qui passe \u00e0 l\u2019ouest de l\u2019ancien terrain de camping \u00ab Parc Mont Laval \u00bb et des nouvelles tours de condo \u00ab Domaine Mont-Laval \u00bb du Groupe Charplexe. Ces sentiers ne font pas partie de la section \u00ab officielle \u00bb des bois de la ville de Laval, car ils sont principalement sur des terrains priv\u00e9s, donc ne contiennent pas de panneaux de direction ou d\u2019interpr\u00e9tation, mais reste tr\u00e8s int\u00e9ressant \u00e0 explorer. Vous y trouverez un m\u00e9lange de sections bois\u00e9es et d\u2019autres plut\u00f4t ouvert. Moins de moustiques que la partie officielle \u00e0 l\u2019est, mais pr\u00e9parez-vous a en rencontrer quand m\u00eame. Humides apr\u00e8s de grosse pluie et au printemps.<\/p>\r\n\r\n\r\n\r\n<div class=\"wp-block-image\"><figure class=\"aligncenter\"><a href=\"https:\/\/vaillancourtea.com\/files\/2015\/07\/stdo2.jpg\"><img loading=\"lazy\" decoding=\"async\" width=\"300\" height=\"165\" src=\"https:\/\/vaillancourtea.com\/files\/2015\/07\/stdo2-300x165.jpg\" alt=\"stdo2\" class=\"wp-image-732\" srcset=\"https:\/\/vaillancourtea.com\/files\/2015\/07\/stdo2-300x165.jpg 300w, https:\/\/vaillancourtea.com\/files\/2015\/07\/stdo2.jpg 531w\" sizes=\"auto, (max-width: 300px) 100vw, 300px\" \/><\/a><\/figure><\/div>\r\n\r\n\r\n\r\n<div class=\"wp-block-image\"><figure class=\"aligncenter\"><a href=\"https:\/\/vaillancourtea.com\/files\/2015\/07\/Stedo3.jpg\"><img loading=\"lazy\" decoding=\"async\" width=\"635\" height=\"245\" src=\"https:\/\/vaillancourtea.com\/files\/2015\/07\/Stedo3.jpg\" alt=\"Stedo3\" class=\"wp-image-1210\" srcset=\"https:\/\/vaillancourtea.com\/files\/2015\/07\/Stedo3.jpg 635w, https:\/\/vaillancourtea.com\/files\/2015\/07\/Stedo3-300x116.jpg 300w\" sizes=\"auto, (max-width: 635px) 100vw, 635px\" \/><\/a><\/figure><\/div>\r\n\r\n\r\n\r\n<h1 class=\"wp-block-heading\">6. Le long du ruisseau Papineau, Sainte-Doroth\u00e9e<\/h1>\r\n\r\n\r\n\r\n<div class=\"wp-block-image\"><figure class=\"aligncenter\"><img loading=\"lazy\" decoding=\"async\" width=\"855\" height=\"665\" src=\"https:\/\/vaillancourtea.com\/files\/2015\/07\/Papineau1.png\" alt=\"Papineau\" class=\"wp-image-794\" srcset=\"https:\/\/vaillancourtea.com\/files\/2015\/07\/Papineau1.png 855w, https:\/\/vaillancourtea.com\/files\/2015\/07\/Papineau1-300x233.png 300w\" sizes=\"auto, (max-width: 855px) 100vw, 855px\" \/><\/figure><\/div>\r\n\r\n\r\n\r\n<p><strong>Distance :<\/strong>&nbsp;3 KM (aller-retour).&nbsp;<strong>Achalandage :<\/strong>&nbsp;Peu passant.&nbsp;<strong>Beaut\u00e9 :<\/strong>&nbsp;3 1\/2*<\/p>\r\n\r\n\r\n\r\n<p>Toute nouvelle d\u00e9couverte pour moi, j&#8217;ai surtout appr\u00e9ci\u00e9 cette route en v\u00e9lo, car le chemin est en grande partie \u00e9troit. On y croise plusieurs parcs r\u00e9cr\u00e9atifs. Situ\u00e9&nbsp;au c\u0153ur de Sainte-Doroth\u00e9e, ce sentier est une belle petite escapade en nature sans avoir \u00e0 se d\u00e9placer trop loin! &nbsp;Tr\u00e8s agr\u00e9able de crois\u00e9 et longer le ruisseau Papineau.<\/p>\r\n\r\n\r\n\r\n<div class=\"wp-block-image\"><figure class=\"aligncenter\"><a href=\"https:\/\/vaillancourtea.com\/files\/2015\/07\/ruisseauPapineau.jpg\"><img loading=\"lazy\" decoding=\"async\" width=\"640\" height=\"497\" src=\"https:\/\/vaillancourtea.com\/files\/2015\/07\/ruisseauPapineau.jpg\" alt=\"ruisseauPapineau\" class=\"wp-image-1211\" srcset=\"https:\/\/vaillancourtea.com\/files\/2015\/07\/ruisseauPapineau.jpg 640w, https:\/\/vaillancourtea.com\/files\/2015\/07\/ruisseauPapineau-300x233.jpg 300w\" sizes=\"auto, (max-width: 640px) 100vw, 640px\" \/><\/a><\/figure><\/div>\r\n\r\n\r\n\r\n<h1 class=\"wp-block-heading\">7. Le long d&#8217;Avenue des bois, Sainte-Doroth\u00e9e<\/h1>\r\n\r\n\r\n\r\n<p>(Mise \u00e0 jour 2020- Cette partie est sous travaux importants)<\/p>\r\n\r\n\r\n\r\n<div class=\"wp-block-image\"><figure class=\"aligncenter\"><a href=\"https:\/\/vaillancourtea.com\/files\/2015\/07\/AvenueDesBois.png\"><img loading=\"lazy\" decoding=\"async\" width=\"218\" height=\"395\" src=\"https:\/\/vaillancourtea.com\/files\/2015\/07\/AvenueDesBois.png\" alt=\"AvenueDesBois\" class=\"wp-image-1213\" srcset=\"https:\/\/vaillancourtea.com\/files\/2015\/07\/AvenueDesBois.png 218w, https:\/\/vaillancourtea.com\/files\/2015\/07\/AvenueDesBois-166x300.png 166w\" sizes=\"auto, (max-width: 218px) 100vw, 218px\" \/><\/a><\/figure><\/div>\r\n\r\n\r\n\r\n<p><strong>Distance :<\/strong>&nbsp;4 KM (aller-retour).&nbsp;<strong>Achalandage :<\/strong>&nbsp;Moyen&nbsp;<strong>Beaut\u00e9 :<\/strong>&nbsp;3 1\/2*<\/p>\r\n\r\n\r\n\r\n<p>Depuis que je fais beaucoup de course \u00e0 pied, j&#8217;ai red\u00e9couvert ce sentier. Le sentier officiel (\u00e0 droite sur la carte) est tr\u00e8s bien am\u00e9nag\u00e9 autant pour la marche que pour le v\u00e9lo. Regardez sur la carte et vous verrez qu&#8217;il y a \u00e9galement un sentier &#8220;cach\u00e9&#8221;(\u00e0 la gauche sur la carte) que je trouve beaucoup plus int\u00e9ressant, quoique plus sinueux et accident\u00e9. Le sentier officiel perd quelques points, car nous entendons et voyons Avenue des Bois sur une grande partie du sentier.<\/p>\r\n\r\n\r\n\r\n<p>Et vous, quel est VOTRE endroit pr\u00e9f\u00e9r\u00e9?<\/p>","protected":false},"excerpt":{"rendered":"<p>Sorry, this entry is only available in Fran\u00e7ais.<\/p>\n","protected":false},"author":1091,"featured_media":0,"comment_status":"open","ping_status":"open","sticky":false,"template":"","format":"standard","meta":{"_acf_changed":false,"footnotes":""},"categories":[174,175],"tags":[],"class_list":["post-4566","post","type-post","status-publish","format-standard","hentry","category-ici-laval-laurentides","category-plein-air"],"acf":[],"yoast_head":"<!-- This site is optimized with the Yoast SEO plugin v26.7 - https:\/\/yoast.com\/wordpress\/plugins\/seo\/ -->\n<title>Mes 7 sentiers p\u00e9destres pr\u00e9f\u00e9r\u00e9s dans l\u2019ouest de Laval | Vaillancourt et Ass. | Courtier immobilier Laval - Rive-Nord<\/title>\n<meta name=\"robots\" content=\"index, follow, max-snippet:-1, max-image-preview:large, max-video-preview:-1\" \/>\n<link rel=\"canonical\" href=\"https:\/\/vaillancourtea.com\/ici-laval-laurentides\/mes-7-sentiers-pedestres-preferes-dans-louest-de-laval-2\/\" \/>\n<meta property=\"og:locale\" content=\"en_US\" \/>\n<meta property=\"og:type\" content=\"article\" \/>\n<meta property=\"og:title\" content=\"Mes 7 sentiers p\u00e9destres pr\u00e9f\u00e9r\u00e9s dans l\u2019ouest de Laval | Vaillancourt et Ass. | Courtier immobilier Laval - Rive-Nord\" \/>\n<meta property=\"og:description\" content=\"Sorry, this entry is only available in Fran\u00e7ais.\" \/>\n<meta property=\"og:url\" content=\"https:\/\/vaillancourtea.com\/ici-laval-laurentides\/mes-7-sentiers-pedestres-preferes-dans-louest-de-laval-2\/\" \/>\n<meta property=\"og:site_name\" content=\"Vaillancourt et Ass. | Courtier immobilier Laval - Rive-Nord\" \/>\n<meta property=\"article:published_time\" content=\"2024-09-23T12:00:56+00:00\" \/>\n<meta property=\"article:modified_time\" content=\"2024-10-15T13:34:14+00:00\" \/>\n<meta property=\"og:image\" content=\"https:\/\/vaillancourtea.com\/files\/2015\/07\/hiking.jpg\" \/>\n<meta name=\"author\" content=\"Chantal Vaillancourt\" \/>\n<meta name=\"twitter:card\" content=\"summary_large_image\" \/>\n<meta name=\"twitter:label1\" content=\"Written by\" \/>\n\t<meta name=\"twitter:data1\" content=\"Chantal Vaillancourt\" \/>\n\t<meta name=\"twitter:label2\" content=\"Est. reading time\" \/>\n\t<meta name=\"twitter:data2\" content=\"9 minutes\" \/>\n<script type=\"application\/ld+json\" class=\"yoast-schema-graph\">{\"@context\":\"https:\/\/schema.org\",\"@graph\":[{\"@type\":\"Article\",\"@id\":\"https:\/\/vaillancourtea.com\/ici-laval-laurentides\/mes-7-sentiers-pedestres-preferes-dans-louest-de-laval-2\/#article\",\"isPartOf\":{\"@id\":\"https:\/\/vaillancourtea.com\/ici-laval-laurentides\/mes-7-sentiers-pedestres-preferes-dans-louest-de-laval-2\/\"},\"author\":{\"name\":\"Chantal Vaillancourt\",\"@id\":\"https:\/\/vaillancourtea.com\/#\/schema\/person\/836f70fcb3e5ac822dbb9b822579c752\"},\"headline\":\"Mes 7 sentiers p\u00e9destres pr\u00e9f\u00e9r\u00e9s dans l\u2019ouest de Laval\",\"datePublished\":\"2024-09-23T12:00:56+00:00\",\"dateModified\":\"2024-10-15T13:34:14+00:00\",\"mainEntityOfPage\":{\"@id\":\"https:\/\/vaillancourtea.com\/ici-laval-laurentides\/mes-7-sentiers-pedestres-preferes-dans-louest-de-laval-2\/\"},\"wordCount\":2410,\"commentCount\":0,\"publisher\":{\"@id\":\"https:\/\/vaillancourtea.com\/#organization\"},\"image\":{\"@id\":\"https:\/\/vaillancourtea.com\/ici-laval-laurentides\/mes-7-sentiers-pedestres-preferes-dans-louest-de-laval-2\/#primaryimage\"},\"thumbnailUrl\":\"https:\/\/vaillancourtea.com\/files\/2015\/07\/hiking.jpg\",\"articleSection\":[\"\",\"Plein air\"],\"inLanguage\":\"en-US\",\"potentialAction\":[{\"@type\":\"CommentAction\",\"name\":\"Comment\",\"target\":[\"https:\/\/vaillancourtea.com\/ici-laval-laurentides\/mes-7-sentiers-pedestres-preferes-dans-louest-de-laval-2\/#respond\"]}]},{\"@type\":\"WebPage\",\"@id\":\"https:\/\/vaillancourtea.com\/ici-laval-laurentides\/mes-7-sentiers-pedestres-preferes-dans-louest-de-laval-2\/\",\"url\":\"https:\/\/vaillancourtea.com\/ici-laval-laurentides\/mes-7-sentiers-pedestres-preferes-dans-louest-de-laval-2\/\",\"name\":\"Mes 7 sentiers p\u00e9destres pr\u00e9f\u00e9r\u00e9s dans l\u2019ouest de Laval | Vaillancourt et Ass. | Courtier immobilier Laval - Rive-Nord\",\"isPartOf\":{\"@id\":\"https:\/\/vaillancourtea.com\/#website\"},\"primaryImageOfPage\":{\"@id\":\"https:\/\/vaillancourtea.com\/ici-laval-laurentides\/mes-7-sentiers-pedestres-preferes-dans-louest-de-laval-2\/#primaryimage\"},\"image\":{\"@id\":\"https:\/\/vaillancourtea.com\/ici-laval-laurentides\/mes-7-sentiers-pedestres-preferes-dans-louest-de-laval-2\/#primaryimage\"},\"thumbnailUrl\":\"https:\/\/vaillancourtea.com\/files\/2015\/07\/hiking.jpg\",\"datePublished\":\"2024-09-23T12:00:56+00:00\",\"dateModified\":\"2024-10-15T13:34:14+00:00\",\"breadcrumb\":{\"@id\":\"https:\/\/vaillancourtea.com\/ici-laval-laurentides\/mes-7-sentiers-pedestres-preferes-dans-louest-de-laval-2\/#breadcrumb\"},\"inLanguage\":\"en-US\",\"potentialAction\":[{\"@type\":\"ReadAction\",\"target\":[\"https:\/\/vaillancourtea.com\/ici-laval-laurentides\/mes-7-sentiers-pedestres-preferes-dans-louest-de-laval-2\/\"]}]},{\"@type\":\"ImageObject\",\"inLanguage\":\"en-US\",\"@id\":\"https:\/\/vaillancourtea.com\/ici-laval-laurentides\/mes-7-sentiers-pedestres-preferes-dans-louest-de-laval-2\/#primaryimage\",\"url\":\"https:\/\/vaillancourtea.com\/files\/2015\/07\/hiking.jpg\",\"contentUrl\":\"https:\/\/vaillancourtea.com\/files\/2015\/07\/hiking.jpg\"},{\"@type\":\"BreadcrumbList\",\"@id\":\"https:\/\/vaillancourtea.com\/ici-laval-laurentides\/mes-7-sentiers-pedestres-preferes-dans-louest-de-laval-2\/#breadcrumb\",\"itemListElement\":[{\"@type\":\"ListItem\",\"position\":1,\"name\":\"Accueil\",\"item\":\"https:\/\/vaillancourtea.com\/\"},{\"@type\":\"ListItem\",\"position\":2,\"name\":\"Mes 7 sentiers p\u00e9destres pr\u00e9f\u00e9r\u00e9s dans l\u2019ouest de Laval\"}]},{\"@type\":\"WebSite\",\"@id\":\"https:\/\/vaillancourtea.com\/#website\",\"url\":\"https:\/\/vaillancourtea.com\/\",\"name\":\"Vaillancourt et Ass. | Courtier immobilier Laval - Rive-Nord\",\"description\":\"\",\"publisher\":{\"@id\":\"https:\/\/vaillancourtea.com\/#organization\"},\"potentialAction\":[{\"@type\":\"SearchAction\",\"target\":{\"@type\":\"EntryPoint\",\"urlTemplate\":\"https:\/\/vaillancourtea.com\/?s={search_term_string}\"},\"query-input\":{\"@type\":\"PropertyValueSpecification\",\"valueRequired\":true,\"valueName\":\"search_term_string\"}}],\"inLanguage\":\"en-US\"},{\"@type\":\"Organization\",\"@id\":\"https:\/\/vaillancourtea.com\/#organization\",\"name\":\"Chantal Vaillancourt, Courtier immobilier r\u00e9sidentiel\",\"url\":\"https:\/\/vaillancourtea.com\/\",\"logo\":{\"@type\":\"ImageObject\",\"inLanguage\":\"en-US\",\"@id\":\"https:\/\/vaillancourtea.com\/#\/schema\/logo\/image\/\",\"url\":\"https:\/\/vaillancourtea.com\/files\/2018\/11\/RP_Logo.png\",\"contentUrl\":\"https:\/\/vaillancourtea.com\/files\/2018\/11\/RP_Logo.png\",\"width\":168,\"height\":63,\"caption\":\"Chantal Vaillancourt, Courtier immobilier r\u00e9sidentiel\"},\"image\":{\"@id\":\"https:\/\/vaillancourtea.com\/#\/schema\/logo\/image\/\"}},{\"@type\":\"Person\",\"@id\":\"https:\/\/vaillancourtea.com\/#\/schema\/person\/836f70fcb3e5ac822dbb9b822579c752\",\"name\":\"Chantal Vaillancourt\",\"image\":{\"@type\":\"ImageObject\",\"inLanguage\":\"en-US\",\"@id\":\"https:\/\/vaillancourtea.com\/#\/schema\/person\/image\/\",\"url\":\"http:\/\/pvaillancourt.com\/files\/2015\/06\/Chantal-Vaillancourt_avatar_1435006367-96x96.jpg\",\"contentUrl\":\"http:\/\/pvaillancourt.com\/files\/2015\/06\/Chantal-Vaillancourt_avatar_1435006367-96x96.jpg\",\"caption\":\"Chantal Vaillancourt\"},\"description\":\"Chantal is passionate about her neighborhood. She is always looking to discover new hidden treasures in her area and to share them with others.\",\"url\":\"https:\/\/vaillancourtea.com\/en\/author\/chantal\/\"}]}<\/script>\n<!-- \/ Yoast SEO plugin. -->","yoast_head_json":{"title":"Mes 7 sentiers p\u00e9destres pr\u00e9f\u00e9r\u00e9s dans l\u2019ouest de Laval | Vaillancourt et Ass. | Courtier immobilier Laval - Rive-Nord","robots":{"index":"index","follow":"follow","max-snippet":"max-snippet:-1","max-image-preview":"max-image-preview:large","max-video-preview":"max-video-preview:-1"},"canonical":"https:\/\/vaillancourtea.com\/ici-laval-laurentides\/mes-7-sentiers-pedestres-preferes-dans-louest-de-laval-2\/","og_locale":"en_US","og_type":"article","og_title":"Mes 7 sentiers p\u00e9destres pr\u00e9f\u00e9r\u00e9s dans l\u2019ouest de Laval | Vaillancourt et Ass. | Courtier immobilier Laval - Rive-Nord","og_description":"Sorry, this entry is only available in Fran\u00e7ais.","og_url":"https:\/\/vaillancourtea.com\/ici-laval-laurentides\/mes-7-sentiers-pedestres-preferes-dans-louest-de-laval-2\/","og_site_name":"Vaillancourt et Ass. | Courtier immobilier Laval - Rive-Nord","article_published_time":"2024-09-23T12:00:56+00:00","article_modified_time":"2024-10-15T13:34:14+00:00","og_image":[{"url":"https:\/\/vaillancourtea.com\/files\/2015\/07\/hiking.jpg","type":"","width":"","height":""}],"author":"Chantal Vaillancourt","twitter_card":"summary_large_image","twitter_misc":{"Written by":"Chantal Vaillancourt","Est. reading time":"9 minutes"},"schema":{"@context":"https:\/\/schema.org","@graph":[{"@type":"Article","@id":"https:\/\/vaillancourtea.com\/ici-laval-laurentides\/mes-7-sentiers-pedestres-preferes-dans-louest-de-laval-2\/#article","isPartOf":{"@id":"https:\/\/vaillancourtea.com\/ici-laval-laurentides\/mes-7-sentiers-pedestres-preferes-dans-louest-de-laval-2\/"},"author":{"name":"Chantal Vaillancourt","@id":"https:\/\/vaillancourtea.com\/#\/schema\/person\/836f70fcb3e5ac822dbb9b822579c752"},"headline":"Mes 7 sentiers p\u00e9destres pr\u00e9f\u00e9r\u00e9s dans l\u2019ouest de Laval","datePublished":"2024-09-23T12:00:56+00:00","dateModified":"2024-10-15T13:34:14+00:00","mainEntityOfPage":{"@id":"https:\/\/vaillancourtea.com\/ici-laval-laurentides\/mes-7-sentiers-pedestres-preferes-dans-louest-de-laval-2\/"},"wordCount":2410,"commentCount":0,"publisher":{"@id":"https:\/\/vaillancourtea.com\/#organization"},"image":{"@id":"https:\/\/vaillancourtea.com\/ici-laval-laurentides\/mes-7-sentiers-pedestres-preferes-dans-louest-de-laval-2\/#primaryimage"},"thumbnailUrl":"https:\/\/vaillancourtea.com\/files\/2015\/07\/hiking.jpg","articleSection":["","Plein air"],"inLanguage":"en-US","potentialAction":[{"@type":"CommentAction","name":"Comment","target":["https:\/\/vaillancourtea.com\/ici-laval-laurentides\/mes-7-sentiers-pedestres-preferes-dans-louest-de-laval-2\/#respond"]}]},{"@type":"WebPage","@id":"https:\/\/vaillancourtea.com\/ici-laval-laurentides\/mes-7-sentiers-pedestres-preferes-dans-louest-de-laval-2\/","url":"https:\/\/vaillancourtea.com\/ici-laval-laurentides\/mes-7-sentiers-pedestres-preferes-dans-louest-de-laval-2\/","name":"Mes 7 sentiers p\u00e9destres pr\u00e9f\u00e9r\u00e9s dans l\u2019ouest de Laval | Vaillancourt et Ass. | Courtier immobilier Laval - Rive-Nord","isPartOf":{"@id":"https:\/\/vaillancourtea.com\/#website"},"primaryImageOfPage":{"@id":"https:\/\/vaillancourtea.com\/ici-laval-laurentides\/mes-7-sentiers-pedestres-preferes-dans-louest-de-laval-2\/#primaryimage"},"image":{"@id":"https:\/\/vaillancourtea.com\/ici-laval-laurentides\/mes-7-sentiers-pedestres-preferes-dans-louest-de-laval-2\/#primaryimage"},"thumbnailUrl":"https:\/\/vaillancourtea.com\/files\/2015\/07\/hiking.jpg","datePublished":"2024-09-23T12:00:56+00:00","dateModified":"2024-10-15T13:34:14+00:00","breadcrumb":{"@id":"https:\/\/vaillancourtea.com\/ici-laval-laurentides\/mes-7-sentiers-pedestres-preferes-dans-louest-de-laval-2\/#breadcrumb"},"inLanguage":"en-US","potentialAction":[{"@type":"ReadAction","target":["https:\/\/vaillancourtea.com\/ici-laval-laurentides\/mes-7-sentiers-pedestres-preferes-dans-louest-de-laval-2\/"]}]},{"@type":"ImageObject","inLanguage":"en-US","@id":"https:\/\/vaillancourtea.com\/ici-laval-laurentides\/mes-7-sentiers-pedestres-preferes-dans-louest-de-laval-2\/#primaryimage","url":"https:\/\/vaillancourtea.com\/files\/2015\/07\/hiking.jpg","contentUrl":"https:\/\/vaillancourtea.com\/files\/2015\/07\/hiking.jpg"},{"@type":"BreadcrumbList","@id":"https:\/\/vaillancourtea.com\/ici-laval-laurentides\/mes-7-sentiers-pedestres-preferes-dans-louest-de-laval-2\/#breadcrumb","itemListElement":[{"@type":"ListItem","position":1,"name":"Accueil","item":"https:\/\/vaillancourtea.com\/"},{"@type":"ListItem","position":2,"name":"Mes 7 sentiers p\u00e9destres pr\u00e9f\u00e9r\u00e9s dans l\u2019ouest de Laval"}]},{"@type":"WebSite","@id":"https:\/\/vaillancourtea.com\/#website","url":"https:\/\/vaillancourtea.com\/","name":"Vaillancourt et Ass. | Courtier immobilier Laval - Rive-Nord","description":"","publisher":{"@id":"https:\/\/vaillancourtea.com\/#organization"},"potentialAction":[{"@type":"SearchAction","target":{"@type":"EntryPoint","urlTemplate":"https:\/\/vaillancourtea.com\/?s={search_term_string}"},"query-input":{"@type":"PropertyValueSpecification","valueRequired":true,"valueName":"search_term_string"}}],"inLanguage":"en-US"},{"@type":"Organization","@id":"https:\/\/vaillancourtea.com\/#organization","name":"Chantal Vaillancourt, Courtier immobilier r\u00e9sidentiel","url":"https:\/\/vaillancourtea.com\/","logo":{"@type":"ImageObject","inLanguage":"en-US","@id":"https:\/\/vaillancourtea.com\/#\/schema\/logo\/image\/","url":"https:\/\/vaillancourtea.com\/files\/2018\/11\/RP_Logo.png","contentUrl":"https:\/\/vaillancourtea.com\/files\/2018\/11\/RP_Logo.png","width":168,"height":63,"caption":"Chantal Vaillancourt, Courtier immobilier r\u00e9sidentiel"},"image":{"@id":"https:\/\/vaillancourtea.com\/#\/schema\/logo\/image\/"}},{"@type":"Person","@id":"https:\/\/vaillancourtea.com\/#\/schema\/person\/836f70fcb3e5ac822dbb9b822579c752","name":"Chantal Vaillancourt","image":{"@type":"ImageObject","inLanguage":"en-US","@id":"https:\/\/vaillancourtea.com\/#\/schema\/person\/image\/","url":"http:\/\/pvaillancourt.com\/files\/2015\/06\/Chantal-Vaillancourt_avatar_1435006367-96x96.jpg","contentUrl":"http:\/\/pvaillancourt.com\/files\/2015\/06\/Chantal-Vaillancourt_avatar_1435006367-96x96.jpg","caption":"Chantal Vaillancourt"},"description":"Chantal is passionate about her neighborhood. She is always looking to discover new hidden treasures in her area and to share them with others.","url":"https:\/\/vaillancourtea.com\/en\/author\/chantal\/"}]}},"_links":{"self":[{"href":"https:\/\/vaillancourtea.com\/en\/wp-json\/wp\/v2\/posts\/4566","targetHints":{"allow":["GET"]}}],"collection":[{"href":"https:\/\/vaillancourtea.com\/en\/wp-json\/wp\/v2\/posts"}],"about":[{"href":"https:\/\/vaillancourtea.com\/en\/wp-json\/wp\/v2\/types\/post"}],"author":[{"embeddable":true,"href":"https:\/\/vaillancourtea.com\/en\/wp-json\/wp\/v2\/users\/1091"}],"replies":[{"embeddable":true,"href":"https:\/\/vaillancourtea.com\/en\/wp-json\/wp\/v2\/comments?post=4566"}],"version-history":[{"count":3,"href":"https:\/\/vaillancourtea.com\/en\/wp-json\/wp\/v2\/posts\/4566\/revisions"}],"predecessor-version":[{"id":8121,"href":"https:\/\/vaillancourtea.com\/en\/wp-json\/wp\/v2\/posts\/4566\/revisions\/8121"}],"wp:attachment":[{"href":"https:\/\/vaillancourtea.com\/en\/wp-json\/wp\/v2\/media?parent=4566"}],"wp:term":[{"taxonomy":"category","embeddable":true,"href":"https:\/\/vaillancourtea.com\/en\/wp-json\/wp\/v2\/categories?post=4566"},{"taxonomy":"post_tag","embeddable":true,"href":"https:\/\/vaillancourtea.com\/en\/wp-json\/wp\/v2\/tags?post=4566"}],"curies":[{"name":"wp","href":"https:\/\/api.w.org\/{rel}","templated":true}]}}