{"id":4565,"date":"2020-09-28T23:36:25","date_gmt":"2020-09-29T03:36:25","guid":{"rendered":"http:\/\/icilavallaurentides.com\/?p=86"},"modified":"2022-06-27T12:11:23","modified_gmt":"2022-06-27T16:11:23","slug":"lexplosion-post-covid-de-la-plage-a-laval-ouest-2","status":"publish","type":"post","link":"https:\/\/vaillancourtea.com\/en\/ici-laval-laurentides\/lexplosion-post-covid-de-la-plage-a-laval-ouest-2\/","title":{"rendered":"L\u2019explosion post-Covid de la Plage \u00e0 Laval-Ouest"},"content":{"rendered":"\n<div class=\"wp-block-image\"><figure class=\"aligncenter\"><img loading=\"lazy\" decoding=\"async\" width=\"599\" height=\"261\" src=\"https:\/\/vaillancourtea.com\/files\/2020\/10\/plage1-e1602952142244.jpg\" alt=\"\" class=\"wp-image-3889\" \/><\/figure><\/div>\n\n\n\n<p>Il n\u2019y a pas juste la Gasp\u00e9sie qui d\u00e9bordait de touristes d\u00e9sesp\u00e9r\u00e9s pour des vacances cet \u00e9t\u00e9. La pand\u00e9mie a \u00e9galement fait exploser une petite plage peu connue dans l\u2019ouest de Laval. On la trouve sur la rue Riviera \u00e0 Laval-Ouest. Elle porte officiellement le nom de \u00ab Berge des quatre vents \u00bb et son entr\u00e9e est gratuite. Typiquement, en \u00e9t\u00e9, nous pouvions y trouver des petits groupes de personne, habituellement des gens du secteur, qui venait&nbsp;<em>chiller<\/em>. Surtout depuis que du sable a \u00e9t\u00e9 install\u00e9, des chaises, etc. Mais cet \u00e9t\u00e9 a \u00e9t\u00e9 tr\u00e8s diff\u00e9rent des autres. Le mot s&#8217;est pass\u00e9,&nbsp;<a href=\"https:\/\/www.mtlblog.com\/things-to-do\/canada\/qc\/montreal\/11-things-to-do-in-laval-that-are-actually-worth-the-trip\" target=\"_blank\" rel=\"noreferrer noopener\">des blogueurs en ont \u00e9crit<\/a>, et des foules ont d\u00e9barqu\u00e9 d&#8217;un peu partout et ont litt\u00e9ralement envahi le coin. On se serait quasiment crus au Beach Club certains weekends.<\/p>\n\n\n\n<h2 class=\"wp-block-heading\">L\u2019histoire vite vite<\/h2>\n\n\n\n<p>Pour les lecteurs qui ne le savent pas, le secteur de Laval-Ouest, anciennement appel\u00e9, &#8220;Plage Laval&#8221;, a connu son lot de touristes depuis les ann\u00e9es 1920. En fait le coin \u00e9tait \u00e0 cette \u00e9poque une colonie de vacances hyper populaire. Des Montr\u00e9alais passaient leur \u00e9t\u00e9 \u00e0 leur chalet \u00e0 Plage Laval. D\u2019o\u00f9 les vestiges de ces anciens chalets que l&#8217;on retrouve encore un peu partout sur ses avenues. Sa plage, avec son Clubhouse, \u00e9tait par moment tellement achaland\u00e9e, qu\u2019il fallait venir tr\u00e8s t\u00f4t pour r\u00e9server son petit carr\u00e9 de sable.<\/p>\n\n\n\n<div class=\"wp-block-image\"><figure class=\"aligncenter\"><img loading=\"lazy\" decoding=\"async\" width=\"686\" height=\"360\" src=\"https:\/\/vaillancourtea.com\/files\/2020\/10\/Plage2ancienne.png\" alt=\"\" class=\"wp-image-3888\" srcset=\"https:\/\/vaillancourtea.com\/files\/2020\/10\/Plage2ancienne.png 686w, https:\/\/vaillancourtea.com\/files\/2020\/10\/Plage2ancienne-300x157.png 300w\" sizes=\"auto, (max-width: 686px) 100vw, 686px\" \/><\/figure><\/div>\n\n\n\n<h2 class=\"wp-block-heading\">Qu\u2019en pensent les r\u00e9sidents du coin?<\/h2>\n\n\n\n<p>En jasant avec les voisins, je constate rapidement que les sentiments des r\u00e9sidents sont mixtes quant \u00e0 cet accroissement de popularit\u00e9 de la plage. La plupart ressentent une certaine fiert\u00e9 de revoir la voir retrouver son ancienne gloire. Ils ont aussi revu d&#8217;anciens amis et fait de belles retrouvailles. Voir l\u2019esprit de vacances r\u00e9tabli dans le coin est nostalgique et joyeux pour plusieurs.<\/p>\n\n\n\n<div class=\"wp-block-image\"><figure class=\"aligncenter\"><img loading=\"lazy\" decoding=\"async\" width=\"600\" height=\"281\" src=\"https:\/\/vaillancourtea.com\/files\/2020\/10\/Plage3nouveau-e1602952189277.jpg\" alt=\"\" class=\"wp-image-3887\" \/><\/figure><\/div>\n\n\n\n<h2 class=\"wp-block-heading\">Tout n\u2019est pas rose<\/h2>\n\n\n\n<p>Cependant, quelques points inqui\u00e8tent, ou carr\u00e9ment d\u00e9rangent, les voisins. Ce n\u2019est pas tous les visiteurs qui respectent la qui\u00e9tude du secteur. Le manque de supervision et de gestion a men\u00e9 \u00e0 un certain&nbsp;<em>free-for-all<\/em>. Les pires cons\u00e9quences ont \u00e9t\u00e9 le niveau de bruit des autos, la musique trop forte, les ordures laiss\u00e9es et surtout le manque d\u2019installation sanitaire (\u00e9vitez d\u2019aller marcher dans les buissons environnants, si vous comprenez ce que je veux dire). Deux bagarres m\u2019ont \u00e9t\u00e9 \u00e9galement rapport\u00e9es. Soleil, alcool et testost\u00e9rone, pas toujours le bon mixe, apparemment\u2026<\/p>\n\n\n\n<div class=\"wp-block-image\"><figure class=\"aligncenter\"><img loading=\"lazy\" decoding=\"async\" width=\"711\" height=\"440\" src=\"https:\/\/vaillancourtea.com\/files\/2020\/10\/cigarette.png\" alt=\"\" class=\"wp-image-3934\" srcset=\"https:\/\/vaillancourtea.com\/files\/2020\/10\/cigarette.png 711w, https:\/\/vaillancourtea.com\/files\/2020\/10\/cigarette-300x186.png 300w\" sizes=\"auto, (max-width: 711px) 100vw, 711px\" \/><\/figure><\/div>\n\n\n\n<h2 class=\"wp-block-heading\">Les Anges-Gardiens de la plage<\/h2>\n\n\n\n<p>En attendant des solutions plus permanentes de la ville, des r\u00e9sidents se s&#8217;ont charg\u00e9 de faire le m\u00e9nage des tables, racler le sable et jouer un peu \u00e0 la &#8220;police&#8221;. Le tout b\u00e9n\u00e9volement. Par leur implication et leur pr\u00e9sence, ils assurent une certaine s\u00e9curit\u00e9 et contr\u00f4le des lieux. Ils agissent ainsi un peu comme les \u00ab anges gardiens \u00bb de la plage et nous en sommes tr\u00e8s reconnaissants. Impossible de passer une journ\u00e9e sans rencontrer M. Richard Lamothe (\u00e0 gauche sur la photo) que certains jeunes nomment affectueusement \u00ab Monsieur Plage \u00bb, et d&#8217;autres \u00ab le Sh\u00e9rif de la plage \u00bb ou encore \u00ab Le p\u00e8re No\u00ebl \u00bb.<img loading=\"lazy\" decoding=\"async\" src=\"https:\/\/vaillancourtea.com\/files\/2020\/10\/LamotheRoy-e1602952245711.jpg\" alt=\"\" width=\"600\" height=\"450\"><\/p>\n\n\n\n<p id=\"caption-attachment-3886\">M. Serge Roy (\u00e0 droite), sculpteur, a profit\u00e9 d\u2019un fr\u00eane mort pour fabriquer un \u0153uvre d\u2019art permanent et incroyable \u00e0 d\u00e9couvrir. Le d\u00e9tour simplement pour venir observer cette cr\u00e9ation en vaut la peine!<\/p>\n\n\n\n<p>Le comit\u00e9 des citoyens de Laval-Ouest (CCLO), nous apprend que plusieurs pressions ont \u00e9t\u00e9 mises sur la municipalit\u00e9 pour apporter une supervision et une gestion accrue \u00e9tant donn\u00e9 l\u2019achalandage de l&#8217;\u00e9t\u00e9 2020. Les consignes sanitaires semblaient souvent rapidement oubli\u00e9es par les visiteurs (flashback&nbsp;<a href=\"https:\/\/www.tvanouvelles.ca\/2020\/06\/21\/foule-de-touristes-manque-de-civisme-et-feux-dartifices-a-rawdon\" target=\"_blank\" rel=\"noreferrer noopener\">aux chutes Rawdon<\/a>?). Mme Jeanne Tremblay, qui si\u00e8ge sur le comit\u00e9 depuis des ann\u00e9es, nous explique que ces pressions ont eu un certain effet. Des toilettes s\u00e8ches n\u2019ont pas \u00e9t\u00e9 install\u00e9es tel que demand\u00e9, par contre, la ville est au moins venue installer un conteneur pour le d\u00e9bordement d\u2019ordures dans les poubelles insuffisantes. Ce sont des consid\u00e9rations de sant\u00e9 publique qui aurait emp\u00each\u00e9 d\u2019avoir des toilettes s\u00e8ches sur place cet \u00e9t\u00e9.<img loading=\"lazy\" decoding=\"async\" src=\"https:\/\/vaillancourtea.com\/files\/2020\/10\/Kim.jpg\" alt=\"\" width=\"624\" height=\"468\"><\/p>\n\n\n\n<p id=\"caption-attachment-3885\">Un des \u00ab anges \u00bb de la plage, Kim Monahan, qui nettoie r\u00e9guli\u00e8rement les algues et les ordures devant chez lui.<\/p>\n\n\n\n<h2 class=\"wp-block-heading\">La pollution de l\u2019eau<\/h2>\n\n\n\n<p>La pollution de l\u2019eau de la rivi\u00e8re des Milles Iles a vu cette plage d\u00e9clin\u00e9e en popularit\u00e9 dans les ann\u00e9es 1970 et elle est presque tomb\u00e9e dans l\u2019oubli depuis. Chaque \u00e9t\u00e9 depuis 2001 par contre, la Ville de Laval, en partenariat avec le minist\u00e8re du D\u00e9veloppement durable, de l&#8217;Environnement et de la lutte contre les changements climatiques (MDDELCC) et l&#8217;organisme \u00c9co-Nature, effectue une campagne d&#8217;\u00e9chantillonnage d&#8217;eau des rives ceinturant l&#8217;\u00eele J\u00e9sus. On observe ainsi une am\u00e9lioration constante quant \u00e0 sa qualit\u00e9. Selon le conseiller municipal du secteur, Nicholas Borne: \u00ab l\u2019eau est bonne pour la baignade\u2026 la majorit\u00e9 du temps. Ce sont&nbsp;<a href=\"https:\/\/courrierlaval.com\/la-qualite-de-leau-des-rivieres-est-excellente\/\" target=\"_blank\" rel=\"noreferrer noopener\">les \u00e9pisodes de surverses<\/a>&nbsp;lors des grandes pluies qui rendent la baignade \u00e0 risque (les jours suivants une grande pluie). Le secteur Riviera reste l\u2019endroit le plus appropri\u00e9 pour la baignade \u00e0 Laval d\u2019ailleurs. \u00bb<\/p>\n\n\n\n<div class=\"wp-block-image\"><figure class=\"aligncenter\"><img loading=\"lazy\" decoding=\"async\" width=\"686\" height=\"378\" src=\"https:\/\/vaillancourtea.com\/files\/2020\/10\/Tableau.png\" alt=\"\" class=\"wp-image-3884\" srcset=\"https:\/\/vaillancourtea.com\/files\/2020\/10\/Tableau.png 686w, https:\/\/vaillancourtea.com\/files\/2020\/10\/Tableau-300x165.png 300w\" sizes=\"auto, (max-width: 686px) 100vw, 686px\" \/><\/figure><\/div>\n\n\n\n<p>Ceci dit, plusieurs braves baigneurs n\u2019ont pas h\u00e9sit\u00e9 \u00e0 se saucer cet \u00e9t\u00e9 (moi j\u2019h\u00e9site toujours).<\/p>\n\n\n\n<p><a href=\"https:\/\/www.laval.ca\/Pages\/Fr\/Citoyens\/qualite-eau-des-rivieres.aspx\" target=\"_blank\" rel=\"noreferrer noopener\">(Plus d&#8217;info sur la qualit\u00e9 de l&#8217;eau ici.)<\/a><\/p>\n\n\n\n<h2 class=\"wp-block-heading\">Les inondations et La Sainte Digue de Riviera<\/h2>\n\n\n\n<p>Nous ne pouvons pas parler de la Berge aux quatre vents sans aborder une particularit\u00e9 du coin. Le quartier autour de la plage de Laval-Ouest a \u00e9t\u00e9 ravag\u00e9 par l\u2019inondation de 2017 et un peu en 2019 (<a href=\"https:\/\/vaillancourtea.com\/mon-quartier\/inondation-laval-ouest-2017-en-canot\/\" target=\"_blank\" rel=\"noreferrer noopener\">voir inondation 2017 ici<\/a>). Malgr\u00e9 cela, la surchauffe immobili\u00e8re post-covid a fait en sorte que m\u00eame les maisons en zone inondable se sont vues rapidement vendues \u00e0 des prix surprenants. Un des facteurs qui a grandement contribu\u00e9 \u00e0 rassurer les acheteurs et les r\u00e9sidents du secteur sont les digues temporaires install\u00e9es en 2019 et 2020 par la ville. Celles-ci ont d\u00e9montr\u00e9 que la ville est engag\u00e9e \u00e0 prot\u00e9ger les r\u00e9sidences du secteur. La digue de 2020 d\u2019un kilom\u00e8tre de long a \u00e9t\u00e9 install\u00e9e purement par pr\u00e9vention au grand bonheur des r\u00e9sidents.&nbsp;<a href=\"https:\/\/vaillancourtea.com\/mon-quartier\/laval-installe-une-digue-de-plus-de-12-km-de-long-sur-riviera-a-laval-ouest-avril-2020\/\" target=\"_blank\" rel=\"noreferrer noopener\">(Vid\u00e9o de la digue ici!)<\/a><\/p>\n\n\n\n<div class=\"wp-block-image\"><figure class=\"aligncenter\"><img loading=\"lazy\" decoding=\"async\" width=\"686\" height=\"469\" src=\"https:\/\/vaillancourtea.com\/files\/2020\/10\/Digue.png\" alt=\"\" class=\"wp-image-3883\" srcset=\"https:\/\/vaillancourtea.com\/files\/2020\/10\/Digue.png 686w, https:\/\/vaillancourtea.com\/files\/2020\/10\/Digue-300x205.png 300w\" sizes=\"auto, (max-width: 686px) 100vw, 686px\" \/><\/figure><\/div>\n\n\n\n<p>La digue a jou\u00e9 un \u00e9norme r\u00f4le, mais la plage a \u00e9galement \u00e9t\u00e9 un facteur contributif \u00e0 la vente immobili\u00e8re du secteur. Une de nos clientes nouvellement install\u00e9es sur la 19e avenue nous raconte : \u00ab De toutes les plages que j\u2019ai visit\u00e9es au Qu\u00e9bec, c\u2019est ici que je me sens le plus comme chez moi, \u00e0 Canc\u00fan \u00bb. Elle dit que ses amis Venezueliens sont \u00e9galement tomb\u00e9s sous le charme de la plage et aimerait s\u2019installer dans le coin pour en profiter.<\/p>\n\n\n\n<h2 class=\"wp-block-heading\">L\u2019avenir de la plage ?<\/h2>\n\n\n\n<p>Selon M. Borne, la ville aurait de grands projets pour la Berge aux quatre vents. Notamment, un chalet, avec toilettes et douches, des jeux d&#8217;eau et des jeux d\u2019enfants. La ville serait en ce moment en train de pr\u00e9parer une pr\u00e9sentation aux citoyens avec un plan concept. Il y aura s\u00e9ance de consultation dans les prochains mois avant d\u2019aller en appel d\u2019offres, mais les travaux pourraient d\u00e9buter aussi t\u00f4t que 2021. Esp\u00e9rons que la pand\u00e9mie ne retardera pas le projet, car nous en avons grandement besoin (surtout des toilettes!).<\/p>\n\n\n\n<p>Seul l\u2019avenir r\u00e9v\u00e9lera ce qui nous attend. Nous avons h\u00e2te de voir ce que 2021 attend pour notre petit coin de paradis.<img loading=\"lazy\" decoding=\"async\" src=\"https:\/\/vaillancourtea.com\/files\/2020\/10\/plagelavalsoleil-e1602952749502.jpg\" alt=\"\" width=\"600\" height=\"600\"><\/p>\n\n\n\n<p id=\"caption-attachment-3892\">R\u00e9galez-vous des plus beaux couch\u00e9 de soleil de Laval&#8230;<\/p>\n","protected":false},"excerpt":{"rendered":"<p>Il n\u2019y a pas juste la Gasp\u00e9sie qui d\u00e9bordait de touristes d\u00e9sesp\u00e9r\u00e9s pour des vacances cet \u00e9t\u00e9. La pand\u00e9mie a \u00e9galement fait exploser une petite plage peu connue dans l\u2019ouest de Laval. On la trouve sur la rue Riviera \u00e0 Laval-Ouest. Elle porte officiellement le nom de \u00ab Berge des quatre vents \u00bb et son [&hellip;]<\/p>\n","protected":false},"author":1091,"featured_media":0,"comment_status":"open","ping_status":"open","sticky":false,"template":"","format":"standard","meta":{"_acf_changed":false,"footnotes":""},"categories":[174,175,177],"tags":[4,115,178],"class_list":["post-4565","post","type-post","status-publish","format-standard","hentry","category-ici-laval-laurentides","category-plein-air","category-vie-de-quartier","tag-laval-ouest","tag-plage","tag-plage-laval"],"acf":[],"yoast_head":"<!-- This site is optimized with the Yoast SEO plugin v26.7 - https:\/\/yoast.com\/wordpress\/plugins\/seo\/ -->\n<title>L\u2019explosion post-Covid de la Plage \u00e0 Laval-Ouest | Vaillancourt et Ass. | Courtier immobilier Laval - Rive-Nord<\/title>\n<meta name=\"robots\" content=\"index, follow, max-snippet:-1, max-image-preview:large, max-video-preview:-1\" \/>\n<link rel=\"canonical\" href=\"https:\/\/vaillancourtea.com\/ici-laval-laurentides\/lexplosion-post-covid-de-la-plage-a-laval-ouest-2\/\" \/>\n<meta property=\"og:locale\" content=\"en_US\" \/>\n<meta property=\"og:type\" content=\"article\" \/>\n<meta property=\"og:title\" content=\"L\u2019explosion post-Covid de la Plage \u00e0 Laval-Ouest | Vaillancourt et Ass. | Courtier immobilier Laval - Rive-Nord\" \/>\n<meta property=\"og:description\" content=\"Il n\u2019y a pas juste la Gasp\u00e9sie qui d\u00e9bordait de touristes d\u00e9sesp\u00e9r\u00e9s pour des vacances cet \u00e9t\u00e9. La pand\u00e9mie a \u00e9galement fait exploser une petite plage peu connue dans l\u2019ouest de Laval. On la trouve sur la rue Riviera \u00e0 Laval-Ouest. Elle porte officiellement le nom de \u00ab Berge des quatre vents \u00bb et son [&hellip;]\" \/>\n<meta property=\"og:url\" content=\"https:\/\/vaillancourtea.com\/ici-laval-laurentides\/lexplosion-post-covid-de-la-plage-a-laval-ouest-2\/\" \/>\n<meta property=\"og:site_name\" content=\"Vaillancourt et Ass. | Courtier immobilier Laval - Rive-Nord\" \/>\n<meta property=\"article:published_time\" content=\"2020-09-29T03:36:25+00:00\" \/>\n<meta property=\"article:modified_time\" content=\"2022-06-27T16:11:23+00:00\" \/>\n<meta property=\"og:image\" content=\"https:\/\/vaillancourtea.com\/files\/2020\/10\/plage1-e1602952142244.jpg\" \/>\n<meta name=\"author\" content=\"Chantal Vaillancourt\" \/>\n<meta name=\"twitter:card\" content=\"summary_large_image\" \/>\n<meta name=\"twitter:label1\" content=\"Written by\" \/>\n\t<meta name=\"twitter:data1\" content=\"Chantal Vaillancourt\" \/>\n\t<meta name=\"twitter:label2\" content=\"Est. reading time\" \/>\n\t<meta name=\"twitter:data2\" content=\"6 minutes\" \/>\n<script type=\"application\/ld+json\" class=\"yoast-schema-graph\">{\"@context\":\"https:\/\/schema.org\",\"@graph\":[{\"@type\":\"Article\",\"@id\":\"https:\/\/vaillancourtea.com\/ici-laval-laurentides\/lexplosion-post-covid-de-la-plage-a-laval-ouest-2\/#article\",\"isPartOf\":{\"@id\":\"https:\/\/vaillancourtea.com\/ici-laval-laurentides\/lexplosion-post-covid-de-la-plage-a-laval-ouest-2\/\"},\"author\":{\"name\":\"Chantal Vaillancourt\",\"@id\":\"https:\/\/vaillancourtea.com\/#\/schema\/person\/836f70fcb3e5ac822dbb9b822579c752\"},\"headline\":\"L\u2019explosion post-Covid de la Plage \u00e0 Laval-Ouest\",\"datePublished\":\"2020-09-29T03:36:25+00:00\",\"dateModified\":\"2022-06-27T16:11:23+00:00\",\"mainEntityOfPage\":{\"@id\":\"https:\/\/vaillancourtea.com\/ici-laval-laurentides\/lexplosion-post-covid-de-la-plage-a-laval-ouest-2\/\"},\"wordCount\":1294,\"commentCount\":0,\"publisher\":{\"@id\":\"https:\/\/vaillancourtea.com\/#organization\"},\"image\":{\"@id\":\"https:\/\/vaillancourtea.com\/ici-laval-laurentides\/lexplosion-post-covid-de-la-plage-a-laval-ouest-2\/#primaryimage\"},\"thumbnailUrl\":\"https:\/\/vaillancourtea.com\/files\/2020\/10\/plage1-e1602952142244.jpg\",\"keywords\":[\"Laval-Ouest\",\"plage\",\"plage laval\"],\"articleSection\":[\"\",\"Plein air\",\"Vie de quartier\"],\"inLanguage\":\"en-US\",\"potentialAction\":[{\"@type\":\"CommentAction\",\"name\":\"Comment\",\"target\":[\"https:\/\/vaillancourtea.com\/ici-laval-laurentides\/lexplosion-post-covid-de-la-plage-a-laval-ouest-2\/#respond\"]}]},{\"@type\":\"WebPage\",\"@id\":\"https:\/\/vaillancourtea.com\/ici-laval-laurentides\/lexplosion-post-covid-de-la-plage-a-laval-ouest-2\/\",\"url\":\"https:\/\/vaillancourtea.com\/ici-laval-laurentides\/lexplosion-post-covid-de-la-plage-a-laval-ouest-2\/\",\"name\":\"L\u2019explosion post-Covid de la Plage \u00e0 Laval-Ouest | Vaillancourt et Ass. | Courtier immobilier Laval - Rive-Nord\",\"isPartOf\":{\"@id\":\"https:\/\/vaillancourtea.com\/#website\"},\"primaryImageOfPage\":{\"@id\":\"https:\/\/vaillancourtea.com\/ici-laval-laurentides\/lexplosion-post-covid-de-la-plage-a-laval-ouest-2\/#primaryimage\"},\"image\":{\"@id\":\"https:\/\/vaillancourtea.com\/ici-laval-laurentides\/lexplosion-post-covid-de-la-plage-a-laval-ouest-2\/#primaryimage\"},\"thumbnailUrl\":\"https:\/\/vaillancourtea.com\/files\/2020\/10\/plage1-e1602952142244.jpg\",\"datePublished\":\"2020-09-29T03:36:25+00:00\",\"dateModified\":\"2022-06-27T16:11:23+00:00\",\"breadcrumb\":{\"@id\":\"https:\/\/vaillancourtea.com\/ici-laval-laurentides\/lexplosion-post-covid-de-la-plage-a-laval-ouest-2\/#breadcrumb\"},\"inLanguage\":\"en-US\",\"potentialAction\":[{\"@type\":\"ReadAction\",\"target\":[\"https:\/\/vaillancourtea.com\/ici-laval-laurentides\/lexplosion-post-covid-de-la-plage-a-laval-ouest-2\/\"]}]},{\"@type\":\"ImageObject\",\"inLanguage\":\"en-US\",\"@id\":\"https:\/\/vaillancourtea.com\/ici-laval-laurentides\/lexplosion-post-covid-de-la-plage-a-laval-ouest-2\/#primaryimage\",\"url\":\"https:\/\/vaillancourtea.com\/files\/2020\/10\/plage1-e1602952142244.jpg\",\"contentUrl\":\"https:\/\/vaillancourtea.com\/files\/2020\/10\/plage1-e1602952142244.jpg\"},{\"@type\":\"BreadcrumbList\",\"@id\":\"https:\/\/vaillancourtea.com\/ici-laval-laurentides\/lexplosion-post-covid-de-la-plage-a-laval-ouest-2\/#breadcrumb\",\"itemListElement\":[{\"@type\":\"ListItem\",\"position\":1,\"name\":\"Accueil\",\"item\":\"https:\/\/vaillancourtea.com\/\"},{\"@type\":\"ListItem\",\"position\":2,\"name\":\"L\u2019explosion post-Covid de la Plage \u00e0 Laval-Ouest\"}]},{\"@type\":\"WebSite\",\"@id\":\"https:\/\/vaillancourtea.com\/#website\",\"url\":\"https:\/\/vaillancourtea.com\/\",\"name\":\"Vaillancourt et Ass. | Courtier immobilier Laval - Rive-Nord\",\"description\":\"\",\"publisher\":{\"@id\":\"https:\/\/vaillancourtea.com\/#organization\"},\"potentialAction\":[{\"@type\":\"SearchAction\",\"target\":{\"@type\":\"EntryPoint\",\"urlTemplate\":\"https:\/\/vaillancourtea.com\/?s={search_term_string}\"},\"query-input\":{\"@type\":\"PropertyValueSpecification\",\"valueRequired\":true,\"valueName\":\"search_term_string\"}}],\"inLanguage\":\"en-US\"},{\"@type\":\"Organization\",\"@id\":\"https:\/\/vaillancourtea.com\/#organization\",\"name\":\"Chantal Vaillancourt, Courtier immobilier r\u00e9sidentiel\",\"url\":\"https:\/\/vaillancourtea.com\/\",\"logo\":{\"@type\":\"ImageObject\",\"inLanguage\":\"en-US\",\"@id\":\"https:\/\/vaillancourtea.com\/#\/schema\/logo\/image\/\",\"url\":\"https:\/\/vaillancourtea.com\/files\/2018\/11\/RP_Logo.png\",\"contentUrl\":\"https:\/\/vaillancourtea.com\/files\/2018\/11\/RP_Logo.png\",\"width\":168,\"height\":63,\"caption\":\"Chantal Vaillancourt, Courtier immobilier r\u00e9sidentiel\"},\"image\":{\"@id\":\"https:\/\/vaillancourtea.com\/#\/schema\/logo\/image\/\"}},{\"@type\":\"Person\",\"@id\":\"https:\/\/vaillancourtea.com\/#\/schema\/person\/836f70fcb3e5ac822dbb9b822579c752\",\"name\":\"Chantal Vaillancourt\",\"image\":{\"@type\":\"ImageObject\",\"inLanguage\":\"en-US\",\"@id\":\"https:\/\/vaillancourtea.com\/#\/schema\/person\/image\/\",\"url\":\"http:\/\/pvaillancourt.com\/files\/2015\/06\/Chantal-Vaillancourt_avatar_1435006367-96x96.jpg\",\"contentUrl\":\"http:\/\/pvaillancourt.com\/files\/2015\/06\/Chantal-Vaillancourt_avatar_1435006367-96x96.jpg\",\"caption\":\"Chantal Vaillancourt\"},\"description\":\"Chantal is passionate about her neighborhood. She is always looking to discover new hidden treasures in her area and to share them with others.\",\"url\":\"https:\/\/vaillancourtea.com\/en\/author\/chantal\/\"}]}<\/script>\n<!-- \/ Yoast SEO plugin. -->","yoast_head_json":{"title":"L\u2019explosion post-Covid de la Plage \u00e0 Laval-Ouest | Vaillancourt et Ass. | Courtier immobilier Laval - Rive-Nord","robots":{"index":"index","follow":"follow","max-snippet":"max-snippet:-1","max-image-preview":"max-image-preview:large","max-video-preview":"max-video-preview:-1"},"canonical":"https:\/\/vaillancourtea.com\/ici-laval-laurentides\/lexplosion-post-covid-de-la-plage-a-laval-ouest-2\/","og_locale":"en_US","og_type":"article","og_title":"L\u2019explosion post-Covid de la Plage \u00e0 Laval-Ouest | Vaillancourt et Ass. | Courtier immobilier Laval - Rive-Nord","og_description":"Il n\u2019y a pas juste la Gasp\u00e9sie qui d\u00e9bordait de touristes d\u00e9sesp\u00e9r\u00e9s pour des vacances cet \u00e9t\u00e9. La pand\u00e9mie a \u00e9galement fait exploser une petite plage peu connue dans l\u2019ouest de Laval. On la trouve sur la rue Riviera \u00e0 Laval-Ouest. Elle porte officiellement le nom de \u00ab Berge des quatre vents \u00bb et son [&hellip;]","og_url":"https:\/\/vaillancourtea.com\/ici-laval-laurentides\/lexplosion-post-covid-de-la-plage-a-laval-ouest-2\/","og_site_name":"Vaillancourt et Ass. | Courtier immobilier Laval - Rive-Nord","article_published_time":"2020-09-29T03:36:25+00:00","article_modified_time":"2022-06-27T16:11:23+00:00","og_image":[{"url":"https:\/\/vaillancourtea.com\/files\/2020\/10\/plage1-e1602952142244.jpg","type":"","width":"","height":""}],"author":"Chantal Vaillancourt","twitter_card":"summary_large_image","twitter_misc":{"Written by":"Chantal Vaillancourt","Est. reading time":"6 minutes"},"schema":{"@context":"https:\/\/schema.org","@graph":[{"@type":"Article","@id":"https:\/\/vaillancourtea.com\/ici-laval-laurentides\/lexplosion-post-covid-de-la-plage-a-laval-ouest-2\/#article","isPartOf":{"@id":"https:\/\/vaillancourtea.com\/ici-laval-laurentides\/lexplosion-post-covid-de-la-plage-a-laval-ouest-2\/"},"author":{"name":"Chantal Vaillancourt","@id":"https:\/\/vaillancourtea.com\/#\/schema\/person\/836f70fcb3e5ac822dbb9b822579c752"},"headline":"L\u2019explosion post-Covid de la Plage \u00e0 Laval-Ouest","datePublished":"2020-09-29T03:36:25+00:00","dateModified":"2022-06-27T16:11:23+00:00","mainEntityOfPage":{"@id":"https:\/\/vaillancourtea.com\/ici-laval-laurentides\/lexplosion-post-covid-de-la-plage-a-laval-ouest-2\/"},"wordCount":1294,"commentCount":0,"publisher":{"@id":"https:\/\/vaillancourtea.com\/#organization"},"image":{"@id":"https:\/\/vaillancourtea.com\/ici-laval-laurentides\/lexplosion-post-covid-de-la-plage-a-laval-ouest-2\/#primaryimage"},"thumbnailUrl":"https:\/\/vaillancourtea.com\/files\/2020\/10\/plage1-e1602952142244.jpg","keywords":["Laval-Ouest","plage","plage laval"],"articleSection":["","Plein air","Vie de quartier"],"inLanguage":"en-US","potentialAction":[{"@type":"CommentAction","name":"Comment","target":["https:\/\/vaillancourtea.com\/ici-laval-laurentides\/lexplosion-post-covid-de-la-plage-a-laval-ouest-2\/#respond"]}]},{"@type":"WebPage","@id":"https:\/\/vaillancourtea.com\/ici-laval-laurentides\/lexplosion-post-covid-de-la-plage-a-laval-ouest-2\/","url":"https:\/\/vaillancourtea.com\/ici-laval-laurentides\/lexplosion-post-covid-de-la-plage-a-laval-ouest-2\/","name":"L\u2019explosion post-Covid de la Plage \u00e0 Laval-Ouest | Vaillancourt et Ass. | Courtier immobilier Laval - Rive-Nord","isPartOf":{"@id":"https:\/\/vaillancourtea.com\/#website"},"primaryImageOfPage":{"@id":"https:\/\/vaillancourtea.com\/ici-laval-laurentides\/lexplosion-post-covid-de-la-plage-a-laval-ouest-2\/#primaryimage"},"image":{"@id":"https:\/\/vaillancourtea.com\/ici-laval-laurentides\/lexplosion-post-covid-de-la-plage-a-laval-ouest-2\/#primaryimage"},"thumbnailUrl":"https:\/\/vaillancourtea.com\/files\/2020\/10\/plage1-e1602952142244.jpg","datePublished":"2020-09-29T03:36:25+00:00","dateModified":"2022-06-27T16:11:23+00:00","breadcrumb":{"@id":"https:\/\/vaillancourtea.com\/ici-laval-laurentides\/lexplosion-post-covid-de-la-plage-a-laval-ouest-2\/#breadcrumb"},"inLanguage":"en-US","potentialAction":[{"@type":"ReadAction","target":["https:\/\/vaillancourtea.com\/ici-laval-laurentides\/lexplosion-post-covid-de-la-plage-a-laval-ouest-2\/"]}]},{"@type":"ImageObject","inLanguage":"en-US","@id":"https:\/\/vaillancourtea.com\/ici-laval-laurentides\/lexplosion-post-covid-de-la-plage-a-laval-ouest-2\/#primaryimage","url":"https:\/\/vaillancourtea.com\/files\/2020\/10\/plage1-e1602952142244.jpg","contentUrl":"https:\/\/vaillancourtea.com\/files\/2020\/10\/plage1-e1602952142244.jpg"},{"@type":"BreadcrumbList","@id":"https:\/\/vaillancourtea.com\/ici-laval-laurentides\/lexplosion-post-covid-de-la-plage-a-laval-ouest-2\/#breadcrumb","itemListElement":[{"@type":"ListItem","position":1,"name":"Accueil","item":"https:\/\/vaillancourtea.com\/"},{"@type":"ListItem","position":2,"name":"L\u2019explosion post-Covid de la Plage \u00e0 Laval-Ouest"}]},{"@type":"WebSite","@id":"https:\/\/vaillancourtea.com\/#website","url":"https:\/\/vaillancourtea.com\/","name":"Vaillancourt et Ass. | Courtier immobilier Laval - Rive-Nord","description":"","publisher":{"@id":"https:\/\/vaillancourtea.com\/#organization"},"potentialAction":[{"@type":"SearchAction","target":{"@type":"EntryPoint","urlTemplate":"https:\/\/vaillancourtea.com\/?s={search_term_string}"},"query-input":{"@type":"PropertyValueSpecification","valueRequired":true,"valueName":"search_term_string"}}],"inLanguage":"en-US"},{"@type":"Organization","@id":"https:\/\/vaillancourtea.com\/#organization","name":"Chantal Vaillancourt, Courtier immobilier r\u00e9sidentiel","url":"https:\/\/vaillancourtea.com\/","logo":{"@type":"ImageObject","inLanguage":"en-US","@id":"https:\/\/vaillancourtea.com\/#\/schema\/logo\/image\/","url":"https:\/\/vaillancourtea.com\/files\/2018\/11\/RP_Logo.png","contentUrl":"https:\/\/vaillancourtea.com\/files\/2018\/11\/RP_Logo.png","width":168,"height":63,"caption":"Chantal Vaillancourt, Courtier immobilier r\u00e9sidentiel"},"image":{"@id":"https:\/\/vaillancourtea.com\/#\/schema\/logo\/image\/"}},{"@type":"Person","@id":"https:\/\/vaillancourtea.com\/#\/schema\/person\/836f70fcb3e5ac822dbb9b822579c752","name":"Chantal Vaillancourt","image":{"@type":"ImageObject","inLanguage":"en-US","@id":"https:\/\/vaillancourtea.com\/#\/schema\/person\/image\/","url":"http:\/\/pvaillancourt.com\/files\/2015\/06\/Chantal-Vaillancourt_avatar_1435006367-96x96.jpg","contentUrl":"http:\/\/pvaillancourt.com\/files\/2015\/06\/Chantal-Vaillancourt_avatar_1435006367-96x96.jpg","caption":"Chantal Vaillancourt"},"description":"Chantal is passionate about her neighborhood. She is always looking to discover new hidden treasures in her area and to share them with others.","url":"https:\/\/vaillancourtea.com\/en\/author\/chantal\/"}]}},"_links":{"self":[{"href":"https:\/\/vaillancourtea.com\/en\/wp-json\/wp\/v2\/posts\/4565","targetHints":{"allow":["GET"]}}],"collection":[{"href":"https:\/\/vaillancourtea.com\/en\/wp-json\/wp\/v2\/posts"}],"about":[{"href":"https:\/\/vaillancourtea.com\/en\/wp-json\/wp\/v2\/types\/post"}],"author":[{"embeddable":true,"href":"https:\/\/vaillancourtea.com\/en\/wp-json\/wp\/v2\/users\/1091"}],"replies":[{"embeddable":true,"href":"https:\/\/vaillancourtea.com\/en\/wp-json\/wp\/v2\/comments?post=4565"}],"version-history":[{"count":1,"href":"https:\/\/vaillancourtea.com\/en\/wp-json\/wp\/v2\/posts\/4565\/revisions"}],"predecessor-version":[{"id":4733,"href":"https:\/\/vaillancourtea.com\/en\/wp-json\/wp\/v2\/posts\/4565\/revisions\/4733"}],"wp:attachment":[{"href":"https:\/\/vaillancourtea.com\/en\/wp-json\/wp\/v2\/media?parent=4565"}],"wp:term":[{"taxonomy":"category","embeddable":true,"href":"https:\/\/vaillancourtea.com\/en\/wp-json\/wp\/v2\/categories?post=4565"},{"taxonomy":"post_tag","embeddable":true,"href":"https:\/\/vaillancourtea.com\/en\/wp-json\/wp\/v2\/tags?post=4565"}],"curies":[{"name":"wp","href":"https:\/\/api.w.org\/{rel}","templated":true}]}}