{"id":357,"date":"2021-03-30T14:25:21","date_gmt":"2021-03-30T18:25:21","guid":{"rendered":"http:\/\/icilavallaurentides.com\/?p=357"},"modified":"2022-06-27T12:09:08","modified_gmt":"2022-06-27T16:09:08","slug":"jai-teste-ma-cabane-a-la-maison","status":"publish","type":"post","link":"https:\/\/vaillancourtea.com\/en\/ici-laval-laurentides\/jai-teste-ma-cabane-a-la-maison\/","title":{"rendered":"J&#8217;ai test\u00e9 &#8220;Ma cabane \u00e0 la maison&#8221; !"},"content":{"rendered":"\n<p><\/p>\n\n\n\n<figure class=\"wp-block-embed is-type-video is-provider-youtube wp-block-embed-youtube wp-embed-aspect-16-9 wp-has-aspect-ratio\"><div class=\"wp-block-embed__wrapper\">\n<iframe loading=\"lazy\" title=\"J&#039;ai test\u00e9 &quot;Ma cabane \u00e0 la maison&quot;\" width=\"500\" height=\"281\" src=\"https:\/\/www.youtube.com\/embed\/YfedWDcrhvo?feature=oembed\" frameborder=\"0\" allow=\"accelerometer; autoplay; clipboard-write; encrypted-media; gyroscope; picture-in-picture; web-share\" referrerpolicy=\"strict-origin-when-cross-origin\" allowfullscreen><\/iframe>\n<\/div><\/figure>\n\n\n\n<p>En ce temps des sucres qu\u00e9b\u00e9cois, j\u2019ai eu envie de tester les fameuses bo\u00eetes gourmandes de l\u2019initiative <a href=\"https:\/\/www.macabanealamaison.com\/\"><strong>Ma cabane \u00e0 la maison<\/strong><\/a>, non seulement pour encourager les ac\u00e9riculteurs locaux, mais aussi pour mettre un peu de sucr\u00e9 dans ce confinement plut\u00f4t moche et redondant.<\/p>\n\n\n\n<ul class=\"wp-block-list\"><li><strong>Ma cabane \u00e0 la maison<\/strong>, c\u2019est quoi?<\/li><\/ul>\n\n\n\n<p>C\u2019est vraiment un mouvement solidaire pour soutenir et sauver les producteurs d\u2019\u00e9rable du Qu\u00e9bec qui ne l\u2019ont pas eue facile avec la pand\u00e9mie. St\u00e9phanie Laurin, pr\u00e9sidente de l\u2019Association des cabanes \u00e0 sucre du Qu\u00e9bec et copropri\u00e9taire du Chalet des \u00e9rables explique qu\u2019il s\u2019agit en fait d\u2019une id\u00e9e \u00ab[permettant] aux Qu\u00e9b\u00e9cois de vivre la saison des sucres dans le confort de leur foyer<a href=\"#_ftn1\">[1]<\/a>\u00bb. Du g\u00e9nie, quoi!<\/p>\n\n\n\n<div class=\"wp-block-image\"><figure class=\"aligncenter size-large is-resized\"><img loading=\"lazy\" decoding=\"async\" src=\"https:\/\/vaillancourtea.com\/files\/2021\/03\/ma-cabane-a-la-maison-1.jpg\" alt=\"Ma cabane \u00e0 la maison\" class=\"wp-image-359\" width=\"315\" height=\"310\" srcset=\"https:\/\/vaillancourtea.com\/files\/2021\/03\/ma-cabane-a-la-maison-1.jpg 595w, https:\/\/vaillancourtea.com\/files\/2021\/03\/ma-cabane-a-la-maison-1-300x295.jpg 300w\" sizes=\"auto, (max-width: 315px) 100vw, 315px\" \/><\/figure><\/div>\n\n\n\n<ul class=\"wp-block-list\"><li>Comment \u00e7a fonctionne?<\/li><\/ul>\n\n\n\n<p>C\u2019est tr\u00e8s simple. Il suffit d\u2019aller sur le site internet de <strong>Ma cabane \u00e0 la maison<\/strong> et de cliquer sur l\u2019onglet <em>Choisir ma cabane<\/em>. Vous n\u2019avez qu\u2019\u00e0 suivre les indications pour commander \u00e0 la cabane \u00e0 sucre de votre choix. Vous pouvez entre autres vous servir de l\u2019outil <em>Me g\u00e9olocaliser<\/em> pour trouver la cabane \u00e0 sucre la plus pr\u00e8s de chez vous. Une fois votre cabane s\u00e9lectionn\u00e9e, vous pourrez consulter les modes de livraison propos\u00e9s, ainsi que la date et l\u2019heure \u00e0 laquelle vous d\u00e9sirez r\u00e9cup\u00e9rer votre commande. Les \u00e9piceries partenaires <a href=\"https:\/\/www.metro.ca\/recettes-et-occasions\/occasions-speciales\/menu-cabane-a-sucre\"><strong>Metro<\/strong><\/a> collaborent avec l\u2019initiative <strong>Ma cabane \u00e0 la maison<\/strong> et sont en fait un point de cueillette pour les bo\u00eetes-repas. &nbsp;De quoi les rendre encore plus accessibles. Ensuite, vous pourrez consulter le menu et choisir une bo\u00eete-repas \u00e0 votre go\u00fbt. Les choix peuvent diff\u00e9rer selon les cabanes \u00e0 sucre. Il y a \u00e9galement certains \u00e9tablissements qui proposent des produits de l\u2019\u00e9rable, cadeaux et confiseries que vous pouvez ajouter \u00e0 votre panier si le c\u0153ur (ou l\u2019estomac) vous en dit! (C\u2019est d\u2019ailleurs le cas pour <em>Le Bistro La Dent Sucr\u00e9e<\/em> \u00e0 Saint-Eustache, cabane sur laquelle j\u2019ai arr\u00eat\u00e9 mon choix.) Lorsque vous avez termin\u00e9, il ne reste plus qu\u2019\u00e0 payer et patienter jusqu\u2019au moment d\u2019aller chercher votre d\u00e9licieuse commande.<\/p>\n\n\n\n<p>En prime, un spectacle virtuel est inclus dans votre commande! Il est diffus\u00e9 via la plateforme <em>Boucane en direct<\/em>. C\u2019est vraiment une exp\u00e9rience de cabane \u00e0 sucre comme si vous y \u00e9tiez. Vous serez dans l\u2019ambiance, tout en \u00e9tant confortables, chez vous. Une joyeuse id\u00e9e, bien pens\u00e9e!<\/p>\n\n\n\n<ul class=\"wp-block-list\"><li>Mon verdict du <a href=\"https:\/\/www.lamagiedelapomme.com\/bistro-la-dent-sucree\/\"><em>Bistro La Dent Sucr\u00e9e<\/em><\/a> de Saint-Eustache&nbsp;:<\/li><\/ul>\n\n\n\n<p>\u00c7a vaut vraiment la peine! On a \u00e9t\u00e9 plus que satisfaits. La nourriture est bonne et les portions sont g\u00e9n\u00e9reuses. Le concert est un beau petit plus qui accompagne super bien le repas. Je vous le conseille au moins une fois cette saison, pour supporter les cabanes \u00e0 sucre du Qu\u00e9bec, mais plus particuli\u00e8rement celles de notre belle r\u00e9gion. Il y a des cabanes participantes \u00e0 Saint-Eustache, Laval et les environs. Allez les encourager!<\/p>\n\n\n\n<div class=\"wp-block-image\"><figure class=\"aligncenter size-large is-resized\"><img loading=\"lazy\" decoding=\"async\" src=\"https:\/\/vaillancourtea.com\/files\/2021\/03\/bistro-la-dent-sucree-1.png\" alt=\"Bistro La Dent Sucr\u00e9e, Saint-Eustache\" class=\"wp-image-360\" width=\"340\" height=\"369\" srcset=\"https:\/\/vaillancourtea.com\/files\/2021\/03\/bistro-la-dent-sucree-1.png 520w, https:\/\/vaillancourtea.com\/files\/2021\/03\/bistro-la-dent-sucree-1-277x300.png 277w\" sizes=\"auto, (max-width: 340px) 100vw, 340px\" \/><figcaption>Cr\u00e9dit photo: Bistro La Dent Sucr\u00e9e<\/figcaption><\/figure><\/div>\n\n\n\n<ul class=\"wp-block-list\"><li>2 petits conseils pour rendre votre exp\u00e9rience encore plus agr\u00e9able&nbsp;:<ul><li>Allez chercher votre commande une journ\u00e9e avant le moment o\u00f9 vous d\u00e9sirez la manger. Comme tout est congel\u00e9, les aliments auront le temps de d\u00e9geler au r\u00e9frig\u00e9rateur dans les 24 heures avant votre d\u00e9gustation.<\/li><li>Allouez-vous 30 minutes la journ\u00e9e-m\u00eame pour r\u00e9chauffer les aliments et mettre la table.<\/li><\/ul><\/li><\/ul>\n\n\n\n<ul class=\"wp-block-list\"><li>Mes suggestions pour profiter au maximum de <strong>Ma cabane \u00e0 la maison&nbsp;<\/strong>:<ul><li>D\u00e9gustez votre repas de cabane pour souper! Vous passerez une belle soir\u00e9e avec le spectacle traditionnel en trame de fond.<\/li><li>Offrez une bo\u00eete-repas \u00e0 des proches. Famille et amis se r\u00e9galeront de tous ces petits plats. Un peu de sucr\u00e9 sur le pas de la porte&nbsp;: une attention qui fait chaud au c\u0153ur.<\/li><li>Organisez un souper virtuel avec votre famille en mangeant votre repas chacun de votre c\u00f4t\u00e9 de l\u2019\u00e9cran. Un doux moment rassembl\u00e9 en famille\u2026 Presque que comme si vous \u00e9tiez tous coll\u00e9s sur un bon vieux banc de bois, avec la grande table et la nappe \u00e0 carreaux!<\/li><\/ul><\/li><\/ul>\n\n\n\n<div class=\"wp-block-image\"><figure class=\"aligncenter size-large is-resized\"><img loading=\"lazy\" decoding=\"async\" src=\"https:\/\/vaillancourtea.com\/files\/2021\/03\/ma-cabane-a-la-maison2-lacroix-1.jpg\" alt=\"Ma cabane \u00e0 la maison, Cidrerie Lacroix, Saint-Joseph-du-Lac\" class=\"wp-image-361\" width=\"596\" height=\"397\" srcset=\"https:\/\/vaillancourtea.com\/files\/2021\/03\/ma-cabane-a-la-maison2-lacroix-1.jpg 900w, https:\/\/vaillancourtea.com\/files\/2021\/03\/ma-cabane-a-la-maison2-lacroix-1-300x200.jpg 300w, https:\/\/vaillancourtea.com\/files\/2021\/03\/ma-cabane-a-la-maison2-lacroix-1-768x512.jpg 768w\" sizes=\"auto, (max-width: 596px) 100vw, 596px\" \/><figcaption>Cr\u00e9dit photo: Cidrerie Lacroix<\/figcaption><\/figure><\/div>\n\n\n\n<div class=\"wp-block-image\"><figure class=\"aligncenter size-large is-resized\"><img loading=\"lazy\" decoding=\"async\" src=\"https:\/\/vaillancourtea.com\/files\/2021\/03\/ma-cabane-a-la-maison3-constantin-1.jpg\" alt=\"Ma cabane \u00e0 la maison, Cabane \u00e0 sucre Constantin, Saint-Eustache\" class=\"wp-image-362\" width=\"548\" height=\"547\" srcset=\"https:\/\/vaillancourtea.com\/files\/2021\/03\/ma-cabane-a-la-maison3-constantin-1.jpg 642w, https:\/\/vaillancourtea.com\/files\/2021\/03\/ma-cabane-a-la-maison3-constantin-1-300x300.jpg 300w, https:\/\/vaillancourtea.com\/files\/2021\/03\/ma-cabane-a-la-maison3-constantin-1-150x150.jpg 150w\" sizes=\"auto, (max-width: 548px) 100vw, 548px\" \/><figcaption>Cr\u00e9dit photo: Cabane \u00e0 sucre Constantin<\/figcaption><\/figure><\/div>\n\n\n\n<p>Le confinement, oui c\u2019est long, mais heureusement qu\u2019il existe toutes sortes d\u2019initiatives comme <strong>Ma cabane \u00e0 la maison <\/strong>pour encourager local et sentir qu\u2019on peut encore profiter des d\u00e9lices de la vie en vivant plein de superbes exp\u00e9riences gustatives!<\/p>\n\n\n\n<p><\/p>\n\n\n\n<p><a href=\"#_ftnref1\">[1]<\/a> https:\/\/www.macabanealamaison.com\/la-petite-histoire<\/p>\n","protected":false},"excerpt":{"rendered":"<p>En ce temps des sucres qu\u00e9b\u00e9cois, j\u2019ai eu envie de tester les fameuses bo\u00eetes gourmandes de l\u2019initiative Ma cabane \u00e0 la maison, non seulement pour encourager les ac\u00e9riculteurs locaux, mais aussi pour mettre un peu de sucr\u00e9 dans ce confinement plut\u00f4t moche et redondant. Ma cabane \u00e0 la maison, c\u2019est quoi? C\u2019est vraiment un mouvement [&hellip;]<\/p>\n","protected":false},"author":1091,"featured_media":0,"comment_status":"closed","ping_status":"open","sticky":false,"template":"","format":"standard","meta":{"_acf_changed":false,"footnotes":""},"categories":[179,174,180,177],"tags":[],"class_list":["post-357","post","type-post","status-publish","format-standard","hentry","category-commerces","category-ici-laval-laurentides","category-restaurants","category-vie-de-quartier"],"acf":[],"yoast_head":"<!-- This site is optimized with the Yoast SEO plugin v26.7 - https:\/\/yoast.com\/wordpress\/plugins\/seo\/ -->\n<title>J&#039;ai test\u00e9 &quot;Ma cabane \u00e0 la maison&quot; ! | Vaillancourt et Ass. | Courtier immobilier Laval - Rive-Nord<\/title>\n<meta name=\"robots\" content=\"index, follow, max-snippet:-1, max-image-preview:large, max-video-preview:-1\" \/>\n<link rel=\"canonical\" href=\"https:\/\/vaillancourtea.com\/en\/ici-laval-laurentides\/jai-teste-ma-cabane-a-la-maison\/\" \/>\n<meta property=\"og:locale\" content=\"en_US\" \/>\n<meta property=\"og:type\" content=\"article\" \/>\n<meta property=\"og:title\" content=\"J&#039;ai test\u00e9 &quot;Ma cabane \u00e0 la maison&quot; ! | Vaillancourt et Ass. | Courtier immobilier Laval - Rive-Nord\" \/>\n<meta property=\"og:description\" content=\"En ce temps des sucres qu\u00e9b\u00e9cois, j\u2019ai eu envie de tester les fameuses bo\u00eetes gourmandes de l\u2019initiative Ma cabane \u00e0 la maison, non seulement pour encourager les ac\u00e9riculteurs locaux, mais aussi pour mettre un peu de sucr\u00e9 dans ce confinement plut\u00f4t moche et redondant. Ma cabane \u00e0 la maison, c\u2019est quoi? C\u2019est vraiment un mouvement [&hellip;]\" \/>\n<meta property=\"og:url\" content=\"https:\/\/vaillancourtea.com\/en\/ici-laval-laurentides\/jai-teste-ma-cabane-a-la-maison\/\" \/>\n<meta property=\"og:site_name\" content=\"Vaillancourt et Ass. | Courtier immobilier Laval - Rive-Nord\" \/>\n<meta property=\"article:published_time\" content=\"2021-03-30T18:25:21+00:00\" \/>\n<meta property=\"article:modified_time\" content=\"2022-06-27T16:09:08+00:00\" \/>\n<meta property=\"og:image\" content=\"https:\/\/vaillancourtea.com\/files\/2021\/03\/ma-cabane-a-la-maison-1.jpg\" \/>\n<meta name=\"author\" content=\"Chantal Vaillancourt\" \/>\n<meta name=\"twitter:card\" content=\"summary_large_image\" \/>\n<meta name=\"twitter:label1\" content=\"Written by\" \/>\n\t<meta name=\"twitter:data1\" content=\"Chantal Vaillancourt\" \/>\n\t<meta name=\"twitter:label2\" content=\"Est. reading time\" \/>\n\t<meta name=\"twitter:data2\" content=\"4 minutes\" \/>\n<script type=\"application\/ld+json\" class=\"yoast-schema-graph\">{\"@context\":\"https:\/\/schema.org\",\"@graph\":[{\"@type\":\"Article\",\"@id\":\"https:\/\/vaillancourtea.com\/en\/ici-laval-laurentides\/jai-teste-ma-cabane-a-la-maison\/#article\",\"isPartOf\":{\"@id\":\"https:\/\/vaillancourtea.com\/en\/ici-laval-laurentides\/jai-teste-ma-cabane-a-la-maison\/\"},\"author\":{\"name\":\"Chantal Vaillancourt\",\"@id\":\"https:\/\/vaillancourtea.com\/#\/schema\/person\/836f70fcb3e5ac822dbb9b822579c752\"},\"headline\":\"J&#8217;ai test\u00e9 &#8220;Ma cabane \u00e0 la maison&#8221; !\",\"datePublished\":\"2021-03-30T18:25:21+00:00\",\"dateModified\":\"2022-06-27T16:09:08+00:00\",\"mainEntityOfPage\":{\"@id\":\"https:\/\/vaillancourtea.com\/en\/ici-laval-laurentides\/jai-teste-ma-cabane-a-la-maison\/\"},\"wordCount\":777,\"publisher\":{\"@id\":\"https:\/\/vaillancourtea.com\/#organization\"},\"image\":{\"@id\":\"https:\/\/vaillancourtea.com\/en\/ici-laval-laurentides\/jai-teste-ma-cabane-a-la-maison\/#primaryimage\"},\"thumbnailUrl\":\"https:\/\/vaillancourtea.com\/files\/2021\/03\/ma-cabane-a-la-maison-1.jpg\",\"articleSection\":[\"Commerces\",\"\",\"Restaurants\",\"Vie de quartier\"],\"inLanguage\":\"en-US\"},{\"@type\":\"WebPage\",\"@id\":\"https:\/\/vaillancourtea.com\/en\/ici-laval-laurentides\/jai-teste-ma-cabane-a-la-maison\/\",\"url\":\"https:\/\/vaillancourtea.com\/en\/ici-laval-laurentides\/jai-teste-ma-cabane-a-la-maison\/\",\"name\":\"J'ai test\u00e9 \\\"Ma cabane \u00e0 la maison\\\" ! | Vaillancourt et Ass. | Courtier immobilier Laval - Rive-Nord\",\"isPartOf\":{\"@id\":\"https:\/\/vaillancourtea.com\/#website\"},\"primaryImageOfPage\":{\"@id\":\"https:\/\/vaillancourtea.com\/en\/ici-laval-laurentides\/jai-teste-ma-cabane-a-la-maison\/#primaryimage\"},\"image\":{\"@id\":\"https:\/\/vaillancourtea.com\/en\/ici-laval-laurentides\/jai-teste-ma-cabane-a-la-maison\/#primaryimage\"},\"thumbnailUrl\":\"https:\/\/vaillancourtea.com\/files\/2021\/03\/ma-cabane-a-la-maison-1.jpg\",\"datePublished\":\"2021-03-30T18:25:21+00:00\",\"dateModified\":\"2022-06-27T16:09:08+00:00\",\"breadcrumb\":{\"@id\":\"https:\/\/vaillancourtea.com\/en\/ici-laval-laurentides\/jai-teste-ma-cabane-a-la-maison\/#breadcrumb\"},\"inLanguage\":\"en-US\",\"potentialAction\":[{\"@type\":\"ReadAction\",\"target\":[\"https:\/\/vaillancourtea.com\/en\/ici-laval-laurentides\/jai-teste-ma-cabane-a-la-maison\/\"]}]},{\"@type\":\"ImageObject\",\"inLanguage\":\"en-US\",\"@id\":\"https:\/\/vaillancourtea.com\/en\/ici-laval-laurentides\/jai-teste-ma-cabane-a-la-maison\/#primaryimage\",\"url\":\"https:\/\/vaillancourtea.com\/files\/2021\/03\/ma-cabane-a-la-maison-1.jpg\",\"contentUrl\":\"https:\/\/vaillancourtea.com\/files\/2021\/03\/ma-cabane-a-la-maison-1.jpg\"},{\"@type\":\"BreadcrumbList\",\"@id\":\"https:\/\/vaillancourtea.com\/en\/ici-laval-laurentides\/jai-teste-ma-cabane-a-la-maison\/#breadcrumb\",\"itemListElement\":[{\"@type\":\"ListItem\",\"position\":1,\"name\":\"Accueil\",\"item\":\"https:\/\/vaillancourtea.com\/\"},{\"@type\":\"ListItem\",\"position\":2,\"name\":\"J&#8217;ai test\u00e9 &#8220;Ma cabane \u00e0 la maison&#8221; !\"}]},{\"@type\":\"WebSite\",\"@id\":\"https:\/\/vaillancourtea.com\/#website\",\"url\":\"https:\/\/vaillancourtea.com\/\",\"name\":\"Vaillancourt et Ass. | Courtier immobilier Laval - Rive-Nord\",\"description\":\"\",\"publisher\":{\"@id\":\"https:\/\/vaillancourtea.com\/#organization\"},\"potentialAction\":[{\"@type\":\"SearchAction\",\"target\":{\"@type\":\"EntryPoint\",\"urlTemplate\":\"https:\/\/vaillancourtea.com\/?s={search_term_string}\"},\"query-input\":{\"@type\":\"PropertyValueSpecification\",\"valueRequired\":true,\"valueName\":\"search_term_string\"}}],\"inLanguage\":\"en-US\"},{\"@type\":\"Organization\",\"@id\":\"https:\/\/vaillancourtea.com\/#organization\",\"name\":\"Chantal Vaillancourt, Courtier immobilier r\u00e9sidentiel\",\"url\":\"https:\/\/vaillancourtea.com\/\",\"logo\":{\"@type\":\"ImageObject\",\"inLanguage\":\"en-US\",\"@id\":\"https:\/\/vaillancourtea.com\/#\/schema\/logo\/image\/\",\"url\":\"https:\/\/vaillancourtea.com\/files\/2018\/11\/RP_Logo.png\",\"contentUrl\":\"https:\/\/vaillancourtea.com\/files\/2018\/11\/RP_Logo.png\",\"width\":168,\"height\":63,\"caption\":\"Chantal Vaillancourt, Courtier immobilier r\u00e9sidentiel\"},\"image\":{\"@id\":\"https:\/\/vaillancourtea.com\/#\/schema\/logo\/image\/\"}},{\"@type\":\"Person\",\"@id\":\"https:\/\/vaillancourtea.com\/#\/schema\/person\/836f70fcb3e5ac822dbb9b822579c752\",\"name\":\"Chantal Vaillancourt\",\"image\":{\"@type\":\"ImageObject\",\"inLanguage\":\"en-US\",\"@id\":\"https:\/\/vaillancourtea.com\/#\/schema\/person\/image\/\",\"url\":\"http:\/\/pvaillancourt.com\/files\/2015\/06\/Chantal-Vaillancourt_avatar_1435006367-96x96.jpg\",\"contentUrl\":\"http:\/\/pvaillancourt.com\/files\/2015\/06\/Chantal-Vaillancourt_avatar_1435006367-96x96.jpg\",\"caption\":\"Chantal Vaillancourt\"},\"description\":\"Chantal is passionate about her neighborhood. She is always looking to discover new hidden treasures in her area and to share them with others.\",\"url\":\"https:\/\/vaillancourtea.com\/en\/author\/chantal\/\"}]}<\/script>\n<!-- \/ Yoast SEO plugin. -->","yoast_head_json":{"title":"J'ai test\u00e9 \"Ma cabane \u00e0 la maison\" ! | Vaillancourt et Ass. | Courtier immobilier Laval - Rive-Nord","robots":{"index":"index","follow":"follow","max-snippet":"max-snippet:-1","max-image-preview":"max-image-preview:large","max-video-preview":"max-video-preview:-1"},"canonical":"https:\/\/vaillancourtea.com\/en\/ici-laval-laurentides\/jai-teste-ma-cabane-a-la-maison\/","og_locale":"en_US","og_type":"article","og_title":"J'ai test\u00e9 \"Ma cabane \u00e0 la maison\" ! | Vaillancourt et Ass. | Courtier immobilier Laval - Rive-Nord","og_description":"En ce temps des sucres qu\u00e9b\u00e9cois, j\u2019ai eu envie de tester les fameuses bo\u00eetes gourmandes de l\u2019initiative Ma cabane \u00e0 la maison, non seulement pour encourager les ac\u00e9riculteurs locaux, mais aussi pour mettre un peu de sucr\u00e9 dans ce confinement plut\u00f4t moche et redondant. Ma cabane \u00e0 la maison, c\u2019est quoi? C\u2019est vraiment un mouvement [&hellip;]","og_url":"https:\/\/vaillancourtea.com\/en\/ici-laval-laurentides\/jai-teste-ma-cabane-a-la-maison\/","og_site_name":"Vaillancourt et Ass. | Courtier immobilier Laval - Rive-Nord","article_published_time":"2021-03-30T18:25:21+00:00","article_modified_time":"2022-06-27T16:09:08+00:00","og_image":[{"url":"https:\/\/vaillancourtea.com\/files\/2021\/03\/ma-cabane-a-la-maison-1.jpg","type":"","width":"","height":""}],"author":"Chantal Vaillancourt","twitter_card":"summary_large_image","twitter_misc":{"Written by":"Chantal Vaillancourt","Est. reading time":"4 minutes"},"schema":{"@context":"https:\/\/schema.org","@graph":[{"@type":"Article","@id":"https:\/\/vaillancourtea.com\/en\/ici-laval-laurentides\/jai-teste-ma-cabane-a-la-maison\/#article","isPartOf":{"@id":"https:\/\/vaillancourtea.com\/en\/ici-laval-laurentides\/jai-teste-ma-cabane-a-la-maison\/"},"author":{"name":"Chantal Vaillancourt","@id":"https:\/\/vaillancourtea.com\/#\/schema\/person\/836f70fcb3e5ac822dbb9b822579c752"},"headline":"J&#8217;ai test\u00e9 &#8220;Ma cabane \u00e0 la maison&#8221; !","datePublished":"2021-03-30T18:25:21+00:00","dateModified":"2022-06-27T16:09:08+00:00","mainEntityOfPage":{"@id":"https:\/\/vaillancourtea.com\/en\/ici-laval-laurentides\/jai-teste-ma-cabane-a-la-maison\/"},"wordCount":777,"publisher":{"@id":"https:\/\/vaillancourtea.com\/#organization"},"image":{"@id":"https:\/\/vaillancourtea.com\/en\/ici-laval-laurentides\/jai-teste-ma-cabane-a-la-maison\/#primaryimage"},"thumbnailUrl":"https:\/\/vaillancourtea.com\/files\/2021\/03\/ma-cabane-a-la-maison-1.jpg","articleSection":["Commerces","","Restaurants","Vie de quartier"],"inLanguage":"en-US"},{"@type":"WebPage","@id":"https:\/\/vaillancourtea.com\/en\/ici-laval-laurentides\/jai-teste-ma-cabane-a-la-maison\/","url":"https:\/\/vaillancourtea.com\/en\/ici-laval-laurentides\/jai-teste-ma-cabane-a-la-maison\/","name":"J'ai test\u00e9 \"Ma cabane \u00e0 la maison\" ! | Vaillancourt et Ass. | Courtier immobilier Laval - Rive-Nord","isPartOf":{"@id":"https:\/\/vaillancourtea.com\/#website"},"primaryImageOfPage":{"@id":"https:\/\/vaillancourtea.com\/en\/ici-laval-laurentides\/jai-teste-ma-cabane-a-la-maison\/#primaryimage"},"image":{"@id":"https:\/\/vaillancourtea.com\/en\/ici-laval-laurentides\/jai-teste-ma-cabane-a-la-maison\/#primaryimage"},"thumbnailUrl":"https:\/\/vaillancourtea.com\/files\/2021\/03\/ma-cabane-a-la-maison-1.jpg","datePublished":"2021-03-30T18:25:21+00:00","dateModified":"2022-06-27T16:09:08+00:00","breadcrumb":{"@id":"https:\/\/vaillancourtea.com\/en\/ici-laval-laurentides\/jai-teste-ma-cabane-a-la-maison\/#breadcrumb"},"inLanguage":"en-US","potentialAction":[{"@type":"ReadAction","target":["https:\/\/vaillancourtea.com\/en\/ici-laval-laurentides\/jai-teste-ma-cabane-a-la-maison\/"]}]},{"@type":"ImageObject","inLanguage":"en-US","@id":"https:\/\/vaillancourtea.com\/en\/ici-laval-laurentides\/jai-teste-ma-cabane-a-la-maison\/#primaryimage","url":"https:\/\/vaillancourtea.com\/files\/2021\/03\/ma-cabane-a-la-maison-1.jpg","contentUrl":"https:\/\/vaillancourtea.com\/files\/2021\/03\/ma-cabane-a-la-maison-1.jpg"},{"@type":"BreadcrumbList","@id":"https:\/\/vaillancourtea.com\/en\/ici-laval-laurentides\/jai-teste-ma-cabane-a-la-maison\/#breadcrumb","itemListElement":[{"@type":"ListItem","position":1,"name":"Accueil","item":"https:\/\/vaillancourtea.com\/"},{"@type":"ListItem","position":2,"name":"J&#8217;ai test\u00e9 &#8220;Ma cabane \u00e0 la maison&#8221; !"}]},{"@type":"WebSite","@id":"https:\/\/vaillancourtea.com\/#website","url":"https:\/\/vaillancourtea.com\/","name":"Vaillancourt et Ass. | Courtier immobilier Laval - Rive-Nord","description":"","publisher":{"@id":"https:\/\/vaillancourtea.com\/#organization"},"potentialAction":[{"@type":"SearchAction","target":{"@type":"EntryPoint","urlTemplate":"https:\/\/vaillancourtea.com\/?s={search_term_string}"},"query-input":{"@type":"PropertyValueSpecification","valueRequired":true,"valueName":"search_term_string"}}],"inLanguage":"en-US"},{"@type":"Organization","@id":"https:\/\/vaillancourtea.com\/#organization","name":"Chantal Vaillancourt, Courtier immobilier r\u00e9sidentiel","url":"https:\/\/vaillancourtea.com\/","logo":{"@type":"ImageObject","inLanguage":"en-US","@id":"https:\/\/vaillancourtea.com\/#\/schema\/logo\/image\/","url":"https:\/\/vaillancourtea.com\/files\/2018\/11\/RP_Logo.png","contentUrl":"https:\/\/vaillancourtea.com\/files\/2018\/11\/RP_Logo.png","width":168,"height":63,"caption":"Chantal Vaillancourt, Courtier immobilier r\u00e9sidentiel"},"image":{"@id":"https:\/\/vaillancourtea.com\/#\/schema\/logo\/image\/"}},{"@type":"Person","@id":"https:\/\/vaillancourtea.com\/#\/schema\/person\/836f70fcb3e5ac822dbb9b822579c752","name":"Chantal Vaillancourt","image":{"@type":"ImageObject","inLanguage":"en-US","@id":"https:\/\/vaillancourtea.com\/#\/schema\/person\/image\/","url":"http:\/\/pvaillancourt.com\/files\/2015\/06\/Chantal-Vaillancourt_avatar_1435006367-96x96.jpg","contentUrl":"http:\/\/pvaillancourt.com\/files\/2015\/06\/Chantal-Vaillancourt_avatar_1435006367-96x96.jpg","caption":"Chantal Vaillancourt"},"description":"Chantal is passionate about her neighborhood. She is always looking to discover new hidden treasures in her area and to share them with others.","url":"https:\/\/vaillancourtea.com\/en\/author\/chantal\/"}]}},"_links":{"self":[{"href":"https:\/\/vaillancourtea.com\/en\/wp-json\/wp\/v2\/posts\/357","targetHints":{"allow":["GET"]}}],"collection":[{"href":"https:\/\/vaillancourtea.com\/en\/wp-json\/wp\/v2\/posts"}],"about":[{"href":"https:\/\/vaillancourtea.com\/en\/wp-json\/wp\/v2\/types\/post"}],"author":[{"embeddable":true,"href":"https:\/\/vaillancourtea.com\/en\/wp-json\/wp\/v2\/users\/1091"}],"replies":[{"embeddable":true,"href":"https:\/\/vaillancourtea.com\/en\/wp-json\/wp\/v2\/comments?post=357"}],"version-history":[{"count":1,"href":"https:\/\/vaillancourtea.com\/en\/wp-json\/wp\/v2\/posts\/357\/revisions"}],"predecessor-version":[{"id":4721,"href":"https:\/\/vaillancourtea.com\/en\/wp-json\/wp\/v2\/posts\/357\/revisions\/4721"}],"wp:attachment":[{"href":"https:\/\/vaillancourtea.com\/en\/wp-json\/wp\/v2\/media?parent=357"}],"wp:term":[{"taxonomy":"category","embeddable":true,"href":"https:\/\/vaillancourtea.com\/en\/wp-json\/wp\/v2\/categories?post=357"},{"taxonomy":"post_tag","embeddable":true,"href":"https:\/\/vaillancourtea.com\/en\/wp-json\/wp\/v2\/tags?post=357"}],"curies":[{"name":"wp","href":"https:\/\/api.w.org\/{rel}","templated":true}]}}